

{"id":41967,"date":"2022-07-16T08:57:38","date_gmt":"2022-07-16T11:57:38","guid":{"rendered":"http:\/\/portalfloresnoar.com\/floresnoar\/?p=41967"},"modified":"2022-07-16T08:57:38","modified_gmt":"2022-07-16T11:57:38","slug":"noticias-site-reune-obras-do-artista-lula-cortes","status":"publish","type":"post","link":"https:\/\/portalfloresnoar.com\/floresnoar\/noticias-site-reune-obras-do-artista-lula-cortes\/","title":{"rendered":"[NOT\u00cdCIAS] Site re\u00fane obras do artista Lula C\u00f4rtes"},"content":{"rendered":"<figure id=\"attachment_41968\" aria-describedby=\"caption-attachment-41968\" style=\"width: 648px\" class=\"wp-caption aligncenter\"><img decoding=\"async\" loading=\"lazy\" class=\"wp-image-41968 \" src=\"http:\/\/portalfloresnoar.com\/floresnoar\/wp-content\/uploads\/2022\/07\/lula-cortes-foto-flora-pimentel-divulgacao-700x466.jpg\" alt=\"\" width=\"648\" height=\"432\" srcset=\"https:\/\/portalfloresnoar.com\/floresnoar\/wp-content\/uploads\/2022\/07\/lula-cortes-foto-flora-pimentel-divulgacao-700x466.jpg 700w, https:\/\/portalfloresnoar.com\/floresnoar\/wp-content\/uploads\/2022\/07\/lula-cortes-foto-flora-pimentel-divulgacao-300x200.jpg 300w, https:\/\/portalfloresnoar.com\/floresnoar\/wp-content\/uploads\/2022\/07\/lula-cortes-foto-flora-pimentel-divulgacao-768x512.jpg 768w, https:\/\/portalfloresnoar.com\/floresnoar\/wp-content\/uploads\/2022\/07\/lula-cortes-foto-flora-pimentel-divulgacao.jpg 1222w\" sizes=\"(max-width: 648px) 100vw, 648px\" \/><figcaption id=\"caption-attachment-41968\" class=\"wp-caption-text\">Foto: Flora Pimentel\/Divulga\u00e7\u00e3o<\/figcaption><\/figure>\n<p>Muita gente n\u00e3o sabe, mas o bruxo e pirata Lula C\u00f4rtes, al\u00e9m de cantor, compositor, poeta e instrumentista, era tamb\u00e9m artista visual. E a novidade \u00e9 que est\u00e1 no ar o site <a href=\"https:\/\/lulacortes.com\/\" target=\"_blank\" rel=\"noopener\">lulacortes.com<\/a> , plataforma digital que re\u00fane a obra visual dele!<\/p>\n<p>Al\u00e9m do mapeamento das obras no \u00e2mbito das artes visuais, o site tamb\u00e9m re\u00fane biografia, entrevistas, discografia e registros audiovisuais sobre e a partir do trabalho do artista, e, ainda, ensaios cr\u00edticos e pdfs de pesquisas acad\u00eamicas e refer\u00eancias bibliogr\u00e1ficas que tecem reflex\u00f5es sobre a produ\u00e7\u00e3o de Lula C\u00f4rtes, o movimento Udigrudi, a psicodelia nordestina e temas afins.<\/p>\n<figure id=\"attachment_41971\" aria-describedby=\"caption-attachment-41971\" style=\"width: 350px\" class=\"wp-caption alignleft\"><img decoding=\"async\" loading=\"lazy\" class=\"wp-image-41971\" src=\"http:\/\/portalfloresnoar.com\/floresnoar\/wp-content\/uploads\/2022\/07\/IMG_8293_lula-cortes_-projeto-atipicos.jpg\" alt=\"\" width=\"350\" height=\"296\" srcset=\"https:\/\/portalfloresnoar.com\/floresnoar\/wp-content\/uploads\/2022\/07\/IMG_8293_lula-cortes_-projeto-atipicos.jpg 690w, https:\/\/portalfloresnoar.com\/floresnoar\/wp-content\/uploads\/2022\/07\/IMG_8293_lula-cortes_-projeto-atipicos-300x253.jpg 300w\" sizes=\"(max-width: 350px) 100vw, 350px\" \/><figcaption id=\"caption-attachment-41971\" class=\"wp-caption-text\">Pintura de Lula C\u00f4rtes, publicada na Galeria do site www.lulacortes.com<\/figcaption><\/figure>\n<p>O site \u00e9 resultado do projeto de pesquisa At\u00edpicos, realizado entre 2020 e 2022, pela <a href=\"https:\/\/www.instagram.com\/redelulacortex\/\" target=\"_blank\" rel=\"noopener\">Rede Lula C\u00f3rtex<\/a>, com apoio do Fundo de Incentivo \u00e0 Cultura do Estado de Pernambuco \u2013 Funcultura\/PE. O projeto buscou valorizar a mem\u00f3ria imag\u00e9tica de Lula C\u00f4rtes, fomentando pesquisas, di\u00e1logos e registros do conjunto de pinturas e desenhos produzidos pelo artista.<\/p>\n<p>Um grupo de pesquisadoras mapeou, por meio de registro fotogr\u00e1fico, os quadros de Lula C\u00f4rtes, atualmente pulverizados em acervos particulares. As obras analisadas encontram-se nos acervos privados de Avir Mesel C\u00f4rtes, K\u00e1tia Mesel, Alcione M\u00f3es, Nemo M\u00f3es C\u00f4rtes, Alga M\u00f3es C\u00f4rtes e Manuel Ces\u00e1rio Ferreira Pinto.<\/p>\n<p>&nbsp;<\/p>\n<p><em>Voc\u00ea tem uma pintura, gravura ou desenho de Lula C\u00f4rtes? Compartilha com o projeto!<\/em><br \/>\n<em> E s\u00f3 entrar em contato atrav\u00e9s do e-mail: redelulacortex@gmail.com<\/em><\/p>\n<p>FICHA T\u00c9CNICA DO PROJETO AT\u00cdPICOS<br \/>\nCoordenador art\u00edstico: Nemo Augusto<br \/>\nCoordenadora de pesquisa: Joanna D&#8217;arc Lima<br \/>\nPesquisadores: Karuna de Paula, Mariana Ratts e Yuri Lins<br \/>\nFot\u00f3grafo: Rennan Peixe<br \/>\nDesigner: Fl\u00e1vio Lima<br \/>\nProdu\u00e7\u00e3o: Bruna Mascaro e Karuna Sindhu<\/p>\n<p>CONTATOS<br \/>\n<strong>Instagram:<\/strong> <a href=\"https:\/\/www.instagram.com\/redelulacortex\/\" target=\"_blank\" rel=\"noopener\">@redelulacortex<\/a><br \/>\n<strong>E-mail:<\/strong>\u00a0redelulacortex@gmail.com<br \/>\n<strong>Site:\u00a0<\/strong> <a href=\"https:\/\/lulacortes.com\/\" target=\"_blank\" rel=\"noopener\">lulacortes.com<\/a><\/p>\n","protected":false},"excerpt":{"rendered":"<p>Muita gente n\u00e3o sabe, mas o bruxo e pirata Lula C\u00f4rtes, al\u00e9m de cantor, compositor, poeta e instrumentista, era tamb\u00e9m artista visual. E a novidade \u00e9 que est\u00e1 no ar o site lulacortes.com , plataforma digital que re\u00fane a obra visual dele! Al\u00e9m do mapeamento das obras no \u00e2mbito das artes visuais, o site tamb\u00e9m [&hellip;]<\/p>\n","protected":false},"author":1,"featured_media":41969,"comment_status":"open","ping_status":"open","sticky":false,"template":"","format":"standard","meta":{"om_disable_all_campaigns":false,"_monsterinsights_skip_tracking":false,"_monsterinsights_sitenote_active":false,"_monsterinsights_sitenote_note":"","_monsterinsights_sitenote_category":0,"footnotes":""},"categories":[9],"tags":[364,310,1212,31],"acf":[],"publishpress_future_action":{"enabled":false,"date":"1969-12-31 21:00:00","action":"","terms":[],"taxonomy":"","browser_timezone_offset":0},"_links":{"self":[{"href":"https:\/\/portalfloresnoar.com\/floresnoar\/wp-json\/wp\/v2\/posts\/41967"}],"collection":[{"href":"https:\/\/portalfloresnoar.com\/floresnoar\/wp-json\/wp\/v2\/posts"}],"about":[{"href":"https:\/\/portalfloresnoar.com\/floresnoar\/wp-json\/wp\/v2\/types\/post"}],"author":[{"embeddable":true,"href":"https:\/\/portalfloresnoar.com\/floresnoar\/wp-json\/wp\/v2\/users\/1"}],"replies":[{"embeddable":true,"href":"https:\/\/portalfloresnoar.com\/floresnoar\/wp-json\/wp\/v2\/comments?post=41967"}],"version-history":[{"count":0,"href":"https:\/\/portalfloresnoar.com\/floresnoar\/wp-json\/wp\/v2\/posts\/41967\/revisions"}],"wp:featuredmedia":[{"embeddable":true,"href":"https:\/\/portalfloresnoar.com\/floresnoar\/wp-json\/wp\/v2\/media\/41969"}],"wp:attachment":[{"href":"https:\/\/portalfloresnoar.com\/floresnoar\/wp-json\/wp\/v2\/media?parent=41967"}],"wp:term":[{"taxonomy":"category","embeddable":true,"href":"https:\/\/portalfloresnoar.com\/floresnoar\/wp-json\/wp\/v2\/categories?post=41967"},{"taxonomy":"post_tag","embeddable":true,"href":"https:\/\/portalfloresnoar.com\/floresnoar\/wp-json\/wp\/v2\/tags?post=41967"}],"curies":[{"name":"wp","href":"https:\/\/api.w.org\/{rel}","templated":true}]}}