

{"id":4196,"date":"2012-11-15T09:18:07","date_gmt":"2012-11-15T12:18:07","guid":{"rendered":"http:\/\/portalfloresnoar.com\/floresnoar\/?p=4196"},"modified":"2012-11-19T09:50:17","modified_gmt":"2012-11-19T12:50:17","slug":"confira-entrevista-com-marco-menelau-medico-pioneiro-na-pesquisa-dos-florais-do-nordeste","status":"publish","type":"post","link":"https:\/\/portalfloresnoar.com\/floresnoar\/confira-entrevista-com-marco-menelau-medico-pioneiro-na-pesquisa-dos-florais-do-nordeste\/","title":{"rendered":"Confira entrevista com Marco Menelau, m\u00e9dico pioneiro na pesquisa dos Florais do Nordeste"},"content":{"rendered":"<p><img decoding=\"async\" loading=\"lazy\" class=\"alignleft size-medium wp-image-4198\" title=\"marco menelau\" src=\"http:\/\/portalfloresnoar.com\/floresnoar\/wp-content\/uploads\/2012\/11\/marco-menelau-300x200.jpg\" alt=\"\" width=\"300\" height=\"200\" srcset=\"https:\/\/portalfloresnoar.com\/floresnoar\/wp-content\/uploads\/2012\/11\/marco-menelau-300x200.jpg 300w, https:\/\/portalfloresnoar.com\/floresnoar\/wp-content\/uploads\/2012\/11\/marco-menelau-150x100.jpg 150w, https:\/\/portalfloresnoar.com\/floresnoar\/wp-content\/uploads\/2012\/11\/marco-menelau.jpg 400w\" sizes=\"(max-width: 300px) 100vw, 300px\" \/>Confira a entrevista com o Doutor Marco Menelau, m\u00e9dico pioneiro na pesquisa dos Florais do Nordeste, que estar\u00e1 ministrando no Recife, nos dias 15 e 16 de dezembro, o <a href=\"http:\/\/portalfloresnoar.com\/floresnoar\/curso-de-florais-do-nordeste-dias-15-e-16-de-dezembro\/\" target=\"_blank\">curso \u201cEss\u00eancias Florais do Nordeste e a for\u00e7a qu\u00e2ntica de cura\u201d<\/a>.<\/p>\n<p><strong>O que s\u00e3o ess\u00eancias florais e como elas surgiram?<\/strong><\/p>\n<p>As ess\u00eancias florais s\u00e3o muito antigas, e remontam a s\u00e9culos atr\u00e1s. Existem relatos de uso de ess\u00eancias feitas das flores pelos ess\u00eanios, que foram um grupo de judeus, do mais alto n\u00edvel espiritual que cuidaram de Jesus Cristo em sua passagem pela Terra. Alguns autores tamb\u00e9m afirmam que o abor\u00edgenes, nativos da Austr\u00e1lia, usam as ess\u00eancias florais h\u00e1 muitas centenas de anos.<\/p>\n<p>O pioneiro na descoberta das ess\u00eancias florais na nossa era foi o m\u00e9dico ingl\u00eas o Dr. Edward Bach, que teve uma vida curta, mas bastante rica e prof\u00edcua. Ap\u00f3s sua morte aos 50 anos de idade, o Dr. Bach nos deixou um legado maravilhoso, pois foi um grande vision\u00e1rio, ao vislumbrar a verdadeira causa das doen\u00e7as que est\u00e1 no psiquismo humano. Dr. Bach criou o primeiro sistema floral de nossa era, os chamados Florais de Bach, em n\u00famero de 38 ess\u00eancias, pesquisadas nos campos da Inglaterra. As ess\u00eancias florais realizadas pelo Dr. Bach foram feitas pelo m\u00e9todo solar, que consiste na exposi\u00e7\u00e3o ao sol, das flores em uma vasilha de vidro, repleta de \u00e1gua mineral pura. Estas flores ficam expostas por um tempo de algumas horas, desde o in\u00edcio da manh\u00e3.<\/p>\n<p>O resultado \u00e9 uma bebida de alto n\u00edvel, que ser\u00e1 enriquecida de quantuns de energia sutil, carregadas de informa\u00e7\u00f5es sobre a flor e suas qualidades. A \u00e1gua deste preparado contem a mem\u00f3ria da flor, na forma de quantuns de biof\u00f3tons. Esta energia fica retida na mol\u00e9cula de \u00e1gua, e \u00e9 transmitida para o campo vital da pessoa que ingere a ess\u00eancia floral.<!--more--><\/p>\n<p>A ess\u00eancia floral atua sobre o campo vital humano, ou de qualquer ser vivo, enriquecendo-o de energia, al\u00e9m de corrigir a sua programa\u00e7\u00e3o original, corrompida pela doen\u00e7a. Com sua programa\u00e7\u00e3o perfeita, o campo vital atua sobre o corpo biol\u00f3gico, consertando todos os desequil\u00edbrios, e curando o corpo enfermo de dentro para fora, a partir do equil\u00edbrio do psiquismo e do afeto.<\/p>\n<p><strong>Como voc\u00ea explica a liga\u00e7\u00e3o existente entre a Medicina Floral e a Espiritualidade?<\/strong><\/p>\n<p>\u00c9 uma liga\u00e7\u00e3o total. O ser humano \u00e9 multidimensional. Ele n\u00e3o \u00e9 apenas um corpo biol\u00f3gico material. Ele possui diversos contextos ou realidade que se interpenetram. O ser humano \u00e9 biol\u00f3gico, social, emocional, ps\u00edquico, energ\u00e9tico e espiritual. O nosso corpo biol\u00f3gico s\u00f3 funciona e est\u00e1 vivo, por conta deste campo de energia sutil, o campo vital ou for\u00e7a vital, citado h\u00e1 muitos anos pela homeopatia. Quando uma pessoa est\u00e1 doente, antes do seu corpo estar com altera\u00e7\u00f5es, \u00e9 o campo vital que encontra-se corrompido, e desenergizado. Al\u00e9m disso, o ser humano \u00e9 uma Alma, composta de corpos sutis, que vivencia uma experi\u00eancia material, usando um corpo f\u00edsico. Os florais despertam a consci\u00eancia destes corpos superiores, ajudando a pessoa a despertar para sua natureza espiritual. Ao harmonizar o campo vital, as ess\u00eancias florais abrem as portas para que o indiv\u00edduo se conecte com sua Alma, de onde brotam as energias mais poderosas de cura. Os florais ajudam os seres humanos a se conectarem com o chamado Eu Superior que \u00e9 a ess\u00eancia Divina que habita em n\u00f3s.<\/p>\n<p><strong>Como \u00e9 o reconhecimento dessa \u00e1rea no Brasil e no mundo?<\/strong><\/p>\n<p>Estamos com um movimento crescente de ades\u00e3o de v\u00e1rios profissionais que j\u00e1 est\u00e3o conseguindo sintonizar com a medicina do futuro. Esse processo \u00e9 inevit\u00e1vel. Quero lembrar o que alguns autores dizem sobre a verdade. Que no come\u00e7o ela \u00e9 motivo de chacota, e todos riem dela. Depois, a revela\u00e7\u00e3o da verdade come\u00e7a a incomodar, e acontece uma rea\u00e7\u00e3o do \u201cstatus quo\u201d, que n\u00e3o quer mudar. Os intransigentes come\u00e7am a combater a verdade, lutando contra ela. E no terceiro est\u00e1gio finalmente ocorre a aceita\u00e7\u00e3o, e adv\u00e9m a mudan\u00e7a.<br \/>\nCada vez mais, os m\u00e9dicos est\u00e3o despertando para o fracasso da medicina tradicional em lidar com doen\u00e7as cr\u00f4nicas, sujeitando os pacientes a rem\u00e9dios caros, ineficazes e que apenas controlam a doen\u00e7a, n\u00e3o trazendo uma cura real.<\/p>\n<p>A cura verdadeira, a cura real s\u00f3 acontece quando atuamos sobre o campo vital, e tamb\u00e9m sobre a realidade espiritual do ser humano. Agir apenas sobre o corpo biol\u00f3gico, como a medicina alopata faz, \u00e9 muito pouco, n\u00e3o resolve a maioria das doen\u00e7as, e cria ainda mais problemas, atrav\u00e9s dos efeitos colaterais e o pior das \u201cdoen\u00e7as colaterais\u201d, criadas pelos rem\u00e9dios qu\u00edmicos.<\/p>\n<p><strong>Quais as doen\u00e7as tratadas atrav\u00e9s do uso das Ess\u00eancias Florais do Nordeste? <\/strong><\/p>\n<p>Advogamos que por detr\u00e1s dos sintomas diversos, existe todo um psiquismo desequilibrado, que \u00e9 a causa real das doen\u00e7as. Este psiquismo com suas perturba\u00e7\u00f5es emocionais e afetivas, precisa ser trabalhado, para que a doen\u00e7a seja realmente curada. A Psicossom\u00e1tica \u00e9 a medicina inteira!<\/p>\n<p>As ess\u00eancias florais atuam de forma contundente sobre o psiquismo, harmonizando as emo\u00e7\u00f5es, curando os sentimentos destrutivos, e equilibrando a mente, dissolvendo as cren\u00e7as negativas sobre a vida. Com uma mente mais saud\u00e1vel, teremos uma repercuss\u00e3o imediata positiva sobre o campo vital, e consequentemente sobre o corpo biol\u00f3gico. Com o uso das ess\u00eancias florais, o organismo melhora como um todo. Por este motivo, os florais devem ser usados em qualquer patologia, para tratar o paciente, devolvendo a ele o bem estar emocional e mental, para da\u00ed, ele ter mais condi\u00e7\u00f5es de se curar de sua doen\u00e7a. Os florais atuam na causa da doen\u00e7a, que \u00e9 ps\u00edquica-energ\u00e9tica-espiritual, podendo ser utilizado como coadjuvante para qualquer patologia, desde uma gripe, at\u00e9 o c\u00e2ncer.<\/p>\n<p><strong>Como voc\u00ea pensa os atuais m\u00e9todos de tratamentos de doen\u00e7as na Medicina convencional?<br \/>\n<\/strong><br \/>\nA Medicina, na maioria das vezes, mais atrapalha do que ajuda! Com muitas exce\u00e7\u00f5es, principalmente nas emerg\u00eancias, onde a medicina alopata \u00e9 imprescind\u00edvel. Temos milhares de casos de iatrogenia (doen\u00e7as causadas pelos m\u00e9dicos), que mutilam as pessoas, prejudicam org\u00e3os e at\u00e9 matam. S\u00e3o in\u00fameros os casos de rem\u00e9dios assassinos, que s\u00e3o ingeridos sem receita m\u00e9dica e sem quase nenhum controle. Infelizmente, a medicina alopata \u00e9 apenas paliativa. Ela s\u00f3 faz retirar sintomas, lutando contra a rea\u00e7\u00e3o do corpo com rem\u00e9dios qu\u00edmicos cada vez mais fortes, para simplesmente reprimir os sintomas. A medicina alopata n\u00e3o atua na causa da doen\u00e7a, e n\u00e3o trabalha para fortalecer o corpo, mas ao contr\u00e1rio, o enfraquece com rem\u00e9dios qu\u00edmicos que minam sua vitalidade.<\/p>\n<p><strong>E no caso de doen\u00e7as cr\u00f4nicas?<\/strong><\/p>\n<p>Quando lidamos com doen\u00e7as cr\u00f4nicas isso se torna ainda pior. Os rem\u00e9dios controlam os sintomas e n\u00e3o curam nada! A pessoa continua doente o resto da vida, e condenada a tomar medicamentos paliativos, para alimentar a ind\u00fastria farmac\u00eautica. A maioria dos m\u00e9dicos sequer questiona isso, e continua ad infinitum a manter o sistema. A medicina alopata desconhece as leis que regem a doen\u00e7a, e luta contra o sintoma e n\u00e3o trata de forma alguma as causas que est\u00e3o no psiquismo doente, e no campo vital deteriorado da maioria das pessoas. A alopatia \u00e9 incompleta porque atua apenas sobre a mat\u00e9ria org\u00e2nica, com drogas qu\u00edmicas, e desconhece completamente a realidade ps\u00edquica, energ\u00e9tica e espiritual do ser humano.<\/p>\n<p><strong>O que \u00e9 o rem\u00e9dio a partir desse paradigma de cura? Ele torna-se dispens\u00e1vel? Deve ser substitu\u00eddo e em que casos?<\/strong><\/p>\n<p>O rem\u00e9dio alopata deve ser utilizado nas emerg\u00eancias m\u00e9dicas. Os diversos procedimentos de suporte \u00e0 vida s\u00e3o fundamentais e v\u00e1rios medicamentos salvam in\u00fameras vidas. A Psicomedicina defende o uso da alopatia para as emerg\u00eancias, embora sabemos que diversos m\u00e9todos e rem\u00e9dios naturais s\u00e3o extremamente \u00fateis nestes momentos, e devem ser aliados imprescind\u00edveis da alopatia. Agora, a alopatia nos casos cr\u00f4nicos \u00e9 um desastre! Na maioria das vezes os rem\u00e9dios s\u00e3o dispens\u00e1veis. Os m\u00e9todos e rem\u00e9dios naturais possuem uma efic\u00e1cia muito superior \u00e0s bombas qu\u00edmicas que inundam as farm\u00e1cias alopatas. Um conjunto de procedimentos naturais e t\u00e9cnicas de cura como reiki, massoterapia, florais, homeopatia, acupuntura, fitoterapia, cura espiritual, etc, faz com que sejam prescind\u00edveis os rem\u00e9dios qu\u00edmicos que s\u00e3o perigosos e complicados. A abordagem natural, recheada de um tratamento psicol\u00f3gico, complementada pelas terapias energ\u00e9ticas como o reiki, a cura pelas m\u00e3os, a homeopatia, e as ess\u00eancias florais \u00e9 muito mais eficaz do que a alopatia que s\u00f3 faz intoxicar o paciente e reprimir o sintoma, sem curar a causa.<\/p>\n<p><strong>E os resultados, como podem ser vistos?<\/strong><\/p>\n<p>J\u00e1 obtivemos resultados extraordin\u00e1rios de melhora com c\u00e2ncer, pneumonia, asma, enxaqueca, e outras doen\u00e7as pelo uso das Ess\u00eancias Florais do Nordeste. Ao curar o psiquismo e o campo vital, temos resultados imediatos, r\u00e1pidos e que n\u00e3o causam doen\u00e7as ou efeitos colaterais. J\u00e1 tratamos asma apenas com uma conversa terap\u00eautica, j\u00e1 curamos enxaquecas severas, que n\u00e3o obtiveram nenhuma resposta com o uso de medicamentos qu\u00edmicos, com tr\u00eas meses de psicoterapia e o uso de florais. Com essa abordagem, fazemos com que a maioria dos rem\u00e9dios qu\u00edmicos sejam prescind\u00edveis.<\/p>\n<p><strong>Como criador das Ess\u00eancias Florais do Nordeste, o que voc\u00ea descobriu nessa pesquisa? <\/strong><\/p>\n<p>As ess\u00eancias florais s\u00e3o um medicamento confeccionado com flores puras do campo, expostas ao sol por algumas horas, em uma vasilha com \u00e1gua mineral pura da fonte. Os chamados biof\u00f3tons s\u00e3o formados a\u00ed, e ficam impregnados na \u00e1gua, que ser\u00e1 dilu\u00edda para fazer os medicamentos florais. Os biof\u00f3tons florais ir\u00e3o conter as informa\u00e7\u00f5es curativas que v\u00eam da Natureza, e devolvem a harmonia e equil\u00edbrio emocional, curando o corpo f\u00edsico. Os florais atuam com impacto sobre o corpo em todos os seus contextos: emocional, mental, afetivo, biol\u00f3gico, trazendo harmonia e equil\u00edbrio, que criam as condi\u00e7\u00f5es prop\u00edcias para a auto cura. Eles fortalecem o organismo, aumentando a for\u00e7a vital.<\/p>\n<p><strong>Qual deve ser a aplica\u00e7\u00e3o das ess\u00eancias florais e como \u00e9 o processo de cura de pacientes que usam florais?<\/strong><\/p>\n<p>J\u00e1 est\u00e3o sendo feitas pesquisas, inclusive como tese de doutorado com as Ess\u00eancias Florais do Nordeste. Com elas obtivemos resultados surpreendentes. Diversos outros pesquisadores j\u00e1 submeteram os florais a estudos para teses de mestrado e doutorado, comprovando cientificamente sua efic\u00e1cia. J\u00e1 utilizei os florais nas emerg\u00eancias m\u00e9dicas, e podemos observar os resultados em alguns minutos, com os pacientes melhorando de dores, n\u00e1useas, fadigas, crises hipertensivas, crises de p\u00e2nico, asma e outras doen\u00e7as. A cura dos pacientes com florais \u00e9 verificada a partir da experi\u00eancia cl\u00ednica.<\/p>\n<p><strong>Voc\u00ea \u00e9 autor do livro Psicomedicina e o Amor Paterno. Sobre o que trata o teu livro e o que ele traz de novidade no quesito das curas integrativas?<\/strong><\/p>\n<p>A obra completa de Psicomedicina consta de 12 volumes, que est\u00e3o em fase de finaliza\u00e7\u00e3o. Alguns j\u00e1 foram lan\u00e7ados. O livro Psicomedicina e o Amor Paterno \u00e9 o primeiro volume, que lan\u00e7a as bases desta nova ci\u00eancia. Este primeiro livro trata dos fundamentos da Psicomedicina, que \u00e9 aliada das Ess\u00eancias Florais na busca pela cura real do ser humano.<\/p>\n<p><strong>Os florais j\u00e1 est\u00e3o sendo utilizados no \u00e2mbito do SUS e como \u00e9 o acesso a este tipo de tratamento pelos usu\u00e1rios do sistema p\u00fablico de atendimento \u00e0 Sa\u00fade?<\/strong><\/p>\n<p>Em alguns estados, os SUS j\u00e1 adotou o uso das ess\u00eancias florais, com resultados extraordin\u00e1rios. Eu soube que recentemente, com a trag\u00e9dia de Petr\u00f3polis no Rio de Janeiro, diversos terapeutas utilizaram florais para ajudar as pessoas que passaram pelos traumas diversos, com resultados maravilhosos. Foi um trabalho grandioso e emocionante.<\/p>\n<p><strong>O uso dos florais tem alguma intera\u00e7\u00e3o com outro tipo de tratamento? A cura pode se dar com esse uso coexistindo com um tratamento convencional por exemplo?<\/strong><\/p>\n<p>Pode sim, os florais atuam num n\u00edvel diferente da atua\u00e7\u00e3o dos medicamentos qu\u00edmicos. Os tratamentos podem coexistir sem problemas. J\u00e1 tivemos diversos casos de pacientes que usam os florais e tomam inclusive medicamentos para epilepsia e esquizofrenia. Nestes casos normalmente, os pacientes t\u00eam suas doses reduzidas pelo pr\u00f3prio psiquiatra, que nem sabe que s\u00e3o os florais que est\u00e3o melhorando a sa\u00fade mental do paciente, e dando a possibilidade de redu\u00e7\u00e3o da dose.<\/p>\n<p><strong>E sobre o curso que ser\u00e1 ministrado em Recife nos dias 15 e 16 de dezembro de 2012?<\/strong><\/p>\n<p>Nesta data estar\u00e1 acontecendo o curso \u201cEss\u00eancias Florais do Nordeste e a for\u00e7a qu\u00e2ntica de cura\u201d. Que abordar\u00e1 exatamente o estudo das flores pesquisadas no agreste pernambucano. No curso, o profissional da \u00e1rea de sa\u00fade, como o m\u00e9dico, psic\u00f3logo, fisioterapeuta, enfermeiro, terapeuta hol\u00edstico encontrar\u00e1 um tesouro precioso para incrementar sua atua\u00e7\u00e3o profissional, atrav\u00e9s do uso das ess\u00eancias florais. Neste curso, o aluno ir\u00e1 aprender as indica\u00e7\u00f5es das diversas ess\u00eancias florais, tanto para as doen\u00e7as do corpo, como para os sintomas ps\u00edquicos e emocionais, al\u00e9m de compreender os mecanismos de a\u00e7\u00e3o das ess\u00eancias, \u00e0 luz da f\u00edsica qu\u00e2ntica e p\u00f3s-qu\u00e2ntica.<br \/>\nO curso ser\u00e1 nos dias 15 e 16 de dezembro de 2012, no Instituto Integrado de apoio \u00e0 Fam\u00edlia, na Av. Visconde de Suassuna, 871 no bairro de Santo Amaro, pr\u00f3ximo \u00e0 avenida Jo\u00e3o de Barros, os telefones para a realiza\u00e7\u00e3o das inscri\u00e7\u00f5es s\u00e3o (81) 97532305 (Tim), 87891786 (Oi) e 92349493 (Claro). Contato com Denize Boto.<\/p>\n<p><span style=\"color: #ffffff;\">&#8211;<\/span><br \/>\n<span style=\"color: #ffffff;\"> &#8211;<\/span><br \/>\n<script type=\"text\/javascript\">\/\/ <![CDATA[\ngoogle_ad_client = \"ca-pub-6774921656048980\"; \/* banner normal *\/ google_ad_slot = \"2987505043\"; google_ad_width = 468; google_ad_height = 60;\n\/\/ ]]><\/script><br \/>\n<script type=\"text\/javascript\" src=\"http:\/\/pagead2.googlesyndication.com\/pagead\/show_ads.js\">\/\/ <![CDATA[\n\n\n\/\/ ]]><\/script><\/p>\n","protected":false},"excerpt":{"rendered":"<p>Confira a entrevista com o Doutor Marco Menelau, m\u00e9dico pioneiro na pesquisa dos Florais do Nordeste, que estar\u00e1 ministrando no Recife, nos dias 15 e 16 de dezembro, o curso \u201cEss\u00eancias Florais do Nordeste e a for\u00e7a qu\u00e2ntica de cura\u201d. O que s\u00e3o ess\u00eancias florais e como elas surgiram? As ess\u00eancias florais s\u00e3o muito antigas, [&hellip;]<\/p>\n","protected":false},"author":1,"featured_media":4199,"comment_status":"open","ping_status":"open","sticky":false,"template":"","format":"standard","meta":{"om_disable_all_campaigns":false,"_monsterinsights_skip_tracking":false,"_monsterinsights_sitenote_active":false,"_monsterinsights_sitenote_note":"","_monsterinsights_sitenote_category":0,"footnotes":""},"categories":[11],"tags":[70],"acf":[],"publishpress_future_action":{"enabled":false,"date":"1969-12-31 21:00:00","action":"","terms":[],"taxonomy":"","browser_timezone_offset":0},"_links":{"self":[{"href":"https:\/\/portalfloresnoar.com\/floresnoar\/wp-json\/wp\/v2\/posts\/4196"}],"collection":[{"href":"https:\/\/portalfloresnoar.com\/floresnoar\/wp-json\/wp\/v2\/posts"}],"about":[{"href":"https:\/\/portalfloresnoar.com\/floresnoar\/wp-json\/wp\/v2\/types\/post"}],"author":[{"embeddable":true,"href":"https:\/\/portalfloresnoar.com\/floresnoar\/wp-json\/wp\/v2\/users\/1"}],"replies":[{"embeddable":true,"href":"https:\/\/portalfloresnoar.com\/floresnoar\/wp-json\/wp\/v2\/comments?post=4196"}],"version-history":[{"count":0,"href":"https:\/\/portalfloresnoar.com\/floresnoar\/wp-json\/wp\/v2\/posts\/4196\/revisions"}],"wp:featuredmedia":[{"embeddable":true,"href":"https:\/\/portalfloresnoar.com\/floresnoar\/wp-json\/wp\/v2\/media\/4199"}],"wp:attachment":[{"href":"https:\/\/portalfloresnoar.com\/floresnoar\/wp-json\/wp\/v2\/media?parent=4196"}],"wp:term":[{"taxonomy":"category","embeddable":true,"href":"https:\/\/portalfloresnoar.com\/floresnoar\/wp-json\/wp\/v2\/categories?post=4196"},{"taxonomy":"post_tag","embeddable":true,"href":"https:\/\/portalfloresnoar.com\/floresnoar\/wp-json\/wp\/v2\/tags?post=4196"}],"curies":[{"name":"wp","href":"https:\/\/api.w.org\/{rel}","templated":true}]}}