

{"id":4194,"date":"2012-11-02T09:29:53","date_gmt":"2012-11-02T12:29:53","guid":{"rendered":"http:\/\/portalfloresnoar.com\/floresnoar\/?p=4194"},"modified":"2014-09-24T18:35:49","modified_gmt":"2014-09-24T21:35:49","slug":"curso-de-florais-do-nordeste-dias-15-e-16-de-dezembro","status":"publish","type":"post","link":"https:\/\/portalfloresnoar.com\/floresnoar\/curso-de-florais-do-nordeste-dias-15-e-16-de-dezembro\/","title":{"rendered":"Curso de Florais do Nordeste dias 15 e 16 de dezembro"},"content":{"rendered":"<p><img decoding=\"async\" loading=\"lazy\" class=\"aligncenter size-full wp-image-4277\" title=\"florais do NE\" src=\"http:\/\/portalfloresnoar.com\/floresnoar\/wp-content\/uploads\/2012\/11\/florais-do-NE.png\" alt=\"\" width=\"463\" height=\"661\" srcset=\"https:\/\/portalfloresnoar.com\/floresnoar\/wp-content\/uploads\/2012\/11\/florais-do-NE.png 463w, https:\/\/portalfloresnoar.com\/floresnoar\/wp-content\/uploads\/2012\/11\/florais-do-NE-210x300.png 210w, https:\/\/portalfloresnoar.com\/floresnoar\/wp-content\/uploads\/2012\/11\/florais-do-NE-105x150.png 105w, https:\/\/portalfloresnoar.com\/floresnoar\/wp-content\/uploads\/2012\/11\/florais-do-NE-400x571.png 400w\" sizes=\"(max-width: 463px) 100vw, 463px\" \/><\/p>\n<p>Nos pr\u00f3ximos dias 15 e 16 de dezembro, Recife sediar\u00e1 um encontro que pretende trazer as mais recentes novidades em cura vibracional com florais. \u00c9 o curso \u201cEss\u00eancias Florais do Nordeste e a for\u00e7a qu\u00e2ntica de cura\u201d, com o m\u00e9dico pioneiro na pesquisa dos Florais do Nordeste, Marco Menelau, que abordar\u00e1 os efeitos exitosos dos rem\u00e9dios florais, um dos tratamentos de refer\u00eancia da Medicina Vibracional. O curso acontece no Instituto Integrado de Apoio \u00e0 Fam\u00edlia, em Santo Amaro, e as inscri\u00e7\u00f5es est\u00e3o abertas pelos telefones: (81) 97532305 (Tim), 87891786 (Oi) e 92349493 (Claro).<\/p>\n<p>O uso de florais para tratamento de doen\u00e7as f\u00edsicas e psicol\u00f3gicas vem chamando a aten\u00e7\u00e3o de m\u00e9dicos e psic\u00f3logos do mundo inteiro, voltados a entender a doen\u00e7a como um acontecimento resultado de dist\u00farbios ps\u00edquicos e afetivos. Em Recife, Pernambuco, o m\u00e9dico e estudioso das Ess\u00eancias Florais do Nordeste, Marco Menelau, pesquisou a atua\u00e7\u00e3o das flores do agreste pernambucano em doen\u00e7as cr\u00f4nicas e agudas, e hoje, oferece inicia\u00e7\u00e3o neste tipo de conhecimento a estudantes da \u00e1rea de Sa\u00fade, al\u00e9m de buscadores de todas as \u00e1reas. Este estudo vem aproximando a medicina da psicologia, e buscando comprova\u00e7\u00f5es para a defesa de que a sa\u00fade est\u00e1 na cura energ\u00e9tico-espiritual.<\/p>\n<p>As flores por ele estudadas, especificamente das cidades de Gravat\u00e1 e Bezerros, fazem desse m\u00e9dico homeopata, um vanguardista neste tipo de descoberta no Brasil. As ess\u00eancias por ele estudadas trariam uma maior rapidez nos resultados esperados quando aplicadas em brasileiros, do que as criadas pelo Dr. Edward Bach, m\u00e9dico ingl\u00eas criador do sistema de flores dos campos da Inglaterra. O motivo seria pelo fato de que \u201ca sabedoria sutil\u201d nela contidas teria um campo energ\u00e9tico mais adequado aos biotipos brasileiros.<\/p>\n<p>Esta aterrissagem dos conceitos da \u201cMedicina da Alma\u201d no Brasil encontraram no m\u00e9dico Marco Menelau um grande aliado. Defensor acirrado da cura end\u00f3gena, diferente da alopata, em seus cursos e livros, ele faz claramente a diferencia\u00e7\u00e3o entre os m\u00e9todos de cura qu\u00e2nticos e os alopatas. Cuidadoso com a cr\u00edtica que faz \u00e0 Medicina Convencional, ele acredita que esta Medicina Floral, que integra a chamada \u201cMedicina Qu\u00e2ntica\u201d, especialmente a que incentiva pioneiramente, e que chama de Psicomedicina, ser\u00e1 a medicina do futuro.<\/p>\n<p>Para ele, as Ess\u00eancias Florais e a Psicomedicina, s\u00e3o uma proposta de liberta\u00e7\u00e3o e n\u00e3o de depend\u00eancia. A alopatia, ao contr\u00e1rio, prende o paciente, condena-o a tomar o rem\u00e9dio para o resto de sua vida. Caso n\u00e3o fa\u00e7a isso, a doen\u00e7a pode voltar. \u201cIsto \u00e9 interessante para a ind\u00fastria da doen\u00e7a. A terapia floral, a Psicomedicina, libertam. Elas estimulam o organismo a encontrar sozinho o equil\u00edbrio que ele perdeu com a doen\u00e7a\u201d, garante o Psicom\u00e9dico.<\/p>\n<p>A vis\u00e3o geral da Medicina tradicional encontra-se na busca pelas causas externas da doen\u00e7a e elimina\u00e7\u00e3o dos sintomas sem dar ao corpo a oportunidade de se autocurar. \u00c9 o que denuncia Marco Menelau, sem pudor e com muita ousadia, em seu livro \u201cEss\u00eancias Florais do Nordeste\u201d (Editora Salto Qu\u00e2ntico, 2011). Por\u00e9m, a experi\u00eancia pr\u00e1tica com pacientes cr\u00f4nicos em sua cl\u00ednica, levou o m\u00e9dico e pesquisador e concluir que \u201ca medicina floral pode substituir os medicamentos alop\u00e1ticos em alguns casos e em outros ser\u00e1 um complemento do tratamento convencional\u201d. Mas em casos agudos, em v\u00e1rias situa\u00e7\u00f5es cl\u00ednicas por ele vivenciadas, ele atesta ter obtido resultados imediatos com a utiliza\u00e7\u00e3o das ess\u00eancias florais. \u201cNeste caso, a atua\u00e7\u00e3o de uma ess\u00eancia floral n\u00e3o \u00e9 qu\u00edmica, mas f\u00edsica. Por este motivo, ela atua quase de imediato, atrav\u00e9s da transmiss\u00e3o de campos de energia qu\u00e2ntica\u201d, explica Menelau.<\/p>\n<p>O organismo humano possui uma parte org\u00e2nica e outra energ\u00e9tica. Existe um campo de energia sutil, que muitos autores denominam de for\u00e7a vital ou campo vital rico em uma energia denominada pelos orientais de \u201cprana\u201d. \u00c9 este campo de for\u00e7as que anima a massa de mat\u00e9ria org\u00e2nica de nosso corpo humano. Sem a atua\u00e7\u00e3o deste campo, n\u00e3o existiria a vida. O campo vital est\u00e1 entrela\u00e7ado com cada c\u00e9lula e tecido do corpo, fazendo com que se realize nele uma programa\u00e7\u00e3o vital, pelo processamento de informa\u00e7\u00f5es.<\/p>\n<p>S\u00e3o estas informa\u00e7\u00f5es que \u201censinam\u201d as c\u00e9lulas a funcionar em harmonia, mantendo o corpo vivo e saud\u00e1vel. A doen\u00e7a \u00e9 o resultado da deteriora\u00e7\u00e3o deste campo vital, que fica empobrecido de energia pr\u00e2nica, ou com sua programa\u00e7\u00e3o deteriorada ou truncada. \u201cO corpo doente \u00e9 como um grande computador com seu software deteriorado, corrompido\u201d, analisa.<\/p>\n<p>As ess\u00eancias florais ir\u00e3o devolver ao campo vital as informa\u00e7\u00f5es perdidas, fazendo com que a for\u00e7a vital volte a funcionar de forma perfeita. Muito estudo e muito conhecimento adv\u00eam desse tipo de Medicina, a das ess\u00eancias florais. Mas muito ainda precisa ser explicado. Apesar da pesquisa nesta \u00e1rea estar ainda no come\u00e7o, j\u00e1 existem diversos estudos comprobat\u00f3rios iniciados e alguns at\u00e9 conclu\u00eddos sobre a efic\u00e1cia dos florais em patologia f\u00edsicas e mentais.<\/p>\n<p>As teses e pesquisas buscam comprovar que os florais n\u00e3o s\u00e3o placebo e para isto, foram aplicados em camundongos numa das teses de doutorado sobre o assunto. Segundo o m\u00e9dico, em estudos realizados em camundongos, as Ess\u00eancias Florais do Nordeste melhoraram significativamente o estado geral de todos os animais, enquanto o grupo que n\u00e3o recebeu as ess\u00eancias permaneceu inalterado. \u201cEm animais como esses, o efeito placebo n\u00e3o pode existir\u201d, atesta.<\/p>\n<p>A conclus\u00e3o do trabalho cient\u00edfico da Universidade do Sul de Santa Catarina, faz um importante registro a favor dos florais. No resumo final, o documento afirma que os rem\u00e9dios florais s\u00e3o reconhecidos como tratamento natural pela OMS desde 1976. E que, embora o mecanismo de a\u00e7\u00e3o n\u00e3o tenha sido elucidado, os rem\u00e9dios florais v\u00eam sendo indicados para o tratamento de v\u00e1rias doen\u00e7as neuropsiqui\u00e1tricas.<\/p>\n<p>Uma Medicina Espiritual?<\/p>\n<p>Como um rem\u00e9dio floral atua sobre a doen\u00e7a, qual o princ\u00edpio origin\u00e1rio da cura? S\u00e3o muitas as perguntas para se entender a a\u00e7\u00e3o das ess\u00eancias florais frente a uma patologia, seja emocional, espiritual, psicol\u00f3gica ou f\u00edsica propriamente. O fato \u00e9 que, atualmente, milhares de m\u00e9dicos, psic\u00f3logos, fisioterapeutas, dentistas, enfermeiros, terapeutas e outros profissionais se encantam com os resultados exitosos da medicina floral. A experi\u00eancia cl\u00ednica do uso dos florais vem sendo verificada por esses profissionais que come\u00e7am a indicar o uso de florais at\u00e9 dentro de sistemas historicamente r\u00edgidos. No SUS, o tratamento com Florais vem sendo implantado em postos de sa\u00fade, assim como o Reiki, a Acupuntura, a Homeopatia.<\/p>\n<p>Mas existe sim explica\u00e7\u00e3o, e ela se inspira na F\u00edsica Qu\u00e2ntica, a f\u00edsica que explica o Universo infinitamente pequeno! \u201cAs ess\u00eancias florais utilizam o princ\u00edpio da energiza\u00e7\u00e3o por quantuns de luz, que gravam na estrutura molecular da \u00e1gua, a mem\u00f3ria da flor\u201d. \u201cEsta mem\u00f3ria cont\u00e9m informa\u00e7\u00f5es da Natureza que encontram resson\u00e2ncia com o que existe dentro de nosso corpo humano!\u201d \u201cO campo vital deteriorado pela doen\u00e7a, perdeu parte das informa\u00e7\u00f5es para funcionar em sa\u00fade, e os florais recomp\u00f5em esta programa\u00e7\u00e3o perdida. \u00c9 como um computador com seu sistema operacional corrompido, que recebe uma formata\u00e7\u00e3o e a inser\u00e7\u00e3o de um novo programa, novinho em folha!\u201d \u201cAs ess\u00eancias florais energizam o campo vital do corpo humano, energizando-o com vibra\u00e7\u00f5es harm\u00f4nicas de sentimentos elevados, que revelam as virtudes da Alma como o Amor, o Perd\u00e3o, a Compaix\u00e3o, a Bondade e outros sentimentos sublimes\u201d, \u00e9 o que explica o m\u00e9dico que vem aprofundando seus estudos h\u00e1 mais quinze anos. \u201cEste holograma qu\u00e2ntico de luz que \u00e9 a ess\u00eancia floral ser\u00e1 atuante no ser humano na promo\u00e7\u00e3o do equil\u00edbrio pleno da fisiologia\u201d, complementa. Estaria a\u00ed a fundamenta\u00e7\u00e3o desse m\u00e9todo de tratamento. Ele n\u00e3o atua sobre a qu\u00edmica do corpo, de forma alguma! Ele age sobre o campo vital, e reverbera sobre o psiquismo, harmonizando as emo\u00e7\u00f5es e sentimentos, e consertando as cren\u00e7as mentais negativas. As ess\u00eancias ajudam o paciente a se equilibrar a partir de uma conex\u00e3o plena com sua pr\u00f3pria Alma, e por isso, \u00e9 considerada uma \u201cMedicina Espiritual\u201d.<\/p>\n<p>http:\/\/floraisdonordeste.blogspot.com.br\/<\/p>\n<h4><a href=\"http:\/\/portalfloresnoar.com\/floresnoar\/confira-entrevista-com-marco-menelau-medico-pioneiro-na-pesquisa-dos-florais-do-nordeste\/\" target=\"_blank\">CONFIRA ENTREVISTA COM MARCO MENELAU!<\/a><\/h4>\n<p><span style=\"color: #ffffff;\">&#8211;<\/span><br \/>\n<span style=\"color: #ffffff;\"> &#8211;<\/span><br \/>\n<script type=\"text\/javascript\">\/\/ <![CDATA[\ngoogle_ad_client = \"ca-pub-6774921656048980\"; \/* banner normal *\/ google_ad_slot = \"2987505043\"; google_ad_width = 468; google_ad_height = 60;\n\/\/ ]]><\/script><br \/>\n<script type=\"text\/javascript\" src=\"http:\/\/pagead2.googlesyndication.com\/pagead\/show_ads.js\">\/\/ <![CDATA[\n\n\n\/\/ ]]><\/script><\/p>\n","protected":false},"excerpt":{"rendered":"<p>Nos pr\u00f3ximos dias 15 e 16 de dezembro, Recife sediar\u00e1 um encontro que pretende trazer as mais recentes novidades em cura vibracional com florais. \u00c9 o curso \u201cEss\u00eancias Florais do Nordeste e a for\u00e7a qu\u00e2ntica de cura\u201d, com o m\u00e9dico pioneiro na pesquisa dos Florais do Nordeste, Marco Menelau, que abordar\u00e1 os efeitos exitosos dos [&hellip;]<\/p>\n","protected":false},"author":1,"featured_media":4195,"comment_status":"open","ping_status":"open","sticky":false,"template":"","format":"standard","meta":{"om_disable_all_campaigns":false,"_monsterinsights_skip_tracking":false,"_monsterinsights_sitenote_active":false,"_monsterinsights_sitenote_note":"","_monsterinsights_sitenote_category":0,"footnotes":""},"categories":[8,214],"tags":[],"acf":[],"publishpress_future_action":{"enabled":false,"date":"1969-12-31 21:00:00","action":"","terms":[],"taxonomy":"","browser_timezone_offset":0},"_links":{"self":[{"href":"https:\/\/portalfloresnoar.com\/floresnoar\/wp-json\/wp\/v2\/posts\/4194"}],"collection":[{"href":"https:\/\/portalfloresnoar.com\/floresnoar\/wp-json\/wp\/v2\/posts"}],"about":[{"href":"https:\/\/portalfloresnoar.com\/floresnoar\/wp-json\/wp\/v2\/types\/post"}],"author":[{"embeddable":true,"href":"https:\/\/portalfloresnoar.com\/floresnoar\/wp-json\/wp\/v2\/users\/1"}],"replies":[{"embeddable":true,"href":"https:\/\/portalfloresnoar.com\/floresnoar\/wp-json\/wp\/v2\/comments?post=4194"}],"version-history":[{"count":0,"href":"https:\/\/portalfloresnoar.com\/floresnoar\/wp-json\/wp\/v2\/posts\/4194\/revisions"}],"wp:featuredmedia":[{"embeddable":true,"href":"https:\/\/portalfloresnoar.com\/floresnoar\/wp-json\/wp\/v2\/media\/4195"}],"wp:attachment":[{"href":"https:\/\/portalfloresnoar.com\/floresnoar\/wp-json\/wp\/v2\/media?parent=4194"}],"wp:term":[{"taxonomy":"category","embeddable":true,"href":"https:\/\/portalfloresnoar.com\/floresnoar\/wp-json\/wp\/v2\/categories?post=4194"},{"taxonomy":"post_tag","embeddable":true,"href":"https:\/\/portalfloresnoar.com\/floresnoar\/wp-json\/wp\/v2\/tags?post=4194"}],"curies":[{"name":"wp","href":"https:\/\/api.w.org\/{rel}","templated":true}]}}