

{"id":41935,"date":"2022-02-11T09:41:12","date_gmt":"2022-02-11T12:41:12","guid":{"rendered":"http:\/\/portalfloresnoar.com\/floresnoar\/?p=41935"},"modified":"2022-07-25T09:53:19","modified_gmt":"2022-07-25T12:53:19","slug":"agenda-pe-mini-retiro-pausa-para-seguir-dia-2307-no-recife","status":"publish","type":"post","link":"https:\/\/portalfloresnoar.com\/floresnoar\/agenda-pe-mini-retiro-pausa-para-seguir-dia-2307-no-recife\/","title":{"rendered":"[AGENDA PE] Mini retiro &#8216;Pausa para Seguir&#8217;, dia 23\/07, no Recife"},"content":{"rendered":"<p><img decoding=\"async\" loading=\"lazy\" class=\"aligncenter wp-image-41936 \" src=\"http:\/\/portalfloresnoar.com\/floresnoar\/wp-content\/uploads\/2022\/07\/retiro-no-recife-julho-2022-700x587.jpeg\" alt=\"\" width=\"501\" height=\"420\" srcset=\"https:\/\/portalfloresnoar.com\/floresnoar\/wp-content\/uploads\/2022\/07\/retiro-no-recife-julho-2022-700x587.jpeg 700w, https:\/\/portalfloresnoar.com\/floresnoar\/wp-content\/uploads\/2022\/07\/retiro-no-recife-julho-2022-300x251.jpeg 300w, https:\/\/portalfloresnoar.com\/floresnoar\/wp-content\/uploads\/2022\/07\/retiro-no-recife-julho-2022-768x644.jpeg 768w, https:\/\/portalfloresnoar.com\/floresnoar\/wp-content\/uploads\/2022\/07\/retiro-no-recife-julho-2022.jpeg 940w\" sizes=\"(max-width: 501px) 100vw, 501px\" \/><\/p>\n<p>O terapeuta Ronaldo Silva conduz, no dia 23 de julho de 2022 (s\u00e1bado), o mini retiro &#8216;Pausa para Seguir \u2013 Ciclo das \u00c1guas&#8217;, com o prop\u00f3sito de estimular o autocuidado, atrav\u00e9s de pr\u00e1ticas corporais, ensinamentos, limpeza energ\u00e9tica e medita\u00e7\u00e3o. O encontro ser\u00e1 das 14h \u00e0s 18h,\u00a0no Espa\u00e7o Equilibre \u2013 Pr\u00e1ticas Integrativas, localizado no bairro das Gra\u00e7as, no Recife.<\/p>\n<p>&#8220;Nesse momento da hist\u00f3ria da humanidade \u00e9 fundamental que estejamos cada vez mais presentes e conscientes do nosso papel no mundo. Para tanto, fortalecer o nosso espa\u00e7o interno \u00e9 uma prioridade.\u00a0No Inverno, estamos no per\u00edodo das \u00e1guas, tempo bom para perceber nosso corpo emocional e harmoniz\u00e1-lo. Lembremos sempre que o\u00a0nosso bem-estar \u00e9 o nosso maior patrim\u00f4nio!&#8221;, conta Ronaldo, acrescentando que o retiro\u00a0\u00e9 voltado para pessoas que desejam criar um espa\u00e7o para o autocuidado em sua rotina.<\/p>\n<p><a href=\"https:\/\/www.instagram.com\/_ronaldosilva8\/\" target=\"_blank\" rel=\"noopener\">Ronaldo Silva<\/a> \u00e9 psicanalista espiritualista, tar\u00f3logo e terapeuta energ\u00e9tico. Desde 1994, se exercita em v\u00e1rias pr\u00e1ticas meditativas e espirituais.<\/p>\n<p><strong>PROGRAMA\u00c7\u00c3O<\/strong><br \/>\n14h \u2013 Recep\u00e7\u00e3o e boas-vindas<br \/>\n14h15 \u2013 Pr\u00e1tica integrativa corporal (ancoramento)<br \/>\n14h30 \u2013 Corpo emocional na perspectiva da Alquimia Consciencial \u00e0 luz do Tarot<br \/>\n15h \u2013 Limpeza energ\u00e9tica com o aux\u00edlio do Access Consciousness e Desprograma\u00e7\u00e3o NeuroBiol\u00f3gica<br \/>\n15h30 \u2013 Intervalo Lanche<br \/>\n15h45 \u2013 Medita\u00e7\u00e3o silenciosa<br \/>\n16h \u2013 Mergulhando nas \u00e1guas internas (corpo emocional harmonioso)<br \/>\n16h30 \u2013 Olhando o Espa\u00e7o Interno como templo vivo<br \/>\n17h \u2013 Fortalecimento e expans\u00e3o de sua for\u00e7a interior<br \/>\n17h30 \u2013 Partilha e encerramento<\/p>\n<p>SERVI\u00c7O<br \/>\n<strong>Mini retiro &#8216; Pausa para Seguir \u2013 Ciclo das \u00c1guas&#8217;<\/strong><br \/>\n<strong>Data:<\/strong> 23\/07\/2022 (S\u00e1bado)<br \/>\n<strong>Hor\u00e1rio:<\/strong> Das 14h \u00e0s 18h<br \/>\n<strong>Local:<\/strong>\u00a0Espa\u00e7o Equilibre \u2013 Pr\u00e1ticas Integrativas: Rua An\u00edbal Falc\u00e3o, 151, Gra\u00e7as, Recife\/PE<br \/>\n<strong>Investimento:<\/strong>\u00a0R$ 200,00 [Pix: 36374342453 (CPF)]<\/p>\n<p><strong>MAIS INFORMA\u00c7\u00d5ES<\/strong><br \/>\nWhatsApp: (81) 995036966 (Ronaldo)<\/p>\n","protected":false},"excerpt":{"rendered":"<p>O terapeuta Ronaldo Silva conduz, no dia 23 de julho de 2022 (s\u00e1bado), o mini retiro &#8216;Pausa para Seguir \u2013 Ciclo das \u00c1guas&#8217;, com o prop\u00f3sito de estimular o autocuidado, atrav\u00e9s de pr\u00e1ticas corporais, ensinamentos, limpeza energ\u00e9tica e medita\u00e7\u00e3o. O encontro ser\u00e1 das 14h \u00e0s 18h,\u00a0no Espa\u00e7o Equilibre \u2013 Pr\u00e1ticas Integrativas, localizado no bairro das [&hellip;]<\/p>\n","protected":false},"author":1,"featured_media":41937,"comment_status":"open","ping_status":"open","sticky":false,"template":"","format":"standard","meta":{"om_disable_all_campaigns":false,"_monsterinsights_skip_tracking":false,"_monsterinsights_sitenote_active":false,"_monsterinsights_sitenote_note":"","_monsterinsights_sitenote_category":0,"footnotes":""},"categories":[8,214],"tags":[136,315,551],"acf":[],"publishpress_future_action":{"enabled":false,"date":"1969-12-31 21:00:00","action":"","terms":[],"taxonomy":"","browser_timezone_offset":0},"_links":{"self":[{"href":"https:\/\/portalfloresnoar.com\/floresnoar\/wp-json\/wp\/v2\/posts\/41935"}],"collection":[{"href":"https:\/\/portalfloresnoar.com\/floresnoar\/wp-json\/wp\/v2\/posts"}],"about":[{"href":"https:\/\/portalfloresnoar.com\/floresnoar\/wp-json\/wp\/v2\/types\/post"}],"author":[{"embeddable":true,"href":"https:\/\/portalfloresnoar.com\/floresnoar\/wp-json\/wp\/v2\/users\/1"}],"replies":[{"embeddable":true,"href":"https:\/\/portalfloresnoar.com\/floresnoar\/wp-json\/wp\/v2\/comments?post=41935"}],"version-history":[{"count":0,"href":"https:\/\/portalfloresnoar.com\/floresnoar\/wp-json\/wp\/v2\/posts\/41935\/revisions"}],"wp:featuredmedia":[{"embeddable":true,"href":"https:\/\/portalfloresnoar.com\/floresnoar\/wp-json\/wp\/v2\/media\/41937"}],"wp:attachment":[{"href":"https:\/\/portalfloresnoar.com\/floresnoar\/wp-json\/wp\/v2\/media?parent=41935"}],"wp:term":[{"taxonomy":"category","embeddable":true,"href":"https:\/\/portalfloresnoar.com\/floresnoar\/wp-json\/wp\/v2\/categories?post=41935"},{"taxonomy":"post_tag","embeddable":true,"href":"https:\/\/portalfloresnoar.com\/floresnoar\/wp-json\/wp\/v2\/tags?post=41935"}],"curies":[{"name":"wp","href":"https:\/\/api.w.org\/{rel}","templated":true}]}}