

{"id":41931,"date":"2022-02-14T04:18:52","date_gmt":"2022-02-14T07:18:52","guid":{"rendered":"http:\/\/portalfloresnoar.com\/floresnoar\/?p=41931"},"modified":"2022-07-20T17:44:34","modified_gmt":"2022-07-20T20:44:34","slug":"agenda-circulo-on-line-de-estudo-e-arteterapia-com-o-livro-mulheres-que-correm-com-os-lobos-dia-1907","status":"publish","type":"post","link":"https:\/\/portalfloresnoar.com\/floresnoar\/agenda-circulo-on-line-de-estudo-e-arteterapia-com-o-livro-mulheres-que-correm-com-os-lobos-dia-1907\/","title":{"rendered":"[AGENDA] C\u00edrculo On-line de Estudo e Arteterapia com o livro \u2018Mulheres que correm com os lobos\u2019, dia 19\/07"},"content":{"rendered":"<p><img decoding=\"async\" loading=\"lazy\" class=\"aligncenter wp-image-41933 \" src=\"http:\/\/portalfloresnoar.com\/floresnoar\/wp-content\/uploads\/2022\/07\/mulheres-que-correm-com-os-lobos-online-_-700x700.jpg\" alt=\"\" width=\"584\" height=\"584\" srcset=\"https:\/\/portalfloresnoar.com\/floresnoar\/wp-content\/uploads\/2022\/07\/mulheres-que-correm-com-os-lobos-online-_-700x700.jpg 700w, https:\/\/portalfloresnoar.com\/floresnoar\/wp-content\/uploads\/2022\/07\/mulheres-que-correm-com-os-lobos-online-_-150x150.jpg 150w, https:\/\/portalfloresnoar.com\/floresnoar\/wp-content\/uploads\/2022\/07\/mulheres-que-correm-com-os-lobos-online-_-300x300.jpg 300w, https:\/\/portalfloresnoar.com\/floresnoar\/wp-content\/uploads\/2022\/07\/mulheres-que-correm-com-os-lobos-online-_-768x768.jpg 768w, https:\/\/portalfloresnoar.com\/floresnoar\/wp-content\/uploads\/2022\/07\/mulheres-que-correm-com-os-lobos-online-_-100x100.jpg 100w, https:\/\/portalfloresnoar.com\/floresnoar\/wp-content\/uploads\/2022\/07\/mulheres-que-correm-com-os-lobos-online-_.jpg 1080w\" sizes=\"(max-width: 584px) 100vw, 584px\" \/><\/p>\n<p>As arteterapeutas Morgana Maria e Paula Acinete est\u00e3o conduzindo um \u2018C\u00edrculo de Estudo e Arteterapia com o livro Mulheres que correm com os lobos\u2019, da poeta e analista Junguiana Clarissa Pinkola Est\u00e9s. O pr\u00f3ximo encontro do c\u00edrculo ser\u00e1 no dia 19\/07 e abordar\u00e1 o cap\u00edtulo 3 do livro (\u2018Farejando os fatos: o resgate da intui\u00e7\u00e3o como inicia\u00e7\u00e3o&#8217;).<\/p>\n<p>Os encontros do grupo s\u00e3o on-line e acontecem quinzenalmente, das 20h \u00e0s 21h30. Pede-se uma contribui\u00e7\u00e3o consciente, por encontro.<\/p>\n<p>A proposta do C\u00edrculo de Estudos e Arteterapia \u00e9 que, al\u00e9m da leitura coletiva do livro, os conte\u00fados que forem surgindo para cada participante em seu processo, sejam acolhidos, utilizando recursos da Arteterapia. Funciona assim: a cada encontro, \u00e9 realizada a partilha em grupo do texto, e, em seguida, a facilita\u00e7\u00e3o da viv\u00eancia arteterap\u00eautica inspirada nos conte\u00fados do cap\u00edtulo lido.<\/p>\n<p>\u201cO livro \u2018Mulheres que correm com os lobos\u2019 prop\u00f5e um caminho entre mitos, lendas e hist\u00f3rias que trazem a for\u00e7a do arqu\u00e9tipo da mulher selvagem, que, segundo a autora, \u00e9 um poderoso caminho de reencontro e reconex\u00e3o com nossa ess\u00eancia feminina natural, podendo nos libertar de padr\u00f5es estabelecidos pela sociedade e seus diversos sistemas que geralmente oprimem a for\u00e7a da energia feminina criadora, geradora e instintiva, t\u00e3o preciosa e necess\u00e1ria para n\u00f3s\u201d, ressaltam as arteterapeutas.<\/p>\n<p>\u201cO objetivo da viv\u00eancia \u00e9 ampliar a experi\u00eancia da leitura por meio das produ\u00e7\u00f5es realizadas com os materiais expressivos* para irmos al\u00e9m da fala, e apurar a escuta, ouvindo o que nossas imagens interiores t\u00eam para nos revelar nesse percurso de volta \u00e0 Mulher Selvagem. No final do encontro, fazemos uma partilha da experi\u00eancia e das imagens produzidas. O c\u00edrculo \u00e9 um convite ao mergulho profundo para que possamos p\u00f4r em pr\u00e1tica com mais naturalidade as potencialidades da alma\u201d, explicam as facilitadoras.<\/p>\n<p>* Os materiais expressivos que ser\u00e3o utilizados na viv\u00eancia arteterap\u00eautica s\u00e3o indicados uma semana antes do encontro no grupo oficial do WhatsApp.<\/p>\n<p>FACILITADORAS<br \/>\n<strong>Morgana Maria<\/strong> \u2013 Arte-Educadora, Arteterapeuta, Terapeuta Integrativa, aprendiz Herbalista e criadora da Flor da Mata Alquimias.<\/p>\n<p><strong>Paula Acinete<\/strong> \u2013 Arteterapeuta, Terapeuta Hol\u00edstica, Facilitadora de C\u00edrculos femininos e Cuidadora de Almas femininas no Ateli\u00ea da Mente.<\/p>\n<p>SERVI\u00c7O<br \/>\n<strong>C\u00edrculo de Estudo e Arteterapia com o livro \u2018Mulheres que correm com os lobos\u2019- Cap\u00edtulo 3<\/strong><br \/>\n<strong>Pr\u00f3ximo encontro:<\/strong> 19\/07\/2022 (ter\u00e7a-feira)<br \/>\n<strong>Hora:<\/strong> Das 20h \u00e0s 21h30<br \/>\n<strong>Local:<\/strong> On-line, via Zoom<br \/>\n<strong>Valor:<\/strong> Contribui\u00e7\u00e3o consciente<\/p>\n<p><strong>INSCRI\u00c7\u00d5ES E MAIS INFORMA\u00c7\u00d5ES<\/strong><br \/>\n(81) 998253988 (WhatsApp)<\/p>\n","protected":false},"excerpt":{"rendered":"<p>As arteterapeutas Morgana Maria e Paula Acinete est\u00e3o conduzindo um \u2018C\u00edrculo de Estudo e Arteterapia com o livro Mulheres que correm com os lobos\u2019, da poeta e analista Junguiana Clarissa Pinkola Est\u00e9s. O pr\u00f3ximo encontro do c\u00edrculo ser\u00e1 no dia 19\/07 e abordar\u00e1 o cap\u00edtulo 3 do livro (\u2018Farejando os fatos: o resgate da intui\u00e7\u00e3o [&hellip;]<\/p>\n","protected":false},"author":1,"featured_media":41932,"comment_status":"open","ping_status":"open","sticky":false,"template":"","format":"standard","meta":{"om_disable_all_campaigns":false,"_monsterinsights_skip_tracking":false,"_monsterinsights_sitenote_active":false,"_monsterinsights_sitenote_note":"","_monsterinsights_sitenote_category":0,"footnotes":""},"categories":[8,214],"tags":[358,622,22,1211,477,238],"acf":[],"publishpress_future_action":{"enabled":false,"date":"1969-12-31 21:00:00","action":"","terms":[],"taxonomy":"","browser_timezone_offset":0},"_links":{"self":[{"href":"https:\/\/portalfloresnoar.com\/floresnoar\/wp-json\/wp\/v2\/posts\/41931"}],"collection":[{"href":"https:\/\/portalfloresnoar.com\/floresnoar\/wp-json\/wp\/v2\/posts"}],"about":[{"href":"https:\/\/portalfloresnoar.com\/floresnoar\/wp-json\/wp\/v2\/types\/post"}],"author":[{"embeddable":true,"href":"https:\/\/portalfloresnoar.com\/floresnoar\/wp-json\/wp\/v2\/users\/1"}],"replies":[{"embeddable":true,"href":"https:\/\/portalfloresnoar.com\/floresnoar\/wp-json\/wp\/v2\/comments?post=41931"}],"version-history":[{"count":0,"href":"https:\/\/portalfloresnoar.com\/floresnoar\/wp-json\/wp\/v2\/posts\/41931\/revisions"}],"wp:featuredmedia":[{"embeddable":true,"href":"https:\/\/portalfloresnoar.com\/floresnoar\/wp-json\/wp\/v2\/media\/41932"}],"wp:attachment":[{"href":"https:\/\/portalfloresnoar.com\/floresnoar\/wp-json\/wp\/v2\/media?parent=41931"}],"wp:term":[{"taxonomy":"category","embeddable":true,"href":"https:\/\/portalfloresnoar.com\/floresnoar\/wp-json\/wp\/v2\/categories?post=41931"},{"taxonomy":"post_tag","embeddable":true,"href":"https:\/\/portalfloresnoar.com\/floresnoar\/wp-json\/wp\/v2\/tags?post=41931"}],"curies":[{"name":"wp","href":"https:\/\/api.w.org\/{rel}","templated":true}]}}