

{"id":41927,"date":"2022-07-08T20:28:49","date_gmt":"2022-07-08T23:28:49","guid":{"rendered":"http:\/\/portalfloresnoar.com\/floresnoar\/?p=41927"},"modified":"2022-07-08T20:28:49","modified_gmt":"2022-07-08T23:28:49","slug":"noticias-pesquisa-reune-material-audiovisual-sobre-sonhos-para-realizacao-de-filme","status":"publish","type":"post","link":"https:\/\/portalfloresnoar.com\/floresnoar\/noticias-pesquisa-reune-material-audiovisual-sobre-sonhos-para-realizacao-de-filme\/","title":{"rendered":"[NOT\u00cdCIAS] Pesquisa re\u00fane material audiovisual sobre sonhos para realiza\u00e7\u00e3o de filme"},"content":{"rendered":"<p><img decoding=\"async\" loading=\"lazy\" class=\"aligncenter wp-image-41929 \" src=\"http:\/\/portalfloresnoar.com\/floresnoar\/wp-content\/uploads\/2022\/07\/sonhos-doc-604x700.jpeg\" alt=\"\" width=\"480\" height=\"556\" srcset=\"https:\/\/portalfloresnoar.com\/floresnoar\/wp-content\/uploads\/2022\/07\/sonhos-doc.jpeg 604w, https:\/\/portalfloresnoar.com\/floresnoar\/wp-content\/uploads\/2022\/07\/sonhos-doc-259x300.jpeg 259w\" sizes=\"(max-width: 480px) 100vw, 480px\" \/><\/p>\n<p>Atrav\u00e9s de relatos de sonhos e materiais audiovisuais relacionados a eles, a Mirac\u00e9u Audiovisual e o Canal Futura\u00a0 ir\u00e3o produzir um document\u00e1rio reunindo diferentes viv\u00eancias e perspectivas a partir do universo dos sonhos, destacando suas hist\u00f3rias e narrativas poss\u00edveis.<\/p>\n<p>O projeto tem dire\u00e7\u00e3o do cineasta pernambucano\u00a0<a href=\"https:\/\/www.instagram.com\/gabrcoelho\/\" target=\"_blank\" rel=\"noopener\">Gabriel Co\u00ealho<\/a>, que ir\u00e1 compilar o material e construir, a partir dele, um filme.<\/p>\n<p>Quem quiser fazer parte do projeto, basta preencher o formul\u00e1rio,\u00a0dispon\u00edvel neste link: <a href=\"https:\/\/docs.google.com\/forms\/d\/e\/1FAIpQLSdcOKvkGMfA93do18aqm4o2EikLj5OR54aOqdCmQLbnTX98_A\/viewform\" target=\"_blank\" rel=\"noopener\">https:\/\/docs.google.com\/forms\/d\/e\/1FAIpQLSdcOKvkGMfA93do18aqm4o2EikLj5OR54aOqdCmQLbnTX98_A\/viewform<\/a><\/p>\n<p><strong>MAIS INFORMA\u00c7\u00d5ES<\/strong><br \/>\n<strong>E-mail:<\/strong> miraceu.audiovisual@gmail.com<br \/>\n<strong>Instagram:<\/strong> <a href=\"https:\/\/www.instagram.com\/sonhosdoc_\/\" target=\"_blank\" rel=\"noopener\">@sonhosdoc_<\/a><\/p>\n<p>&nbsp;<\/p>\n","protected":false},"excerpt":{"rendered":"<p>Atrav\u00e9s de relatos de sonhos e materiais audiovisuais relacionados a eles, a Mirac\u00e9u Audiovisual e o Canal Futura\u00a0 ir\u00e3o produzir um document\u00e1rio reunindo diferentes viv\u00eancias e perspectivas a partir do universo dos sonhos, destacando suas hist\u00f3rias e narrativas poss\u00edveis. O projeto tem dire\u00e7\u00e3o do cineasta pernambucano\u00a0Gabriel Co\u00ealho, que ir\u00e1 compilar o material e construir, a [&hellip;]<\/p>\n","protected":false},"author":1,"featured_media":41928,"comment_status":"open","ping_status":"open","sticky":false,"template":"","format":"standard","meta":{"om_disable_all_campaigns":false,"_monsterinsights_skip_tracking":false,"_monsterinsights_sitenote_active":false,"_monsterinsights_sitenote_note":"","_monsterinsights_sitenote_category":0,"footnotes":""},"categories":[9],"tags":[121,123,746,1210,176],"acf":[],"publishpress_future_action":{"enabled":false,"date":"1969-12-31 21:00:00","action":"","terms":[],"taxonomy":"","browser_timezone_offset":0},"_links":{"self":[{"href":"https:\/\/portalfloresnoar.com\/floresnoar\/wp-json\/wp\/v2\/posts\/41927"}],"collection":[{"href":"https:\/\/portalfloresnoar.com\/floresnoar\/wp-json\/wp\/v2\/posts"}],"about":[{"href":"https:\/\/portalfloresnoar.com\/floresnoar\/wp-json\/wp\/v2\/types\/post"}],"author":[{"embeddable":true,"href":"https:\/\/portalfloresnoar.com\/floresnoar\/wp-json\/wp\/v2\/users\/1"}],"replies":[{"embeddable":true,"href":"https:\/\/portalfloresnoar.com\/floresnoar\/wp-json\/wp\/v2\/comments?post=41927"}],"version-history":[{"count":0,"href":"https:\/\/portalfloresnoar.com\/floresnoar\/wp-json\/wp\/v2\/posts\/41927\/revisions"}],"wp:featuredmedia":[{"embeddable":true,"href":"https:\/\/portalfloresnoar.com\/floresnoar\/wp-json\/wp\/v2\/media\/41928"}],"wp:attachment":[{"href":"https:\/\/portalfloresnoar.com\/floresnoar\/wp-json\/wp\/v2\/media?parent=41927"}],"wp:term":[{"taxonomy":"category","embeddable":true,"href":"https:\/\/portalfloresnoar.com\/floresnoar\/wp-json\/wp\/v2\/categories?post=41927"},{"taxonomy":"post_tag","embeddable":true,"href":"https:\/\/portalfloresnoar.com\/floresnoar\/wp-json\/wp\/v2\/tags?post=41927"}],"curies":[{"name":"wp","href":"https:\/\/api.w.org\/{rel}","templated":true}]}}