

{"id":41897,"date":"2022-02-06T05:47:59","date_gmt":"2022-02-06T08:47:59","guid":{"rendered":"http:\/\/portalfloresnoar.com\/floresnoar\/?p=41897"},"modified":"2022-08-02T21:52:53","modified_gmt":"2022-08-03T00:52:53","slug":"agenda-pe-oficina-de-alimentacao-viva-dias-29-30-e-31-de-julho-no-espaco-beija-flor","status":"publish","type":"post","link":"https:\/\/portalfloresnoar.com\/floresnoar\/agenda-pe-oficina-de-alimentacao-viva-dias-29-30-e-31-de-julho-no-espaco-beija-flor\/","title":{"rendered":"[AGENDA PE] Oficina de Alimenta\u00e7\u00e3o Viva, dias 29, 30 e 31 de julho, no Espa\u00e7o Beija-Flor"},"content":{"rendered":"<p><img decoding=\"async\" loading=\"lazy\" class=\"wp-image-41898 size-large aligncenter\" src=\"http:\/\/portalfloresnoar.com\/floresnoar\/wp-content\/uploads\/2022\/07\/oficina-de-alimentacao-viva-495x700.jpeg\" alt=\"\" width=\"495\" height=\"700\" srcset=\"https:\/\/portalfloresnoar.com\/floresnoar\/wp-content\/uploads\/2022\/07\/oficina-de-alimentacao-viva-495x700.jpeg 495w, https:\/\/portalfloresnoar.com\/floresnoar\/wp-content\/uploads\/2022\/07\/oficina-de-alimentacao-viva-212x300.jpeg 212w, https:\/\/portalfloresnoar.com\/floresnoar\/wp-content\/uploads\/2022\/07\/oficina-de-alimentacao-viva-768x1086.jpeg 768w, https:\/\/portalfloresnoar.com\/floresnoar\/wp-content\/uploads\/2022\/07\/oficina-de-alimentacao-viva.jpeg 1131w\" sizes=\"(max-width: 495px) 100vw, 495px\" \/><\/p>\n<p>O Espa\u00e7o Beija-Flor, na zona rural de Ch\u00e3 Grande, e o RAV (Regando Alimenta\u00e7\u00e3o Viva) realizam nos dias 29, 30 e 31 de julho de 2022 a &#8216;Oficina de Alimenta\u00e7\u00e3o Viva&#8217;, com <a href=\"https:\/\/www.instagram.com\/regandoalimentacao\/\" target=\"_blank\" rel=\"noopener\">Vanda Kapinaw\u00e1<\/a>.<\/p>\n<p>Na oficina as (os) participantes aprender\u00e3o na pr\u00e1tica os saberes da alimenta\u00e7\u00e3o viva e desintoxicante. &#8220;Nessa imers\u00e3o aprenderemos diversas receitas e t\u00e9cnicas da Alimenta\u00e7\u00e3o Viva, e teremos direito a refei\u00e7\u00f5es completas, desde o desjejum \u00e0 ceia&#8221;, informa Vanda.<\/p>\n<p>Est\u00e3o inclusos na oficina o preparo de:<br \/>\n* Fermentados<br \/>\n* PANCs<br \/>\n* Molhos<br \/>\n* Probi\u00f3ticos<br \/>\n* Saladas Germinadas<\/p>\n<p>Vanda Kapinaw\u00e1 \u00e9 ind\u00edgena da etnia Kapinaw\u00e1, raizeira e naturopata. Compartilha os seus saberes atrav\u00e9s de viv\u00eancias que buscam trazer \u00e0 luz a import\u00e2ncia de consumir alimentos que v\u00eam da terra de forma viva e org\u00e2nica.<\/p>\n<p>PROGRAMA\u00c7\u00c3O<\/p>\n<p><strong>Dia 29\/07 (sexta-feira)<\/strong><br \/>\n<strong>16h<\/strong> &#8211; In\u00edcio &#8211; Acolhimento e Roda de conversa: apresenta\u00e7\u00e3o do curso e participantes, orienta\u00e7\u00f5es e expectativas.<br \/>\n<strong>18h<\/strong> &#8211; Jantar &#8211; Sopa Detox ( ab\u00f3bora + gengibre)<\/p>\n<p><strong>30\/07 (s\u00e1bado)<\/strong><br \/>\nDas 6h30 \u00e0s 7h30 &#8211; Viv\u00eancia anti-estresse e prece das 7 dire\u00e7\u00f5es (opcional)<\/p>\n<p><strong>7h30 \u00e0s 9h:<\/strong><br \/>\nPreparo e consumo<br \/>\n&#8211; Suco verde<br \/>\n&#8211; Leite vegetal<br \/>\n&#8211; Creme de 3 frutas<\/p>\n<p><strong>10h \u00e0s 13h:<\/strong><br \/>\nPreparo e consumo almo\u00e7o<br \/>\n&#8211; Salada viva<br \/>\n&#8211; Salada amaciada<br \/>\n&#8211; Salada de Legumes<br \/>\n&#8211; Tabule de quinoa<br \/>\n&#8211; Farofa se sementes<br \/>\n&#8211; Molhos<\/p>\n<p><strong>14h \u00e0s 16h<\/strong> &#8211; Ch\u00e1 e Preparo de fermentados<\/p>\n<p><strong>16h \u00e0s 18h<\/strong> &#8211; Preparo e jantar<br \/>\n&#8211; Salada viva<br \/>\n&#8211; Cuscuz de massa de puba com leite de coquinho do Ouricuri<\/p>\n<p><strong>31\/7 (Domingo)<\/strong><br \/>\n<strong>6h30 \u00e0s 7h30<\/strong> &#8211; Viv\u00eancia do Sincronario da Paz. Sauda\u00e7\u00e3o ao Sol.<\/p>\n<p><strong>7h30 \u00e0s 9h<\/strong> &#8211; Preparo e consumo<br \/>\n&#8211; Leite vegetal<br \/>\n&#8211; Creme de frutas<br \/>\n&#8211; Suco verde<\/p>\n<p><strong>10h \u00e0s 13h<\/strong> &#8211; Preparo e consumo<br \/>\n&#8211; Saladas de brotos<br \/>\n&#8211; Farofa detox 3 tipos sementes<br \/>\n&#8211; Arroz temperado ou quibebe<\/p>\n<p><strong>15h \u00e0s 16h<\/strong><br \/>\n&#8211; Oficina de Preparo e semeadura de brotos<\/p>\n<p><strong>16h<\/strong> &#8211; Despedida<\/p>\n<p>SERVI\u00c7O<br \/>\n<strong>* Oficina de Alimenta\u00e7\u00e3o Viva, com Vanda Kapinaw\u00e1 *<\/strong><\/p>\n<p>DATA\/HOR\u00c1RIO<br \/>\n<strong>Chegada:<\/strong> 16h do dia 29\/07\/2022 (sexta-feira)<br \/>\n<strong>Sa\u00edda:<\/strong> 14h do dia 31\/07\/2022 (domingo)<strong>*<\/strong><\/p>\n<p>LOCAL<br \/>\n<strong>Espa\u00e7o Beija-Flor<\/strong> &#8211; Montanha Perfumada, S\u00edtio Balan\u00e7o, Ch\u00e3 Grande\/PE ( a cerca de 80 Km do Recife)<\/p>\n<p>INVESTIMENTO<br \/>\nR$ 500,00 por pessoa (inclui hospedagem, alimenta\u00e7\u00e3o e certificado)<\/p>\n<p><em><strong>Obs.1:<\/strong> Para hospedagem est\u00e3o dispon\u00edveis 10 leitos, al\u00e9m de espa\u00e7o para 6 barracas de camping.<\/em><\/p>\n<p><em><strong>*Obs.2<\/strong><strong>:\u00a0<\/strong>Para quem quiser ficar mais uma noite, h\u00e1 a op\u00e7\u00e3o de jantar do domingo, pernoite para segunda-feira e caf\u00e9 da manh\u00e3 na segunda-feira, com acr\u00e9scimo de R$ 100,00 por pessoa.<\/em><\/p>\n<p><strong>INSCRI\u00c7\u00d5ES E MAIS INFORMA\u00c7\u00d5ES<\/strong><br \/>\nVanda Kapinaw\u00e1: (87) 981267944<br \/>\nMaria Goretti de S\u00e1: (81) 997063804<\/p>\n","protected":false},"excerpt":{"rendered":"<p>O Espa\u00e7o Beija-Flor, na zona rural de Ch\u00e3 Grande, e o RAV (Regando Alimenta\u00e7\u00e3o Viva) realizam nos dias 29, 30 e 31 de julho de 2022 a &#8216;Oficina de Alimenta\u00e7\u00e3o Viva&#8217;, com Vanda Kapinaw\u00e1. Na oficina as (os) participantes aprender\u00e3o na pr\u00e1tica os saberes da alimenta\u00e7\u00e3o viva e desintoxicante. &#8220;Nessa imers\u00e3o aprenderemos diversas receitas e [&hellip;]<\/p>\n","protected":false},"author":1,"featured_media":41900,"comment_status":"open","ping_status":"open","sticky":false,"template":"","format":"standard","meta":{"om_disable_all_campaigns":false,"_monsterinsights_skip_tracking":false,"_monsterinsights_sitenote_active":false,"_monsterinsights_sitenote_note":"","_monsterinsights_sitenote_category":0,"footnotes":""},"categories":[8,214],"tags":[50,272,523,377,662],"acf":[],"publishpress_future_action":{"enabled":false,"date":"1969-12-31 21:00:00","action":"","terms":[],"taxonomy":"","browser_timezone_offset":0},"_links":{"self":[{"href":"https:\/\/portalfloresnoar.com\/floresnoar\/wp-json\/wp\/v2\/posts\/41897"}],"collection":[{"href":"https:\/\/portalfloresnoar.com\/floresnoar\/wp-json\/wp\/v2\/posts"}],"about":[{"href":"https:\/\/portalfloresnoar.com\/floresnoar\/wp-json\/wp\/v2\/types\/post"}],"author":[{"embeddable":true,"href":"https:\/\/portalfloresnoar.com\/floresnoar\/wp-json\/wp\/v2\/users\/1"}],"replies":[{"embeddable":true,"href":"https:\/\/portalfloresnoar.com\/floresnoar\/wp-json\/wp\/v2\/comments?post=41897"}],"version-history":[{"count":0,"href":"https:\/\/portalfloresnoar.com\/floresnoar\/wp-json\/wp\/v2\/posts\/41897\/revisions"}],"wp:featuredmedia":[{"embeddable":true,"href":"https:\/\/portalfloresnoar.com\/floresnoar\/wp-json\/wp\/v2\/media\/41900"}],"wp:attachment":[{"href":"https:\/\/portalfloresnoar.com\/floresnoar\/wp-json\/wp\/v2\/media?parent=41897"}],"wp:term":[{"taxonomy":"category","embeddable":true,"href":"https:\/\/portalfloresnoar.com\/floresnoar\/wp-json\/wp\/v2\/categories?post=41897"},{"taxonomy":"post_tag","embeddable":true,"href":"https:\/\/portalfloresnoar.com\/floresnoar\/wp-json\/wp\/v2\/tags?post=41897"}],"curies":[{"name":"wp","href":"https:\/\/api.w.org\/{rel}","templated":true}]}}