

{"id":41889,"date":"2022-07-05T10:21:57","date_gmt":"2022-07-05T13:21:57","guid":{"rendered":"http:\/\/portalfloresnoar.com\/floresnoar\/?p=41889"},"modified":"2022-07-05T10:21:57","modified_gmt":"2022-07-05T13:21:57","slug":"canto-de-lu-autobiografia-arteterapeutica","status":"publish","type":"post","link":"https:\/\/portalfloresnoar.com\/floresnoar\/canto-de-lu-autobiografia-arteterapeutica\/","title":{"rendered":"[CANTO DE LU] Autobiografia Arteterap\u00eautica"},"content":{"rendered":"<p><iframe loading=\"lazy\" title=\"YouTube video player\" src=\"https:\/\/www.youtube.com\/embed\/kiilJ1rcKVI\" width=\"560\" height=\"315\" frameborder=\"0\" allowfullscreen=\"allowfullscreen\"><\/iframe><\/p>\n<p>| <em>Por Lu Rabelo*<\/em> |<\/p>\n<p>No final de 2021, a convite do professor Paulo Em\u00edlio [<a href=\"https:\/\/www.instagram.com\/pauloemiliokalabazas\/\" target=\"_blank\" rel=\"noopener\"> @pauloemiliokalabazas<\/a> ] do LACRIAS (Laborat\u00f3rio de Criatividade e Sa\u00fade Mental, Universidade de Pernambuco, UPE\/Petrolina) &#8211; querido colega da Especializa\u00e7\u00e3o em Arteterapia &#8211; criei um v\u00eddeo contando a minha hist\u00f3ria com a Arteterapia, e o intitulei de \u2018Autobiografia Arteterap\u00eautica\u2019.<\/p>\n<p>Nesses tempos de tantas turbul\u00eancias foi <em>muy<\/em> terap\u00eautico revisitar uma parte de minha hist\u00f3ria e realizar este v\u00eddeo, me fazendo reviver tamb\u00e9m os tempos da TV Comunit\u00e1ria Canal Capibaribe e do Ventilador Cultural &#8211; quando atuei no audiovisual -, pois fiz o roteiro, a capta\u00e7\u00e3o de imagens e a edi\u00e7\u00e3o.<\/p>\n<p>Al\u00e9m de esmiu\u00e7ar o meu processo com a Arteterapia (desde a minha primeira forma\u00e7\u00e3o, em 2003, at\u00e9 o projeto <a href=\"http:\/\/portalfloresnoar.com\/floresnoar\/agenda-jornada-andarilhas-oferece-vivencias-arteterapeuticas-on-line\/\" target=\"_blank\" rel=\"noopener\">Andarilhas<\/a>, que lancei no ano passado), conto tamb\u00e9m sobre os meus tantos fazeres no percurso, costurando as hist\u00f3rias com v\u00eddeos e fotos de arquivo, e usando can\u00e7\u00f5es minhas como trilha.<\/p>\n<p>Agrade\u00e7o a Paulo o convite, pois criar este v\u00eddeo me instigou, me deu \u00e2nimo. Tanto, que o v\u00eddeo ficou com 18 minutos, pra dar conta de tudo que quis compartilhar.<\/p>\n<p>Obs.: Quando fiz o v\u00eddeo, ainda n\u00e3o tinha retomado os <a href=\"http:\/\/portalfloresnoar.com\/floresnoar\/agenda-pe-atendimentos-arteterapeuticos-no-recife-e-em-aldeia-com-lu-rabelo\/\" target=\"_blank\" rel=\"noopener\">atendimentos presenciais em Arteterapia<\/a>. Agora j\u00e1 voltei a oferec\u00ea-los.<\/p>\n<p><em>* Lu Rabelo\u00a0\u00e9\u00a0<a href=\"https:\/\/www.facebook.com\/cantadeiralu\" target=\"_blank\" rel=\"noopener\">cantadeira<\/a>, <a href=\"https:\/\/www.instagram.com\/jardimarteterapeutico\/\" target=\"_blank\" rel=\"noopener\">arteterapeuta<\/a>, jornalista e editora do Portal Flores no Ar.<\/em><\/p>\n","protected":false},"excerpt":{"rendered":"<p>| Por Lu Rabelo* | No final de 2021, a convite do professor Paulo Em\u00edlio [ @pauloemiliokalabazas ] do LACRIAS (Laborat\u00f3rio de Criatividade e Sa\u00fade Mental, Universidade de Pernambuco, UPE\/Petrolina) &#8211; querido colega da Especializa\u00e7\u00e3o em Arteterapia &#8211; criei um v\u00eddeo contando a minha hist\u00f3ria com a Arteterapia, e o intitulei de \u2018Autobiografia Arteterap\u00eautica\u2019. Nesses [&hellip;]<\/p>\n","protected":false},"author":1,"featured_media":41891,"comment_status":"open","ping_status":"open","sticky":false,"template":"","format":"standard","meta":{"om_disable_all_campaigns":false,"_monsterinsights_skip_tracking":false,"_monsterinsights_sitenote_active":false,"_monsterinsights_sitenote_note":"","_monsterinsights_sitenote_category":0,"footnotes":""},"categories":[227,220],"tags":[601,34,1204,448,51,426],"acf":[],"publishpress_future_action":{"enabled":false,"date":"1969-12-31 21:00:00","action":"","terms":[],"taxonomy":"","browser_timezone_offset":0},"_links":{"self":[{"href":"https:\/\/portalfloresnoar.com\/floresnoar\/wp-json\/wp\/v2\/posts\/41889"}],"collection":[{"href":"https:\/\/portalfloresnoar.com\/floresnoar\/wp-json\/wp\/v2\/posts"}],"about":[{"href":"https:\/\/portalfloresnoar.com\/floresnoar\/wp-json\/wp\/v2\/types\/post"}],"author":[{"embeddable":true,"href":"https:\/\/portalfloresnoar.com\/floresnoar\/wp-json\/wp\/v2\/users\/1"}],"replies":[{"embeddable":true,"href":"https:\/\/portalfloresnoar.com\/floresnoar\/wp-json\/wp\/v2\/comments?post=41889"}],"version-history":[{"count":0,"href":"https:\/\/portalfloresnoar.com\/floresnoar\/wp-json\/wp\/v2\/posts\/41889\/revisions"}],"wp:featuredmedia":[{"embeddable":true,"href":"https:\/\/portalfloresnoar.com\/floresnoar\/wp-json\/wp\/v2\/media\/41891"}],"wp:attachment":[{"href":"https:\/\/portalfloresnoar.com\/floresnoar\/wp-json\/wp\/v2\/media?parent=41889"}],"wp:term":[{"taxonomy":"category","embeddable":true,"href":"https:\/\/portalfloresnoar.com\/floresnoar\/wp-json\/wp\/v2\/categories?post=41889"},{"taxonomy":"post_tag","embeddable":true,"href":"https:\/\/portalfloresnoar.com\/floresnoar\/wp-json\/wp\/v2\/tags?post=41889"}],"curies":[{"name":"wp","href":"https:\/\/api.w.org\/{rel}","templated":true}]}}