

{"id":41884,"date":"2022-07-04T15:10:34","date_gmt":"2022-07-04T18:10:34","guid":{"rendered":"http:\/\/portalfloresnoar.com\/floresnoar\/?p=41884"},"modified":"2023-08-01T09:58:02","modified_gmt":"2023-08-01T12:58:02","slug":"contos-o-vestido","status":"publish","type":"post","link":"https:\/\/portalfloresnoar.com\/floresnoar\/contos-o-vestido\/","title":{"rendered":"[CONTOS] O Vestido"},"content":{"rendered":"<p><img decoding=\"async\" loading=\"lazy\" class=\"aligncenter wp-image-41887 \" src=\"http:\/\/portalfloresnoar.com\/floresnoar\/wp-content\/uploads\/2022\/07\/conto-O-Vestido-unsplash-free-foto-edit-700x497.png\" alt=\"\" width=\"509\" height=\"361\" srcset=\"https:\/\/portalfloresnoar.com\/floresnoar\/wp-content\/uploads\/2022\/07\/conto-O-Vestido-unsplash-free-foto-edit-700x497.png 700w, https:\/\/portalfloresnoar.com\/floresnoar\/wp-content\/uploads\/2022\/07\/conto-O-Vestido-unsplash-free-foto-edit-300x213.png 300w, https:\/\/portalfloresnoar.com\/floresnoar\/wp-content\/uploads\/2022\/07\/conto-O-Vestido-unsplash-free-foto-edit-768x545.png 768w, https:\/\/portalfloresnoar.com\/floresnoar\/wp-content\/uploads\/2022\/07\/conto-O-Vestido-unsplash-free-foto-edit.png 1748w\" sizes=\"(max-width: 509px) 100vw, 509px\" \/><\/p>\n<p>|<em>Por Daniella Freitas <\/em>|<br \/>\n<em>[ freitas27daniella@gmail.com ]<\/em><\/p>\n<p>O vestido do seu sonho estava dentro de um guarda-roupa na casa de tia Elza. A casa que agora era sua, por for\u00e7a de testamento lavrado em cart\u00f3rio pela tia e madrinha. A mais doce e carinhosa das irm\u00e3s de sua m\u00e3e.<\/p>\n<p>Como tinha o seu apartamento, decidiu que o im\u00f3vel herdado iria para loca\u00e7\u00e3o. Encontrou o vestido no dia em que levou seu \u00c1lvaro para checar a estrutura f\u00edsica da casa.<\/p>\n<p>O pedreiro vistoriava a su\u00edte, quando ela &#8211; sentada no colch\u00e3o velho que jazia na cama- percebeu que o arm\u00e1rio n\u00e3o estava vazio. Era um modelo curto, de veludo marrom.<\/p>\n<p>No sonho, ela estava nos bastidores de um palco. Vestia a pe\u00e7a de veludo, quando algu\u00e9m perguntou em tom de cr\u00edtica:<br \/>\n&#8211; \u201cVoc\u00ea s\u00f3 tem esse vestido?\u201d<br \/>\n&#8211; &#8220;Sim&#8221;.<br \/>\nEla s\u00f3 tinha aquele vestido para entrar em cena. Correu at\u00e9 o camarim para procurar algo diferente para vestir, mas n\u00e3o havia tempo. Achou uma estola de plumas douradas e colocou sobre os ombros.<\/p>\n<p>Nunca esqueceu aquela imagem, e agora, para seu espanto, o vestido existia. Mostrou a pe\u00e7a para uma amiga, estudante de moda, que aconselhou uma lavagem a seco para o modelo retr\u00f4, estilo anos 70.<\/p>\n<p>Quando surgiu o convite para uma festa, ela viu a oportunidade que esperava para estrear o vestido. N\u00e3o costumava usar dourado, n\u00e3o tinha muitas op\u00e7\u00f5es de acess\u00f3rios dessa cor. Com ajuda da amiga, separou um brinco e uma bolsa. Tamb\u00e9m pintou as unhas de dourado, no tom mais forte de esmalte que encontrou.<\/p>\n<p>Ficou emocionada ao se ver no espelho. N\u00e3o tinha lembran\u00e7a da tia usando aquele vestido. O dourado entrou ali como uma necessidade expressa em sonho. Dizem que a cor do Sol revitaliza, e ser mulher requer energia. Passou mais uma camada de batom. Estava pronta.<\/p>\n","protected":false},"excerpt":{"rendered":"<p>|Por Daniella Freitas | [ freitas27daniella@gmail.com ] O vestido do seu sonho estava dentro de um guarda-roupa na casa de tia Elza. A casa que agora era sua, por for\u00e7a de testamento lavrado em cart\u00f3rio pela tia e madrinha. A mais doce e carinhosa das irm\u00e3s de sua m\u00e3e. Como tinha o seu apartamento, decidiu [&hellip;]<\/p>\n","protected":false},"author":1,"featured_media":41887,"comment_status":"open","ping_status":"open","sticky":false,"template":"","format":"standard","meta":{"om_disable_all_campaigns":false,"_monsterinsights_skip_tracking":false,"_monsterinsights_sitenote_active":false,"_monsterinsights_sitenote_note":"","_monsterinsights_sitenote_category":0,"footnotes":""},"categories":[220,110,1384],"tags":[79,1386,69],"acf":[],"publishpress_future_action":{"enabled":false,"date":"1969-12-31 21:00:00","action":"","terms":[],"taxonomy":"","browser_timezone_offset":0},"_links":{"self":[{"href":"https:\/\/portalfloresnoar.com\/floresnoar\/wp-json\/wp\/v2\/posts\/41884"}],"collection":[{"href":"https:\/\/portalfloresnoar.com\/floresnoar\/wp-json\/wp\/v2\/posts"}],"about":[{"href":"https:\/\/portalfloresnoar.com\/floresnoar\/wp-json\/wp\/v2\/types\/post"}],"author":[{"embeddable":true,"href":"https:\/\/portalfloresnoar.com\/floresnoar\/wp-json\/wp\/v2\/users\/1"}],"replies":[{"embeddable":true,"href":"https:\/\/portalfloresnoar.com\/floresnoar\/wp-json\/wp\/v2\/comments?post=41884"}],"version-history":[{"count":0,"href":"https:\/\/portalfloresnoar.com\/floresnoar\/wp-json\/wp\/v2\/posts\/41884\/revisions"}],"wp:featuredmedia":[{"embeddable":true,"href":"https:\/\/portalfloresnoar.com\/floresnoar\/wp-json\/wp\/v2\/media\/41887"}],"wp:attachment":[{"href":"https:\/\/portalfloresnoar.com\/floresnoar\/wp-json\/wp\/v2\/media?parent=41884"}],"wp:term":[{"taxonomy":"category","embeddable":true,"href":"https:\/\/portalfloresnoar.com\/floresnoar\/wp-json\/wp\/v2\/categories?post=41884"},{"taxonomy":"post_tag","embeddable":true,"href":"https:\/\/portalfloresnoar.com\/floresnoar\/wp-json\/wp\/v2\/tags?post=41884"}],"curies":[{"name":"wp","href":"https:\/\/api.w.org\/{rel}","templated":true}]}}