

{"id":41877,"date":"2022-07-03T14:45:31","date_gmt":"2022-07-03T17:45:31","guid":{"rendered":"http:\/\/portalfloresnoar.com\/floresnoar\/?p=41877"},"modified":"2022-07-14T11:58:07","modified_gmt":"2022-07-14T14:58:07","slug":"noticias-participe-da-enquete-do-projeto-de-lei-pl-34162015-que-regulamenta-a-profissao-de-arteterapeuta","status":"publish","type":"post","link":"https:\/\/portalfloresnoar.com\/floresnoar\/noticias-participe-da-enquete-do-projeto-de-lei-pl-34162015-que-regulamenta-a-profissao-de-arteterapeuta\/","title":{"rendered":"[NOT\u00cdCIAS] Participe da enquete do projeto de lei PL 3416\/2015 que regulamenta a profiss\u00e3o de Arteterapeuta"},"content":{"rendered":"<p>&nbsp;<\/p>\n<p><a href=\"https:\/\/forms.camara.leg.br\/ex\/enquetes\/2024910\"><img decoding=\"async\" loading=\"lazy\" class=\"aligncenter wp-image-41879\" src=\"http:\/\/portalfloresnoar.com\/floresnoar\/wp-content\/uploads\/2022\/07\/regulamentacao-profissao-arteterapeuta-brasil-700x410.jpg\" alt=\"\" width=\"620\" height=\"363\" srcset=\"https:\/\/portalfloresnoar.com\/floresnoar\/wp-content\/uploads\/2022\/07\/regulamentacao-profissao-arteterapeuta-brasil-700x410.jpg 700w, https:\/\/portalfloresnoar.com\/floresnoar\/wp-content\/uploads\/2022\/07\/regulamentacao-profissao-arteterapeuta-brasil-300x176.jpg 300w, https:\/\/portalfloresnoar.com\/floresnoar\/wp-content\/uploads\/2022\/07\/regulamentacao-profissao-arteterapeuta-brasil-768x450.jpg 768w, https:\/\/portalfloresnoar.com\/floresnoar\/wp-content\/uploads\/2022\/07\/regulamentacao-profissao-arteterapeuta-brasil.jpg 772w\" sizes=\"(max-width: 620px) 100vw, 620px\" \/><\/a>A <a href=\"https:\/\/www.ubaatbrasil.com\/\" target=\"_blank\" rel=\"noopener\">Uni\u00e3o Brasileira de Associa\u00e7\u00f5es de Arteterapia &#8211; UBAAT <\/a> est\u00e1 mobilizando a popula\u00e7\u00e3o brasileira para assinatura da enquete do projeto de lei PL 3416\/2015 que regulamenta a profiss\u00e3o de Arteterapeuta. O convite \u00e9 para clicar em &#8216;CONCORDO TOTALMENTE!&#8217;<\/p>\n<p>&#8220;Usufruir dos benef\u00edcios da Arteterapia \u00e9 um direito de todas as pessoas&#8221;, destacam os representantes da Ubaat, lembrando que toda cidad\u00e3 e cidad\u00e3o brasileiro tem direito de votar.<\/p>\n<p>O principal objetivo da enquete \u00e9 estimular o debate da proposta em tramita\u00e7\u00e3o na C\u00e2mara dos Deputados antes de chegar \u00e0 vota\u00e7\u00e3o final, dando oportunidade aos cidad\u00e3os para se manifestarem e participarem ativamente do processo legislativo.<\/p>\n<p><strong>Para votar a favor da regulamenta\u00e7\u00e3o da profiss\u00e3o de ARTETERAPEUTA acesse o endere\u00e7o:<\/strong> <a href=\"https:\/\/forms.camara.leg.br\/ex\/enquetes\/2024910\" target=\"_blank\" rel=\"noopener\">https:\/\/forms.camara.leg.br\/ex\/enquetes\/2024910<\/a><\/p>\n<p>Arteterapeuta \u00e9 o profissional que se utiliza dos recursos expressivos de artes visuais, m\u00fasica, dan\u00e7a, canto, teatro, literatura, como elementos capazes de favorecer o processo terap\u00eautico das pessoas, buscando o autoconhecimento, a autoexpress\u00e3o, o desenvolvimento humano, a criatividade, a preven\u00e7\u00e3o e a reabilita\u00e7\u00e3o de doen\u00e7as mentais e psicossom\u00e1ticas.<\/p>\n<p>Desde janeiro de 2013 o arteterapeuta est\u00e1 na Classifica\u00e7\u00e3o Brasileira de Ocupa\u00e7\u00f5es (CBO), do Minist\u00e9rio do Trabalho do Brasil.<\/p>\n<p>A inser\u00e7\u00e3o dos arteterapeutas na CBO, gerou a cria\u00e7\u00e3o de uma nova fam\u00edlia, a <a href=\"http:\/\/www.mtecbo.gov.br\/cbosite\/pages\/pesquisas\/BuscaPorTituloResultado.jsf\" target=\"_blank\" rel=\"noopener\">2263: Profissionais das terapias criativas, equoter\u00e1picas e naturol\u00f3gicas<\/a>, onde est\u00e3o inseridos os:<br \/>\n&#8211; Musicoterapeutas (2263-05)<br \/>\n&#8211; Arteterapeutas (2263-10)<br \/>\n&#8211; Equoterapeutas (2263-15)<br \/>\n&#8211; Natur\u00f3logo (2263-20)<\/p>\n<p>Os profissionais desta fam\u00edlia de ocupa\u00e7\u00f5es: \u201cRealizam atendimento terap\u00eautico em pacientes, clientes e praticantes utilizando programas, m\u00e9todos e t\u00e9cnicas espec\u00edficas de arteterapia, musicoterapia, equoterapia e naturologia. Atuam na orienta\u00e7\u00e3o de pacientes, interagentes, clientes, praticantes, familiares e cuidadores. Desenvolvem programas de preven\u00e7\u00e3o, promo\u00e7\u00e3o de sa\u00fade e qualidade de vida. Exercem atividades t\u00e9cnico-cient\u00edficas atrav\u00e9s da realiza\u00e7\u00e3o de pesquisas, trabalhos espec\u00edficos, organiza\u00e7\u00e3o e participa\u00e7\u00e3o em eventos cient\u00edficos.\u201d.<\/p>\n<p>Para ser considerado arteterapeuta \u00e9 preciso formar-se em um curso reconhecido pela UBAAT, com mais de 520 horas\/aula te\u00f3ricas e pr\u00e1ticas. Veja aqui os cursos dispon\u00edveis por regi\u00e3o brasileira:\u00a0<a href=\"https:\/\/www.ubaatbrasil.com\/\" target=\"_blank\" rel=\"noopener\">https:\/\/www.ubaatbrasil.com\/<\/a><\/p>\n<p><strong>Para votar a favor da regulamenta\u00e7\u00e3o da profiss\u00e3o de ARTETERAPEUTA acesse o endere\u00e7o:<\/strong> <a href=\"https:\/\/forms.camara.leg.br\/ex\/enquetes\/2024910\" target=\"_blank\" rel=\"noopener\">https:\/\/forms.camara.leg.br\/ex\/enquetes\/2024910<\/a><\/p>\n","protected":false},"excerpt":{"rendered":"<p>&nbsp; A Uni\u00e3o Brasileira de Associa\u00e7\u00f5es de Arteterapia &#8211; UBAAT est\u00e1 mobilizando a popula\u00e7\u00e3o brasileira para assinatura da enquete do projeto de lei PL 3416\/2015 que regulamenta a profiss\u00e3o de Arteterapeuta. O convite \u00e9 para clicar em &#8216;CONCORDO TOTALMENTE!&#8217; &#8220;Usufruir dos benef\u00edcios da Arteterapia \u00e9 um direito de todas as pessoas&#8221;, destacam os representantes da [&hellip;]<\/p>\n","protected":false},"author":1,"featured_media":41879,"comment_status":"open","ping_status":"open","sticky":false,"template":"","format":"standard","meta":{"om_disable_all_campaigns":false,"_monsterinsights_skip_tracking":false,"_monsterinsights_sitenote_active":false,"_monsterinsights_sitenote_note":"","_monsterinsights_sitenote_category":0,"footnotes":""},"categories":[9],"tags":[1136,34,154],"acf":[],"publishpress_future_action":{"enabled":false,"date":"1969-12-31 21:00:00","action":"","terms":[],"taxonomy":"","browser_timezone_offset":0},"_links":{"self":[{"href":"https:\/\/portalfloresnoar.com\/floresnoar\/wp-json\/wp\/v2\/posts\/41877"}],"collection":[{"href":"https:\/\/portalfloresnoar.com\/floresnoar\/wp-json\/wp\/v2\/posts"}],"about":[{"href":"https:\/\/portalfloresnoar.com\/floresnoar\/wp-json\/wp\/v2\/types\/post"}],"author":[{"embeddable":true,"href":"https:\/\/portalfloresnoar.com\/floresnoar\/wp-json\/wp\/v2\/users\/1"}],"replies":[{"embeddable":true,"href":"https:\/\/portalfloresnoar.com\/floresnoar\/wp-json\/wp\/v2\/comments?post=41877"}],"version-history":[{"count":0,"href":"https:\/\/portalfloresnoar.com\/floresnoar\/wp-json\/wp\/v2\/posts\/41877\/revisions"}],"wp:featuredmedia":[{"embeddable":true,"href":"https:\/\/portalfloresnoar.com\/floresnoar\/wp-json\/wp\/v2\/media\/41879"}],"wp:attachment":[{"href":"https:\/\/portalfloresnoar.com\/floresnoar\/wp-json\/wp\/v2\/media?parent=41877"}],"wp:term":[{"taxonomy":"category","embeddable":true,"href":"https:\/\/portalfloresnoar.com\/floresnoar\/wp-json\/wp\/v2\/categories?post=41877"},{"taxonomy":"post_tag","embeddable":true,"href":"https:\/\/portalfloresnoar.com\/floresnoar\/wp-json\/wp\/v2\/tags?post=41877"}],"curies":[{"name":"wp","href":"https:\/\/api.w.org\/{rel}","templated":true}]}}