

{"id":41804,"date":"2022-06-18T10:31:31","date_gmt":"2022-06-18T13:31:31","guid":{"rendered":"http:\/\/portalfloresnoar.com\/floresnoar\/?p=41804"},"modified":"2022-06-18T10:31:31","modified_gmt":"2022-06-18T13:31:31","slug":"trapeiros-de-emaus-realizam-gratuitamente-coleta-de-objetos-usados-no-grande-recife","status":"publish","type":"post","link":"https:\/\/portalfloresnoar.com\/floresnoar\/trapeiros-de-emaus-realizam-gratuitamente-coleta-de-objetos-usados-no-grande-recife\/","title":{"rendered":"Trapeiros de Ema\u00fas realizam, gratuitamente, coleta de objetos usados no Grande Recife"},"content":{"rendered":"<p><img decoding=\"async\" loading=\"lazy\" class=\"aligncenter size-full wp-image-41806\" src=\"http:\/\/portalfloresnoar.com\/floresnoar\/wp-content\/uploads\/2022\/06\/trapeiros-de-emaus-recife.jpg\" alt=\"\" width=\"516\" height=\"326\" srcset=\"https:\/\/portalfloresnoar.com\/floresnoar\/wp-content\/uploads\/2022\/06\/trapeiros-de-emaus-recife.jpg 516w, https:\/\/portalfloresnoar.com\/floresnoar\/wp-content\/uploads\/2022\/06\/trapeiros-de-emaus-recife-300x190.jpg 300w\" sizes=\"(max-width: 516px) 100vw, 516px\" \/><\/p>\n<p>Quem mora no R\u200becife e arredores tem a gra\u00e7a de contar com os servi\u00e7os dos Trapeiros de Ema\u00fas, associa\u00e7\u00e3o que realiza o importante trabalho de coleta e recupera\u00e7\u00e3o de objetos em desuso. Ap\u00f3s a recupera\u00e7\u00e3o, os objetos s\u00e3o vendidos a pre\u00e7os simb\u00f3licos, em bazares comunit\u00e1rios.\u00a0<span style=\"letter-spacing: 0em;\">A institui\u00e7\u00e3o conta tamb\u00e9m com a Escola de Educa\u00e7\u00e3o Profissional Luis Tenderini, que oferece, gratuitamente, cursos para adolescentes, jovens e adultos em situa\u00e7\u00e3o de vulnerabilidade social.<\/span><\/p>\n<p>Qualquer pessoa ou empresa que tem algo em desuso pode doar. Basta telefonar e agendar!<\/p>\n<p>\u200bA Associa\u00e7\u00e3o dos Trapeiros de Ema\u00fas, no Recife,\u00a0foi fundada em 1996 por Dom H\u00e9lder C\u00e2mara e pelo educador social italiano Luis Tenderini. \u00c9\u00a0filiada a Ema\u00fas Internacional, movimento fundado na Fran\u00e7a pelo Abbe Pierre, em 1949, no contexto do p\u00f3s-guerra de uma Europa pobre, esfomeada e sem recursos, sendo uma das 350 comunidades Ema\u00fas, espalhadas em 37 pa\u00edses do mundo.<\/p>\n<p><strong>CONFIRA ABAIXO OS PROGRAMAS REALIZADOS PELA INSTITUI\u00c7\u00c3O:<\/strong><\/p>\n<p>* COLETA DE OBJETOS EM DESUSO *<br \/>\nAtrav\u00e9s de caminha-ba\u00fa \u00e9 realizada coletas de materiais em resid\u00eancias e estabelecimentos comerciais no Grande Recife. Entre os itens coletados est\u00e3o: Eletrodom\u00e9sticos e eletr\u00f4nicos em geral, m\u00f3veis, roupas, brinquedos, livros, entre outros objetos.<\/p>\n<p>* COLETA DE RES\u00cdDUOS S\u00d3LIDOS RECICL\u00c1VEIS *<br \/>\nAl\u00e9m da coleta de objetos em desuso, h\u00e1 a coleta de res\u00edduos s\u00f3lidos recicl\u00e1veis, tais como: pap\u00e9is, papel\u00e3o e pl\u00e1stico, doados em grande volume por empresas. Essa coleta s\u00f3 \u00e9 feita em grande volume e previamente agendada.<\/p>\n<p>* TRIAGEM DE RES\u00cdDUOS S\u00d3LIDOS COLETADOS *<br \/>\nO papel, papel\u00e3o e pl\u00e1stico recebidos em grande volume passam por um processo de triagem, picotagem, condicionamento, enfardamento e pesagem e s\u00e3o, posteriormente, repassados para as empresas incumbidas de realizar o trabalho final de reciclagem.<\/p>\n<p>* REPARO DE OBJETOS COLETADOS *<br \/>\nParte das doa\u00e7\u00f5es recebidas s\u00e3o direcionados para oficinas de conserto na institui\u00e7\u00e3o, onde recebem reparos, tendo sua vida \u00fatil prolongada. S\u00e3o computadores, TVs, r\u00e1dio, geladeiras, ar condicionados, m\u00f3veis, livros, brinquedos, entre outros.<\/p>\n<p>* BAZARES SOLID\u00c1RIOS *<br \/>\nOs objetos coletados, passando ou n\u00e3o pelas oficinas de conserto\/ reparo, s\u00e3o posteriormente vendidos a pre\u00e7os simb\u00f3licos para a comunidade local. Muitos na comunidade n\u00e3o disp\u00f5em de condi\u00e7\u00f5es para comprar um produto novo ent\u00e3o pode comprar um usado, em boas condi\u00e7\u00f5es de uso, por um pre\u00e7o muito baixo.<\/p>\n<p>* EDUCA\u00c7\u00c3O PROFISSIONAL *<br \/>\nOs recursos oriundos da venda no bazar e da venda de material recicl\u00e1vel s\u00e3o destinados a cobrir os custos operacionais e administrativos da institui\u00e7\u00e3o e uma parte \u00e9 destinada para o sustento da Escola de Educa\u00e7\u00e3o Profissional Luis Tenderini, que oferta gratuitamente cursos de educa\u00e7\u00e3o profissional para adolescentes, jovens e adultos em situa\u00e7\u00e3o de vulnerabilidade social.<\/p>\n<p>\u200b* COLETA DE \u00d3LEO DE COZINHA *<br \/>\nAtrav\u00e9s de uma parceria com a ASA, est\u00e1 sendo recolhido \u00f3leo de cozinha usado. Pede-se para guard\u00e1-lo colocar em garrafa pet e fechada.<\/p>\n<p>TRAPEIROS DE EMA\u00daS &#8211; RECIFE<br \/>\n<strong>Endere\u00e7o da sede:<\/strong> Rua Mamede Coelho, 53, Dois Unidos, Recife\/PE, CEP: 52140-180<br \/>\n<strong>Telefones:<\/strong> (81) 3451-2247 \/ 3451-5604<br \/>\n<strong>WhatsApp:<\/strong> (81) 98797-5604<br \/>\n<strong>E-mail:<\/strong> contatoemausrecife@gmail.com<br \/>\n<strong>Site:<\/strong> <a href=\"https:\/\/www.emausrecife.org.br\/\" target=\"_blank\" rel=\"noopener\">www.emausrecife.org.br<\/a><br \/>\n<strong>Instagram:<\/strong> <a href=\"https:\/\/www.instagram.com\/trapeirosdeemaus\/\" target=\"_blank\" rel=\"noopener\">@trapeirosdeemaus<\/a><\/p>\n","protected":false},"excerpt":{"rendered":"<p>Quem mora no R\u200becife e arredores tem a gra\u00e7a de contar com os servi\u00e7os dos Trapeiros de Ema\u00fas, associa\u00e7\u00e3o que realiza o importante trabalho de coleta e recupera\u00e7\u00e3o de objetos em desuso. Ap\u00f3s a recupera\u00e7\u00e3o, os objetos s\u00e3o vendidos a pre\u00e7os simb\u00f3licos, em bazares comunit\u00e1rios.\u00a0A institui\u00e7\u00e3o conta tamb\u00e9m com a Escola de Educa\u00e7\u00e3o Profissional Luis [&hellip;]<\/p>\n","protected":false},"author":1,"featured_media":41805,"comment_status":"open","ping_status":"open","sticky":false,"template":"","format":"standard","meta":{"om_disable_all_campaigns":false,"_monsterinsights_skip_tracking":false,"_monsterinsights_sitenote_active":false,"_monsterinsights_sitenote_note":"","_monsterinsights_sitenote_category":0,"footnotes":""},"categories":[9],"tags":[26,170,112],"acf":[],"publishpress_future_action":{"enabled":false,"date":"1969-12-31 21:00:00","action":"","terms":[],"taxonomy":"","browser_timezone_offset":0},"_links":{"self":[{"href":"https:\/\/portalfloresnoar.com\/floresnoar\/wp-json\/wp\/v2\/posts\/41804"}],"collection":[{"href":"https:\/\/portalfloresnoar.com\/floresnoar\/wp-json\/wp\/v2\/posts"}],"about":[{"href":"https:\/\/portalfloresnoar.com\/floresnoar\/wp-json\/wp\/v2\/types\/post"}],"author":[{"embeddable":true,"href":"https:\/\/portalfloresnoar.com\/floresnoar\/wp-json\/wp\/v2\/users\/1"}],"replies":[{"embeddable":true,"href":"https:\/\/portalfloresnoar.com\/floresnoar\/wp-json\/wp\/v2\/comments?post=41804"}],"version-history":[{"count":0,"href":"https:\/\/portalfloresnoar.com\/floresnoar\/wp-json\/wp\/v2\/posts\/41804\/revisions"}],"wp:featuredmedia":[{"embeddable":true,"href":"https:\/\/portalfloresnoar.com\/floresnoar\/wp-json\/wp\/v2\/media\/41805"}],"wp:attachment":[{"href":"https:\/\/portalfloresnoar.com\/floresnoar\/wp-json\/wp\/v2\/media?parent=41804"}],"wp:term":[{"taxonomy":"category","embeddable":true,"href":"https:\/\/portalfloresnoar.com\/floresnoar\/wp-json\/wp\/v2\/categories?post=41804"},{"taxonomy":"post_tag","embeddable":true,"href":"https:\/\/portalfloresnoar.com\/floresnoar\/wp-json\/wp\/v2\/tags?post=41804"}],"curies":[{"name":"wp","href":"https:\/\/api.w.org\/{rel}","templated":true}]}}