

{"id":41800,"date":"2022-06-16T09:39:10","date_gmt":"2022-06-16T12:39:10","guid":{"rendered":"http:\/\/portalfloresnoar.com\/floresnoar\/?p=41800"},"modified":"2022-06-16T09:44:53","modified_gmt":"2022-06-16T12:44:53","slug":"nota-da-univaja-sobre-o-assassinato-de-bruno-pereira-e-dominic-phillips","status":"publish","type":"post","link":"https:\/\/portalfloresnoar.com\/floresnoar\/nota-da-univaja-sobre-o-assassinato-de-bruno-pereira-e-dominic-phillips\/","title":{"rendered":"Nota da UNIVAJA sobre o assassinato de Bruno Pereira e Dominic Phillips"},"content":{"rendered":"<p><img decoding=\"async\" loading=\"lazy\" class=\"wp-image-41801 alignleft\" src=\"http:\/\/portalfloresnoar.com\/floresnoar\/wp-content\/uploads\/2022\/06\/nota-univaja-bruno-pererira-dominic-phillips.jpg\" alt=\"\" width=\"294\" height=\"290\" srcset=\"https:\/\/portalfloresnoar.com\/floresnoar\/wp-content\/uploads\/2022\/06\/nota-univaja-bruno-pererira-dominic-phillips.jpg 546w, https:\/\/portalfloresnoar.com\/floresnoar\/wp-content\/uploads\/2022\/06\/nota-univaja-bruno-pererira-dominic-phillips-300x296.jpg 300w, https:\/\/portalfloresnoar.com\/floresnoar\/wp-content\/uploads\/2022\/06\/nota-univaja-bruno-pererira-dominic-phillips-100x100.jpg 100w\" sizes=\"(max-width: 294px) 100vw, 294px\" \/>&#8220;Nos solidarizamos com as fam\u00edlias de Bruno e Dom, nossos parceiros, expressando o nosso pesar e profunda tristeza diante dessa perda. Para n\u00f3s, povos ind\u00edgenas do Vale do Javari, \u00e9 uma perda inestim\u00e1vel.<\/p>\n<p>A UNIVAJA compreende que o assassinato de Pereira e Phillips constitui um crime pol\u00edtico, pois ambos eram defensores dos Direitos Humanos e morreram desempenhando atividades em benef\u00edcio de n\u00f3s, povos ind\u00edgenas do Vale do Javari, pelo nosso direito ao bem-viver, pelo nosso direito ao territ\u00f3rio e aos recursos naturais que s\u00e3o nosso alimento e garantia de vida, n\u00e3o apenas da nossa vida, mas tamb\u00e9m da vida dos nossos parentes isolados.<\/p>\n<p>Enviamos uma s\u00e9rie de of\u00edcios com informa\u00e7\u00f5es qualificadas ao Minist\u00e9rio P\u00fablico Federal, \u00e0 Pol\u00edcia Federal e \u00e0 Funda\u00e7\u00e3o Nacional do \u00cdndio. Nesses of\u00edcios, indicamos a composi\u00e7\u00e3o de uma quadrilha de pescadores e ca\u00e7adores profissionais, vinculados a narcotraficantes, que ingressam ilegalmente em nosso territ\u00f3rio para extrair nossos recursos e vende-los nos munic\u00edpios vizinhos.<\/p>\n<p>Fornecemos informa\u00e7\u00f5es atrav\u00e9s de nossas den\u00fancias \u00e0s autoridades competentes. Mas as provid\u00eancias n\u00e3o foram tomadas com a devida rapidez. Por isso, hoje assistimos ao assassinato de nossos parceiros: Pereira e Phillips. Diante disso, manifestamos nossa preocupa\u00e7\u00e3o com a continuidade das investiga\u00e7\u00f5es.<\/p>\n<p>Manifestamos nossa preocupa\u00e7\u00e3o com nossas vidas, a vida das pessoas amea\u00e7adas (pois n\u00e3o era somente o Bruno Pereira), componentes do movimento ind\u00edgena, quando as for\u00e7as armadas e a imprensa se deslocarem de Atalaia do Norte. O que acontecer\u00e1 conosco? Continuaremos vivendo sob amea\u00e7as? Precisamos aprofundar e ampliar a investiga\u00e7\u00e3o. Precisamos de fiscaliza\u00e7\u00e3o territorial efetiva no interior da Terra Ind\u00edgena Vale do Javari. Precisamos que as Bases de Prote\u00e7\u00e3o Etnoambiental (BAPEs) da FUNAI sejam fortalecidas.&#8221;<\/p>\n<p><strong>Leia nota completa da Univaja neste link:<\/strong> <a href=\"https:\/\/bit.ly\/NotaUnivaja\" target=\"_blank\" rel=\"noopener\">https:\/\/bit.ly\/NotaUnivaja<\/a><\/p>\n","protected":false},"excerpt":{"rendered":"<p>&#8220;Nos solidarizamos com as fam\u00edlias de Bruno e Dom, nossos parceiros, expressando o nosso pesar e profunda tristeza diante dessa perda. Para n\u00f3s, povos ind\u00edgenas do Vale do Javari, \u00e9 uma perda inestim\u00e1vel. A UNIVAJA compreende que o assassinato de Pereira e Phillips constitui um crime pol\u00edtico, pois ambos eram defensores dos Direitos Humanos e [&hellip;]<\/p>\n","protected":false},"author":1,"featured_media":41801,"comment_status":"open","ping_status":"open","sticky":false,"template":"","format":"standard","meta":{"om_disable_all_campaigns":false,"_monsterinsights_skip_tracking":false,"_monsterinsights_sitenote_active":false,"_monsterinsights_sitenote_note":"","_monsterinsights_sitenote_category":0,"footnotes":""},"categories":[9],"tags":[1198,24,1194,1197],"acf":[],"publishpress_future_action":{"enabled":false,"date":"1969-12-31 21:00:00","action":"","terms":[],"taxonomy":"","browser_timezone_offset":0},"_links":{"self":[{"href":"https:\/\/portalfloresnoar.com\/floresnoar\/wp-json\/wp\/v2\/posts\/41800"}],"collection":[{"href":"https:\/\/portalfloresnoar.com\/floresnoar\/wp-json\/wp\/v2\/posts"}],"about":[{"href":"https:\/\/portalfloresnoar.com\/floresnoar\/wp-json\/wp\/v2\/types\/post"}],"author":[{"embeddable":true,"href":"https:\/\/portalfloresnoar.com\/floresnoar\/wp-json\/wp\/v2\/users\/1"}],"replies":[{"embeddable":true,"href":"https:\/\/portalfloresnoar.com\/floresnoar\/wp-json\/wp\/v2\/comments?post=41800"}],"version-history":[{"count":0,"href":"https:\/\/portalfloresnoar.com\/floresnoar\/wp-json\/wp\/v2\/posts\/41800\/revisions"}],"wp:featuredmedia":[{"embeddable":true,"href":"https:\/\/portalfloresnoar.com\/floresnoar\/wp-json\/wp\/v2\/media\/41801"}],"wp:attachment":[{"href":"https:\/\/portalfloresnoar.com\/floresnoar\/wp-json\/wp\/v2\/media?parent=41800"}],"wp:term":[{"taxonomy":"category","embeddable":true,"href":"https:\/\/portalfloresnoar.com\/floresnoar\/wp-json\/wp\/v2\/categories?post=41800"},{"taxonomy":"post_tag","embeddable":true,"href":"https:\/\/portalfloresnoar.com\/floresnoar\/wp-json\/wp\/v2\/tags?post=41800"}],"curies":[{"name":"wp","href":"https:\/\/api.w.org\/{rel}","templated":true}]}}