

{"id":41785,"date":"2022-02-10T12:27:52","date_gmt":"2022-02-10T15:27:52","guid":{"rendered":"http:\/\/portalfloresnoar.com\/floresnoar\/?p=41785"},"modified":"2022-07-14T12:36:02","modified_gmt":"2022-07-14T15:36:02","slug":"agenda-jornada-on-line-de-reconhecimento-do-feminino-com-livia-falcao-a-partir-de-0507","status":"publish","type":"post","link":"https:\/\/portalfloresnoar.com\/floresnoar\/agenda-jornada-on-line-de-reconhecimento-do-feminino-com-livia-falcao-a-partir-de-0507\/","title":{"rendered":"[AGENDA] Jornada On-line de Reconhecimento do Feminino, com L\u00edvia Falc\u00e3o, a partir de 05\/07"},"content":{"rendered":"<p><img decoding=\"async\" loading=\"lazy\" class=\"aligncenter wp-image-41846 \" src=\"http:\/\/portalfloresnoar.com\/floresnoar\/wp-content\/uploads\/2022\/06\/vivencias-feminino-com-livia-falcao-560x700.jpeg\" alt=\"\" width=\"529\" height=\"661\" srcset=\"https:\/\/portalfloresnoar.com\/floresnoar\/wp-content\/uploads\/2022\/06\/vivencias-feminino-com-livia-falcao-560x700.jpeg 560w, https:\/\/portalfloresnoar.com\/floresnoar\/wp-content\/uploads\/2022\/06\/vivencias-feminino-com-livia-falcao-240x300.jpeg 240w, https:\/\/portalfloresnoar.com\/floresnoar\/wp-content\/uploads\/2022\/06\/vivencias-feminino-com-livia-falcao.jpeg 667w\" sizes=\"(max-width: 529px) 100vw, 529px\" \/><\/p>\n<p>Uma nova turma da \u2018Jornada de Reconhecimento do Feminino\u2019 ser\u00e1 iniciada no dia 05 de julho de 2022. A jornada, que desta vez traz o tema &#8216;Dan\u00e7ando o Sonho&#8217;, \u00e9 guiada pela artista e terapeuta L\u00edvia Falc\u00e3o, e \u00e9 composta por 13 encontros on-line semanais, que acontecer\u00e3o nas ter\u00e7as-feiras, das 19h \u00e0s 20h30, via Zoom, no per\u00edodo de 05\/07 a 27\/09.<\/p>\n<p>A &#8216;Jornada de Reconhecimento do Feminino&#8217; \u00e9 uma roda que acontece h\u00e1 mais de 7 anos, onde L\u00edvia traz sua medicina em partilhas xam\u00e2nicas e convites a mover e dan\u00e7ar. A viv\u00eancia \u00e9 aberta a mulheres e homens que sentem o chamado para\u00a0reconhecer a for\u00e7a e a luz do Feminino em Si, dan\u00e7ando os sonhos da Alma e honrando a\u00a0 Ancestralidade.<\/p>\n<p>&#8220;Nesses pr\u00f3ximos 13 encontros vamos vivenciar uma Roda de Cura, dan\u00e7ar nossos sonhos e receber a medicina dos 7 caminhos sagrados da transforma\u00e7\u00e3o humana, inspiradas por Jamie Sams e pela sabedoria milenar dos nativos da tribo Cherokee. Nesse mergulho, nos convidamos a equilibrar esses saberes e sentires em n\u00f3s, aumentando assim a pot\u00eancia do bom viver. \u00c9 um encontro acolhedor com nossas sombras e luzes, com a nossa arte e criatividade&#8221;, conta L\u00edvia, que prop\u00f5e pr\u00e1ticas reunindo elementos do Teatro, Xamanismo, Biodan\u00e7a e do Tempo Arte.<\/p>\n<p>GUIA DA JORNADA<br \/>\n<strong>L\u00edvia Falc\u00e3o<\/strong>\u00a0\u00e9 atriz de teatro, cinema e televis\u00e3o, palha\u00e7a, diretora e preparadora de elenco, tendo na Arte o seu primeiro caminho de autoconhecimento. H\u00e1 mais de dez anos, L\u00edvia atua tamb\u00e9m como terapeuta hol\u00edstica e Mulher Medicina. O Sistema dos Florais da Amaz\u00f4nia, a Biodan\u00e7a, a Terapia do Casulo, e a Lei do Tempo (Cosmologia Maia) s\u00e3o algumas das ferramentas que ela disponibiliza em atendimentos individuais e coletivos.<\/p>\n<p>SERVI\u00c7O<br \/>\n<strong>XIII Jornada de Reconhecimento do Feminino<\/strong><br \/>\n<strong>In\u00edcio:<\/strong>\u00a005 de julho de 2022<br \/>\n<strong>Dura\u00e7\u00e3o:<\/strong>\u00a005\/07 a 27\/09 (13 encontros, sempre nas ter\u00e7as-feiras)<br \/>\n<strong>Hor\u00e1rio:<\/strong>\u00a019h \u00e0s 20h30<br \/>\n<strong>Local:<\/strong>\u00a0On-line (via Zoom)<br \/>\n<strong>Valor de troca:<\/strong> Troca harm\u00f4nica: R$ 135,00 | Troca abundante: R$ 180,00<\/p>\n<p><strong>Inscri\u00e7\u00f5es atrav\u00e9s do preenchimento deste formul\u00e1rio:<\/strong><a href=\"https:\/\/docs.google.com\/forms\/d\/1UzNLOioZo0im7zqAG-Cym4ZXBPnWbYTPAS5BioLC_gw\/viewform?edit_requested=true\" target=\"_blank\" rel=\"noopener\">\u00a0https:\/\/docs.google.com\/forms\/d\/1UzNLOioZo0im7zqAG-Cym4ZXBPnWbYTPAS5BioLC_gw\/viewform?edit_requested=true<\/a><\/p>\n<p><strong>MAIS INFORMA\u00c7\u00d5ES:<\/strong><br \/>\n(81) 99986 3170 (WhatsApp)<\/p>\n","protected":false},"excerpt":{"rendered":"<p>Uma nova turma da \u2018Jornada de Reconhecimento do Feminino\u2019 ser\u00e1 iniciada no dia 05 de julho de 2022. A jornada, que desta vez traz o tema &#8216;Dan\u00e7ando o Sonho&#8217;, \u00e9 guiada pela artista e terapeuta L\u00edvia Falc\u00e3o, e \u00e9 composta por 13 encontros on-line semanais, que acontecer\u00e3o nas ter\u00e7as-feiras, das 19h \u00e0s 20h30, via Zoom, [&hellip;]<\/p>\n","protected":false},"author":1,"featured_media":41786,"comment_status":"open","ping_status":"open","sticky":false,"template":"","format":"standard","meta":{"om_disable_all_campaigns":false,"_monsterinsights_skip_tracking":false,"_monsterinsights_sitenote_active":false,"_monsterinsights_sitenote_note":"","_monsterinsights_sitenote_category":0,"footnotes":""},"categories":[8,214],"tags":[172,136,315,358,879,971],"acf":[],"publishpress_future_action":{"enabled":false,"date":"1969-12-31 21:00:00","action":"","terms":[],"taxonomy":"","browser_timezone_offset":0},"_links":{"self":[{"href":"https:\/\/portalfloresnoar.com\/floresnoar\/wp-json\/wp\/v2\/posts\/41785"}],"collection":[{"href":"https:\/\/portalfloresnoar.com\/floresnoar\/wp-json\/wp\/v2\/posts"}],"about":[{"href":"https:\/\/portalfloresnoar.com\/floresnoar\/wp-json\/wp\/v2\/types\/post"}],"author":[{"embeddable":true,"href":"https:\/\/portalfloresnoar.com\/floresnoar\/wp-json\/wp\/v2\/users\/1"}],"replies":[{"embeddable":true,"href":"https:\/\/portalfloresnoar.com\/floresnoar\/wp-json\/wp\/v2\/comments?post=41785"}],"version-history":[{"count":0,"href":"https:\/\/portalfloresnoar.com\/floresnoar\/wp-json\/wp\/v2\/posts\/41785\/revisions"}],"wp:featuredmedia":[{"embeddable":true,"href":"https:\/\/portalfloresnoar.com\/floresnoar\/wp-json\/wp\/v2\/media\/41786"}],"wp:attachment":[{"href":"https:\/\/portalfloresnoar.com\/floresnoar\/wp-json\/wp\/v2\/media?parent=41785"}],"wp:term":[{"taxonomy":"category","embeddable":true,"href":"https:\/\/portalfloresnoar.com\/floresnoar\/wp-json\/wp\/v2\/categories?post=41785"},{"taxonomy":"post_tag","embeddable":true,"href":"https:\/\/portalfloresnoar.com\/floresnoar\/wp-json\/wp\/v2\/tags?post=41785"}],"curies":[{"name":"wp","href":"https:\/\/api.w.org\/{rel}","templated":true}]}}