

{"id":41768,"date":"2022-06-09T10:10:37","date_gmt":"2022-06-09T13:10:37","guid":{"rendered":"http:\/\/portalfloresnoar.com\/floresnoar\/?p=41768"},"modified":"2022-06-09T16:03:08","modified_gmt":"2022-06-09T19:03:08","slug":"a-mulher-nomade-coluna","status":"publish","type":"post","link":"https:\/\/portalfloresnoar.com\/floresnoar\/a-mulher-nomade-coluna\/","title":{"rendered":"[A MULHER N\u00d4MADE] Coluna"},"content":{"rendered":"<p><iframe loading=\"lazy\" src=\"https:\/\/player.vimeo.com\/video\/17887942?h=59ca5c143f\" width=\"640\" height=\"480\" frameborder=\"0\" allowfullscreen=\"allowfullscreen\"><\/iframe><\/p>\n<p>| <em>Por Kelly Saura*<\/em> |<\/p>\n<p>Geralmente, a primeira obra de um\/a artista cont\u00e9m todas as outras.<\/p>\n<p>Coluna \u00e9 um conjunto de video-instala\u00e7\u00e3o e poema, elaborado em 2011. Foi quando eu nasci de novo. Quando tive que reaprender a me reeguer e sustentar, mesmo com as tor\u00e7\u00f5es de um corpo partido em peda\u00e7os. A primeira das sa\u00eddas que fa\u00e7o, de tempos em tempos, da caverna pra contemplar o mundo exterior. Depois retorno a ela. Ao meu interior, sert\u00e3o, oco, cinema, cabe\u00e7a. Onde nascem as imagens, onde elas se misturam e se sobrep\u00f5em. Essas primeiras imagens, de v\u00e1rios tempos, de onde venho e retorno em movimento centr\u00edpeto, infinito, perp\u00e9tuo. Coluna &#8211; no entorno dos seus ecos e reflex\u00f5es, que venho compondo o meu corpo de obra.<\/p>\n<p><strong><em>[Acima, o v\u00eddeo da instala\u00e7\u00e3o da artista Kelly Saura, realizada em Olinda, em 2011. Abaixo, texto escrito por Ana\u00edra Mahin.]\u00a0(Capta\u00e7\u00e3o de imagens e edi\u00e7\u00e3o do v\u00eddeo: Kelly Saura.)<\/em><\/strong><\/p>\n<p><em>coluna costura o c\u00e9u \u00e0 terra<\/em><br \/>\n<em> coluna escultura<\/em><br \/>\n<em> ex cultura<\/em><br \/>\n<em> os alicerces<\/em><br \/>\n<em> os ancestrais<\/em><br \/>\n<em> poesia suspensa do espelho<\/em><br \/>\n<em> outro transparente, outro transpar\u00eancia<\/em><br \/>\n<em> cio, ci\u00eancia<\/em><\/p>\n<p><em>self de pedra, pedra, paisagem<\/em><br \/>\n<em> horizonte, paisagem, quadro<\/em><br \/>\n<em> quadro sobre o quadro<\/em><br \/>\n<em> tecido, algod\u00e3o, vidro, madeira, m\u00e1rmore<\/em><br \/>\n<em> tecido humano, osso, tecido articulado<\/em><br \/>\n<em> coluna, costela, barro<\/em><\/p>\n<p><em>proje\u00e7\u00e3o, reflex\u00e3o<\/em><br \/>\n<em> litografia, radiografia<\/em><br \/>\n<em> tempo-f\u00edlmico, templo, tempo-ave<\/em><br \/>\n<em> a pedra e o p\u00e1ssaro<\/em><\/p>\n<p><em>a coluna torta<\/em><br \/>\n<em> vaso governador<\/em><br \/>\n<em> o oco, o v\u00e1cuo, o osso, o tutano<\/em><br \/>\n<em> arqueologia do corpo<\/em><br \/>\n<em> o sert\u00e3o do corpo<\/em><br \/>\n<em> sob o barro<\/em><br \/>\n<em> corpo de barro<\/em><br \/>\n<em> inscri\u00e7\u00f5es, rupestres, inscri\u00e7\u00f5es, cidades<\/em><\/p>\n<p><em>v\u00f4o rasante que medita<\/em><\/p>\n<p>&nbsp;<\/p>\n<pre><em>*Kelly Saura<\/em>\r\n <em> mulher, n\u00f4made (Recife-Brasil, 1986)<\/em>\r\n <em> artista visual, designer, curadora<\/em>\r\n <em> desenvolve e colabora com projetos culturais e sociais de m\u00eddia-t\u00e1tica<\/em>\r\n <em> articula tecnologias e linguagens do tempo<\/em>\r\n\r\n<strong>E-mail:<\/strong>\u00a0kellysaura@gmail.com\r\n<strong>Instagram:<\/strong> @saura.kelly<\/pre>\n","protected":false},"excerpt":{"rendered":"<p>| Por Kelly Saura* | Geralmente, a primeira obra de um\/a artista cont\u00e9m todas as outras. Coluna \u00e9 um conjunto de video-instala\u00e7\u00e3o e poema, elaborado em 2011. Foi quando eu nasci de novo. Quando tive que reaprender a me reeguer e sustentar, mesmo com as tor\u00e7\u00f5es de um corpo partido em peda\u00e7os. A primeira das [&hellip;]<\/p>\n","protected":false},"author":299,"featured_media":41771,"comment_status":"open","ping_status":"open","sticky":false,"template":"","format":"standard","meta":{"om_disable_all_campaigns":false,"_monsterinsights_skip_tracking":false,"_monsterinsights_sitenote_active":false,"_monsterinsights_sitenote_note":"","_monsterinsights_sitenote_category":0,"footnotes":""},"categories":[1092,220],"tags":[44,310,538,792,426],"acf":[],"publishpress_future_action":{"enabled":false,"date":"1969-12-31 21:00:00","action":"","terms":[],"taxonomy":"","browser_timezone_offset":0},"_links":{"self":[{"href":"https:\/\/portalfloresnoar.com\/floresnoar\/wp-json\/wp\/v2\/posts\/41768"}],"collection":[{"href":"https:\/\/portalfloresnoar.com\/floresnoar\/wp-json\/wp\/v2\/posts"}],"about":[{"href":"https:\/\/portalfloresnoar.com\/floresnoar\/wp-json\/wp\/v2\/types\/post"}],"author":[{"embeddable":true,"href":"https:\/\/portalfloresnoar.com\/floresnoar\/wp-json\/wp\/v2\/users\/299"}],"replies":[{"embeddable":true,"href":"https:\/\/portalfloresnoar.com\/floresnoar\/wp-json\/wp\/v2\/comments?post=41768"}],"version-history":[{"count":0,"href":"https:\/\/portalfloresnoar.com\/floresnoar\/wp-json\/wp\/v2\/posts\/41768\/revisions"}],"wp:featuredmedia":[{"embeddable":true,"href":"https:\/\/portalfloresnoar.com\/floresnoar\/wp-json\/wp\/v2\/media\/41771"}],"wp:attachment":[{"href":"https:\/\/portalfloresnoar.com\/floresnoar\/wp-json\/wp\/v2\/media?parent=41768"}],"wp:term":[{"taxonomy":"category","embeddable":true,"href":"https:\/\/portalfloresnoar.com\/floresnoar\/wp-json\/wp\/v2\/categories?post=41768"},{"taxonomy":"post_tag","embeddable":true,"href":"https:\/\/portalfloresnoar.com\/floresnoar\/wp-json\/wp\/v2\/tags?post=41768"}],"curies":[{"name":"wp","href":"https:\/\/api.w.org\/{rel}","templated":true}]}}