

{"id":41712,"date":"2022-02-02T10:00:30","date_gmt":"2022-02-02T13:00:30","guid":{"rendered":"http:\/\/portalfloresnoar.com\/floresnoar\/?p=41712"},"modified":"2022-06-09T09:38:55","modified_gmt":"2022-06-09T12:38:55","slug":"agenda-pe-criancas-indigenas-e-quilombolas-realizam-experimentos-de-videoarte","status":"publish","type":"post","link":"https:\/\/portalfloresnoar.com\/floresnoar\/agenda-pe-criancas-indigenas-e-quilombolas-realizam-experimentos-de-videoarte\/","title":{"rendered":"[AGENDA PE] Crian\u00e7as ind\u00edgenas e quilombolas realizam experimentos de videoarte"},"content":{"rendered":"<p><img decoding=\"async\" loading=\"lazy\" class=\"aligncenter wp-image-41714\" src=\"http:\/\/portalfloresnoar.com\/floresnoar\/wp-content\/uploads\/2022\/06\/videoarte-para-crian\u00e7as-668x700.jpg\" alt=\"\" width=\"525\" height=\"550\" srcset=\"https:\/\/portalfloresnoar.com\/floresnoar\/wp-content\/uploads\/2022\/06\/videoarte-para-crian\u00e7as-668x700.jpg 668w, https:\/\/portalfloresnoar.com\/floresnoar\/wp-content\/uploads\/2022\/06\/videoarte-para-crian\u00e7as-286x300.jpg 286w, https:\/\/portalfloresnoar.com\/floresnoar\/wp-content\/uploads\/2022\/06\/videoarte-para-crian\u00e7as.jpg 715w\" sizes=\"(max-width: 525px) 100vw, 525px\" \/><\/p>\n<p>Crian\u00e7as ind\u00edgenas,\u00a0do Territ\u00f3rio Ind\u00edgena Fulni-\u00f4, em \u00c1guas Belas\/PE, e crian\u00e7as quilombolas, da comunidade Quilombo Jardim, em Mirandiba\/PE, participam de 06 a 14 de junho do &#8216;Curso Videoarte para Crian\u00e7as&#8217;. Nas aulas, as novas tecnologias s\u00e3o ferramentas e tamb\u00e9m brinquedos, usadas a partir de um vi\u00e9s art\u00edstico, com base nos saberes tradicionais, atrav\u00e9s da hist\u00f3ria oral.<\/p>\n<p>O curso prop\u00f5e um espa\u00e7o de experimenta\u00e7\u00e3o audiovisual, considerando o fazer art\u00edstico como pr\u00e1tica educacional, no qual o aprender se d\u00e1 atrav\u00e9s da brincadeira e na busca das hist\u00f3rias de cada comunidade visitada.<\/p>\n<p>Uma das caracter\u00edsticas principais do projeto \u00e9 a equipe principal ser formada por educadores quilombolas e ind\u00edgenas, que se unem \u00e0 artista visual, educadora e cineasta, criadora do projeto, Lia Let\u00edcia, para ministrar as oficinas.<\/p>\n<p>Segundo Lia, a presen\u00e7a de mediadores e profissionais de cada comunidade garante que \u201cefetivem na pratica da sala de aula das escolas de suas respectivas comunidades o direito de suas crian\u00e7as e jovens a uma educa\u00e7\u00e3o escolar especifica e diferenciada, assegurado por lei.\u201d<\/p>\n<p>Angela Sheep, produtora local do projeto no Quilombo Jardim, ressalta: \u201cNossas comunidades est\u00e3o sendo afetadas cada dia na educa\u00e7\u00e3o. Desde 2017 v\u00eam sendo fechadas as escolas nas comunidades quilombolas. O nosso maior desafio est\u00e1 sendo manter os educadores quilombolas na luta pela &#8216;educquilombo&#8217;, ou seja, uma educa\u00e7\u00e3o quilombola.\u201d<\/p>\n<p>Hugo Fulni-\u00f4, fundador do <a href=\"https:\/\/www.youtube.com\/c\/ColetivoFulni%C3%B4DeCinema\" target=\"_blank\" rel=\"noopener\"><strong>Coletivo Fulni-\u00f4 de Cinema<\/strong><\/a>, afirma que \u201c\u00e9 relevante trazer e dialogar com a cultura local, inserindo desta forma os ind\u00edgenas no processo de execu\u00e7\u00e3o do projeto. N\u00f3s estamos \u00e0 frente de v\u00e1rias inciativas culturais dentro da aldeia e, s\u00f3 assim, fazendo parte ativamente do projeto, podemos garantir a melhor estrat\u00e9gia a ser posta com as crian\u00e7as da educa\u00e7\u00e3o escolar ind\u00edgena Fulni-\u00f4.\u201d<\/p>\n<p>Completam a equipe, Rose Lima (Experimento Produ\u00e7\u00f5es), produtora executiva e diretora de produ\u00e7\u00e3o; Expedito Nodjaja Fulni-\u00f4, produtor em \u00c1guas Belas; Marcyana Souza Fulni-\u00f4, educadora em \u00c1guas Belas; Gra\u00e7a da Silva, educadora de Mirandiba; Hugo Fulni-\u00f4, fotografia e edi\u00e7\u00e3o; e Adalberto Oliveira, apoio de imagens em Quilombo Jardim. A arte gr\u00e1fica \u00e9 de Zzui Ferreira.<\/p>\n<p>Ao final do curso, em cada localidade, haver\u00e1 uma celebra\u00e7\u00e3o com a exibi\u00e7\u00e3o das produ\u00e7\u00f5es realizadas pelas crian\u00e7as, fortalecendo os la\u00e7os com a comunidade e partilhando os processos como forma de aprendizado. Os trabalhos finalizados poder\u00e3o ser acessados gratuitamente no perfil do Instagram do projeto <a href=\"https:\/\/www.instagram.com\/videoarteparacriancas\/\" target=\"_blank\" rel=\"noopener\">@videoarteparacriancas<\/a>.<\/p>\n<p>O projeto foi incentivado pelo edital Funcultura Geral 2019\/20, do Governo do Estado de Pernambuco.<\/p>\n<p>&nbsp;<\/p>\n","protected":false},"excerpt":{"rendered":"<p>Crian\u00e7as ind\u00edgenas,\u00a0do Territ\u00f3rio Ind\u00edgena Fulni-\u00f4, em \u00c1guas Belas\/PE, e crian\u00e7as quilombolas, da comunidade Quilombo Jardim, em Mirandiba\/PE, participam de 06 a 14 de junho do &#8216;Curso Videoarte para Crian\u00e7as&#8217;. Nas aulas, as novas tecnologias s\u00e3o ferramentas e tamb\u00e9m brinquedos, usadas a partir de um vi\u00e9s art\u00edstico, com base nos saberes tradicionais, atrav\u00e9s da hist\u00f3ria oral. [&hellip;]<\/p>\n","protected":false},"author":1,"featured_media":41713,"comment_status":"open","ping_status":"open","sticky":false,"template":"","format":"standard","meta":{"om_disable_all_campaigns":false,"_monsterinsights_skip_tracking":false,"_monsterinsights_sitenote_active":false,"_monsterinsights_sitenote_note":"","_monsterinsights_sitenote_category":0,"footnotes":""},"categories":[8,214],"tags":[121,223,1194,1193],"acf":[],"publishpress_future_action":{"enabled":false,"date":"1969-12-31 21:00:00","action":"","terms":[],"taxonomy":"","browser_timezone_offset":0},"_links":{"self":[{"href":"https:\/\/portalfloresnoar.com\/floresnoar\/wp-json\/wp\/v2\/posts\/41712"}],"collection":[{"href":"https:\/\/portalfloresnoar.com\/floresnoar\/wp-json\/wp\/v2\/posts"}],"about":[{"href":"https:\/\/portalfloresnoar.com\/floresnoar\/wp-json\/wp\/v2\/types\/post"}],"author":[{"embeddable":true,"href":"https:\/\/portalfloresnoar.com\/floresnoar\/wp-json\/wp\/v2\/users\/1"}],"replies":[{"embeddable":true,"href":"https:\/\/portalfloresnoar.com\/floresnoar\/wp-json\/wp\/v2\/comments?post=41712"}],"version-history":[{"count":0,"href":"https:\/\/portalfloresnoar.com\/floresnoar\/wp-json\/wp\/v2\/posts\/41712\/revisions"}],"wp:featuredmedia":[{"embeddable":true,"href":"https:\/\/portalfloresnoar.com\/floresnoar\/wp-json\/wp\/v2\/media\/41713"}],"wp:attachment":[{"href":"https:\/\/portalfloresnoar.com\/floresnoar\/wp-json\/wp\/v2\/media?parent=41712"}],"wp:term":[{"taxonomy":"category","embeddable":true,"href":"https:\/\/portalfloresnoar.com\/floresnoar\/wp-json\/wp\/v2\/categories?post=41712"},{"taxonomy":"post_tag","embeddable":true,"href":"https:\/\/portalfloresnoar.com\/floresnoar\/wp-json\/wp\/v2\/tags?post=41712"}],"curies":[{"name":"wp","href":"https:\/\/api.w.org\/{rel}","templated":true}]}}