

{"id":41600,"date":"2022-05-10T09:20:49","date_gmt":"2022-05-10T12:20:49","guid":{"rendered":"http:\/\/portalfloresnoar.com\/floresnoar\/?p=41600"},"modified":"2022-05-10T09:26:40","modified_gmt":"2022-05-10T12:26:40","slug":"historia-dos-irmaos-evento-sera-contada-em-filme","status":"publish","type":"post","link":"https:\/\/portalfloresnoar.com\/floresnoar\/historia-dos-irmaos-evento-sera-contada-em-filme\/","title":{"rendered":"Hist\u00f3ria dos &#8216;Irm\u00e3os Evento&#8217; ser\u00e1 contada em filme!"},"content":{"rendered":"<p><img decoding=\"async\" loading=\"lazy\" class=\"aligncenter wp-image-41601 size-full\" src=\"http:\/\/portalfloresnoar.com\/floresnoar\/wp-content\/uploads\/2022\/05\/IRMAOS-EVENTO-foto-arquivo-Coyote.jpg\" alt=\"\" width=\"600\" height=\"400\" srcset=\"https:\/\/portalfloresnoar.com\/floresnoar\/wp-content\/uploads\/2022\/05\/IRMAOS-EVENTO-foto-arquivo-Coyote.jpg 600w, https:\/\/portalfloresnoar.com\/floresnoar\/wp-content\/uploads\/2022\/05\/IRMAOS-EVENTO-foto-arquivo-Coyote-300x200.jpg 300w\" sizes=\"(max-width: 600px) 100vw, 600px\" \/><\/p>\n<p>No Recife dos anos oitenta, dois irm\u00e3os, judeus n\u00e3o-ortodoxos, Abrah\u00e3o e Joel Datz, circulavam pelo Recife cumprindo uma agitada agenda cultural. De penetras ou n\u00e3o, com roupas iguais ou pelo avesso &#8211; quase onipresente na vida noturna da cidade &#8211; eles seguiam. A bela hist\u00f3ria dos Irm\u00e3os Evento est\u00e1 para virar filme! Para angariar recursos financeiros para produ\u00e7\u00e3o, uma equipe de profissionais do audiovisual est\u00e1 realizando um financiamento coletivo on-line, dispon\u00edvel neste link: <a href=\"https:\/\/bit.ly\/3OTYpcT\" target=\"_blank\" rel=\"noopener\">https:\/\/bit.ly\/3OTYpcT<\/a><\/p>\n<p>&#8220;J\u00e1 temos algumas cenas rodadas, muita pesquisa envolvida, a cataloga\u00e7\u00e3o do acervo sendo realizada e novas filmagens pela frente, al\u00e9m da edi\u00e7\u00e3o, finaliza\u00e7\u00e3o e lan\u00e7amento da obra, que j\u00e1 tem nome: &#8216;A Vida Evento&#8217;. Estamos contando com esta &#8216;vaquinha on-line&#8217;, acreditando na pot\u00eancia desta ferramenta que \u00e9 baseada na economia colaborativa e solid\u00e1ria. As doa\u00e7\u00f5es podem ser feitas a partir de R$ 20,00, oferecendo recompensas aos financiadores\/parceiros. A plataforma \u00e9 simples, segura e oferece v\u00e1rias formas de pagamento (PIX, cart\u00e3o, boleto)&#8221;, informam os produtores do filme.<\/p>\n<p>SOBRE OS IRM\u00c3OS EVENTO<\/p>\n<p><iframe loading=\"lazy\" title=\"YouTube video player\" src=\"https:\/\/www.youtube.com\/embed\/ulU6MVH34FA\" width=\"560\" height=\"315\" frameborder=\"0\" allowfullscreen=\"allowfullscreen\"><\/iframe><\/p>\n<p>L\u00e1 nos idos dos anos 80, a peregrina\u00e7\u00e3o de\u00a0 Abrah\u00e3o e Joel Datz come\u00e7ava cedo procurando eventos nos cadernos de cultura. Valia um show, uma exposi\u00e7\u00e3o, um lan\u00e7amento de livro, a inaugura\u00e7\u00e3o de um espa\u00e7o p\u00fablico e, claro, as famigeradas festas privadas, da agitada\u00a0<em>hi-society<\/em>\u00a0recifense.<\/p>\n<p>Dificilmente bastidores de estreias nacionais ou casamentos luxuosos da sociedade pernambucana passavam despercebidos por eles. A fama dos barbudos cresceu tanto que se tornaram uma \u201cchancela f\u00edsica\u201d, uma esp\u00e9cie de carimbo de \u201ceventos bem sucedidos\u201d. Diziam que se a dupla n\u00e3o tivesse comparecido, o evento n\u00e3o teria sido l\u00e1 essas coisas.<\/p>\n<p>De figurantes na cena cultural \u00e0 citados em colunas sociais foram batizados &#8220;Irm\u00e3os Evento&#8221;, fazendo jus ao t\u00edtulo de &#8220;event\u00f3logos&#8221;. E para provar que o assunto era s\u00e9rio, eles tinham at\u00e9 um charmoso cart\u00e3o de visitas.<\/p>\n<p>A hist\u00f3ria dos Irm\u00e3os Evento est\u00e1 intimamente ligada a uma \u00e9poca \u00e1urea do Recife, terra do frevo, do maracatu e das tantas cenas art\u00edsticas que se encontravam nas livrarias, teatros, cinemas e, claro, nas badaladas casas noturnas da capital pernambucana. <a href=\"https:\/\/www.suamusica.com.br\/irmaosevento\/de-olho-na-mordomia\" target=\"_blank\" rel=\"noopener\">At\u00e9 Capiba fez m\u00fasica para os mestres da eventologia<\/a>!<\/p>\n<p>Sem celular, televis\u00e3o ou internet,\u00a0<em>Joel<\/em>\u00a0e\u00a0<em>Abrah\u00e3o\u00a0<\/em>contabilizaram a matem\u00e1tica dos 60 mil eventos, em 40 anos de andan\u00e7as e boas farras. Uma m\u00e9dia de 4 eventos por dia. Um feito digno do\u00a0<em>Guinness Book.<\/em><\/p>\n<p>Em 1995, uma fatalidade encerra a aventura dos insepar\u00e1veis irm\u00e3os.\u00a0<em>Abrah\u00e3o\u00a0<\/em>sentiu-se mal na sa\u00edda de um dos eventos e caiu no ch\u00e3o. Foi o cora\u00e7\u00e3o. Tinha 52 anos. Naturalmente, a empolga\u00e7\u00e3o de quem sempre teve um parceiro na miss\u00e3o foi diminuindo e a sua presen\u00e7a nos eventos tamb\u00e9m. Joel perdeu sua metade, a parte que lhe completava.<\/p>\n<p><img decoding=\"async\" loading=\"lazy\" class=\"alignleft wp-image-41602 \" src=\"http:\/\/portalfloresnoar.com\/floresnoar\/wp-content\/uploads\/2022\/05\/joel-itm\u00e3os-evento.jpg\" alt=\"\" width=\"375\" height=\"422\" srcset=\"https:\/\/portalfloresnoar.com\/floresnoar\/wp-content\/uploads\/2022\/05\/joel-itm\u00e3os-evento.jpg 460w, https:\/\/portalfloresnoar.com\/floresnoar\/wp-content\/uploads\/2022\/05\/joel-itm\u00e3os-evento-266x300.jpg 266w\" sizes=\"(max-width: 375px) 100vw, 375px\" \/>De l\u00e1 pra c\u00e1 acompanhamos a falta de sentido que essa s\u00fabita partida causou na vida do Irm\u00e3o Evento mais novo. Muitos achavam que eram g\u00eameos, mas tinham doze anos de diferen\u00e7a e uma conex\u00e3o insubstitu\u00edvel. Num ritmo mais lento, Joel seguiu sozinho. Em 2019, artistas se reuniram e deram in\u00edcio a campanha\u00a0<a href=\"https:\/\/www.leiaja.com\/cultura\/2019\/11\/13\/fica-joel-campanha-pede-valorizacao-do-irmao-evento\/\">#ficajoel<\/a>\u00a0para sensibilizar o pr\u00f3prio a n\u00e3o deixar a cidade. Ele reclamava do tratamento que lhe era dado nos eventos atuais.<\/p>\n<p>A idade avan\u00e7ou, a Covid chegou e o sil\u00eancio da falta de eventos deixou\u00a0<em>Joel,<\/em>\u00a0ainda mais, recluso em seu apartamento lotado de lembran\u00e7as.<\/p>\n<p>Em 16 de julho de 2021, aos 76 anos,\u00a0<em>Joel\u00a0<\/em>partiu. Assim como o irm\u00e3o, foi o cora\u00e7\u00e3o. Num enterro discreto, se despediu da cidade em dia de festa. Dia de Nossa Senhora do Carmo, a padroeira do Recife.<\/p>\n<p>O pol\u00eamico casar\u00e3o na pra\u00e7a Chora Menino continua em ru\u00ednas. Pretende se tornar o Museu Evento. O acervo da dupla est\u00e1 sendo catalogado por\u00a0<em>Guilherme Zaicaner<\/em>, que al\u00e9m de amigo e f\u00e3, conduz uma pesquisa in\u00e9dita sobre a Eventologia protagonizada pelos Irm\u00e3os Evento.<\/p>\n<p><em>Fonte das informa\u00e7\u00f5es:\u00a0<a href=\"https:\/\/bit.ly\/3OTYpcT\" target=\"_blank\" rel=\"noopener\">P\u00e1gina do financiamento coletivo sobre o filme &#8216;A Vida Evento&#8217;<\/a><\/em><\/p>\n<p><strong>PARA COLABORAR COM O FILME &#8216;A VIDA EVENTO&#8217;, ACESSE:\u00a0<a href=\"https:\/\/bit.ly\/3OTYpcT\" target=\"_blank\" rel=\"noopener\">https:\/\/bit.ly\/3OTYpcT<\/a><\/strong><\/p>\n<p><strong>Mais informa\u00e7\u00f5es:<\/strong> avidaevento@gmail.com<br \/>\n<strong>Instagram:<\/strong> <a href=\"https:\/\/www.instagram.com\/irmaosevento\/\" target=\"_blank\" rel=\"noopener\">@irmaosevento<\/a><\/p>\n<p><strong>EQUIPE DO PROJETO<\/strong><br \/>\n<strong>Guilherme Zaicaner<\/strong>\u00a0(argumento, roteiro e produ\u00e7\u00e3o geral)<br \/>\n<strong>Amanda Nascimento<\/strong>\u00a0(argumento, pesquisa, roteiro e dire\u00e7\u00e3o)<br \/>\n<strong>Max Levay<\/strong><strong>\u00a0<\/strong>(dire\u00e7\u00e3o, fotografia, edi\u00e7\u00e3o)<br \/>\n<strong>Bianca Pimentel<\/strong>\u00a0(produ\u00e7\u00e3o, crowdfunding e conte\u00fado)<br \/>\n<strong>Ga\u00facho AeroRec<\/strong>\u00a0(drone)<br \/>\n<strong>Nina Luna<\/strong>\u00a0(assistente de fotografia)<br \/>\n<strong>Ravi Moreno e Carlos Aquino<\/strong>\u00a0(som direto)<\/p>\n<p>&nbsp;<\/p>\n","protected":false},"excerpt":{"rendered":"<p>No Recife dos anos oitenta, dois irm\u00e3os, judeus n\u00e3o-ortodoxos, Abrah\u00e3o e Joel Datz, circulavam pelo Recife cumprindo uma agitada agenda cultural. De penetras ou n\u00e3o, com roupas iguais ou pelo avesso &#8211; quase onipresente na vida noturna da cidade &#8211; eles seguiam. A bela hist\u00f3ria dos Irm\u00e3os Evento est\u00e1 para virar filme! Para angariar recursos [&hellip;]<\/p>\n","protected":false},"author":1,"featured_media":41603,"comment_status":"open","ping_status":"open","sticky":false,"template":"","format":"standard","meta":{"om_disable_all_campaigns":false,"_monsterinsights_skip_tracking":false,"_monsterinsights_sitenote_active":false,"_monsterinsights_sitenote_note":"","_monsterinsights_sitenote_category":0,"footnotes":""},"categories":[9],"tags":[121,1178,1177],"acf":[],"publishpress_future_action":{"enabled":false,"date":"1969-12-31 21:00:00","action":"","terms":[],"taxonomy":"","browser_timezone_offset":0},"_links":{"self":[{"href":"https:\/\/portalfloresnoar.com\/floresnoar\/wp-json\/wp\/v2\/posts\/41600"}],"collection":[{"href":"https:\/\/portalfloresnoar.com\/floresnoar\/wp-json\/wp\/v2\/posts"}],"about":[{"href":"https:\/\/portalfloresnoar.com\/floresnoar\/wp-json\/wp\/v2\/types\/post"}],"author":[{"embeddable":true,"href":"https:\/\/portalfloresnoar.com\/floresnoar\/wp-json\/wp\/v2\/users\/1"}],"replies":[{"embeddable":true,"href":"https:\/\/portalfloresnoar.com\/floresnoar\/wp-json\/wp\/v2\/comments?post=41600"}],"version-history":[{"count":0,"href":"https:\/\/portalfloresnoar.com\/floresnoar\/wp-json\/wp\/v2\/posts\/41600\/revisions"}],"wp:featuredmedia":[{"embeddable":true,"href":"https:\/\/portalfloresnoar.com\/floresnoar\/wp-json\/wp\/v2\/media\/41603"}],"wp:attachment":[{"href":"https:\/\/portalfloresnoar.com\/floresnoar\/wp-json\/wp\/v2\/media?parent=41600"}],"wp:term":[{"taxonomy":"category","embeddable":true,"href":"https:\/\/portalfloresnoar.com\/floresnoar\/wp-json\/wp\/v2\/categories?post=41600"},{"taxonomy":"post_tag","embeddable":true,"href":"https:\/\/portalfloresnoar.com\/floresnoar\/wp-json\/wp\/v2\/tags?post=41600"}],"curies":[{"name":"wp","href":"https:\/\/api.w.org\/{rel}","templated":true}]}}