

{"id":41596,"date":"2022-01-10T08:43:29","date_gmt":"2022-01-10T11:43:29","guid":{"rendered":"http:\/\/portalfloresnoar.com\/floresnoar\/?p=41596"},"modified":"2022-05-16T15:17:47","modified_gmt":"2022-05-16T18:17:47","slug":"agenda-pe-neste-sabado1405-tem-sarau-em-aldeia","status":"publish","type":"post","link":"https:\/\/portalfloresnoar.com\/floresnoar\/agenda-pe-neste-sabado1405-tem-sarau-em-aldeia\/","title":{"rendered":"[AGENDA PE] 3\u00aa edi\u00e7\u00e3o do Sarau Araponga em Aldeia"},"content":{"rendered":"<p><img decoding=\"async\" loading=\"lazy\" class=\"aligncenter wp-image-41597 \" src=\"http:\/\/portalfloresnoar.com\/floresnoar\/wp-content\/uploads\/2022\/05\/sarau-em-aldeia.jpg\" alt=\"\" width=\"557\" height=\"552\" srcset=\"https:\/\/portalfloresnoar.com\/floresnoar\/wp-content\/uploads\/2022\/05\/sarau-em-aldeia.jpg 612w, https:\/\/portalfloresnoar.com\/floresnoar\/wp-content\/uploads\/2022\/05\/sarau-em-aldeia-150x150.jpg 150w, https:\/\/portalfloresnoar.com\/floresnoar\/wp-content\/uploads\/2022\/05\/sarau-em-aldeia-300x297.jpg 300w, https:\/\/portalfloresnoar.com\/floresnoar\/wp-content\/uploads\/2022\/05\/sarau-em-aldeia-100x100.jpg 100w\" sizes=\"(max-width: 557px) 100vw, 557px\" \/><\/p>\n<p>No dia 14\/05 (s\u00e1bado) acontece a 3\u00aa edi\u00e7\u00e3o do Sarau Araponga, no Km 10 de Aldeia dos Camar\u00e1s, pr\u00f3ximo ao Recife. O evento ser\u00e1 das 15h \u00e0s 20h, contando com feira, cineclube, palestra e apresenta\u00e7\u00f5es musicais do violinista <a href=\"https:\/\/www.instagram.com\/meninodoviolino\/\" target=\"_blank\" rel=\"noopener\">Max Antonio\u00a0<\/a>, da cantora e compositora <a href=\"https:\/\/www.instagram.com\/galvoao\/\" target=\"_blank\" rel=\"noopener\">Galvo\u0308ao<\/a>\u00a0e do artista <a href=\"https:\/\/www.instagram.com\/fernandoremiggio\/\" target=\"_blank\" rel=\"noopener\">Fernando Rem\u00edgio<\/a>. O espa\u00e7o \u00e9 aberto, com estacionamento, e a entrada \u00e9 gratuita!<\/p>\n<p>A palestra desta edi\u00e7\u00e3o abordar\u00e1 o tema: &#8216;Impacto humano sobre a Mata Atl\u00e2ntica. Como viver em harmonia com nossa biodiversidade da APA (\u00c1rea de Prote\u00e7\u00e3o Ambiental), com Com Rodrigo Leite, secret\u00e1rio Executivo do CONDEMA &#8211; Paudalho e Cinthia Lima, gestora da APA Aldeia-Beberibe. O projeto @amordemuda tamb\u00e9m estar\u00e1 presente. Voc\u00ea leva um 1kg de alimento e leve pra casa uma muda. O filme do cineclube ser\u00e1 apresentado por\u00a0Luiz Galego, da\u00a0 <a href=\"https:\/\/www.instagram.com\/csa_biodinamica\/\" target=\"_blank\" rel=\"noopener\">CSA Biodian\u00e2mica 40\u00b0 Nordeste<\/a>\u00a0.<\/p>\n<p>A partir das 15h a feirinha j\u00e1 estar\u00e1 acontecendo, com lanches saud\u00e1veis, artesanato, cosm\u00e9tica natural, entre outros produtos.<\/p>\n<p>SERVI\u00c7O<br \/>\n<strong>3\u00aa edi\u00e7\u00e3o do Sarau Araponga<\/strong><br \/>\n<strong>Dia:<\/strong> 14\/05\/2022 (s\u00e1bado)<br \/>\n<strong>Hora:<\/strong> 15h \u00e0s 20h<br \/>\n<strong>Local:<\/strong> Galeria Aldeia Green Park &#8211; Estrada de Aldeia, km 10.<\/p>\n<p><em><strong>Obs.:<\/strong> Tragam suas sacolas, copos, esteiras, banquinhos e alegria.<\/em><\/p>\n<p>&nbsp;<\/p>\n","protected":false},"excerpt":{"rendered":"<p>No dia 14\/05 (s\u00e1bado) acontece a 3\u00aa edi\u00e7\u00e3o do Sarau Araponga, no Km 10 de Aldeia dos Camar\u00e1s, pr\u00f3ximo ao Recife. O evento ser\u00e1 das 15h \u00e0s 20h, contando com feira, cineclube, palestra e apresenta\u00e7\u00f5es musicais do violinista Max Antonio\u00a0, da cantora e compositora Galvo\u0308ao\u00a0e do artista Fernando Rem\u00edgio. O espa\u00e7o \u00e9 aberto, com estacionamento, [&hellip;]<\/p>\n","protected":false},"author":1,"featured_media":41598,"comment_status":"open","ping_status":"open","sticky":false,"template":"","format":"standard","meta":{"om_disable_all_campaigns":false,"_monsterinsights_skip_tracking":false,"_monsterinsights_sitenote_active":false,"_monsterinsights_sitenote_note":"","_monsterinsights_sitenote_category":0,"footnotes":""},"categories":[8,214],"tags":[670,383,31,51,1176],"acf":[],"publishpress_future_action":{"enabled":false,"date":"1969-12-31 21:00:00","action":"","terms":[],"taxonomy":"","browser_timezone_offset":0},"_links":{"self":[{"href":"https:\/\/portalfloresnoar.com\/floresnoar\/wp-json\/wp\/v2\/posts\/41596"}],"collection":[{"href":"https:\/\/portalfloresnoar.com\/floresnoar\/wp-json\/wp\/v2\/posts"}],"about":[{"href":"https:\/\/portalfloresnoar.com\/floresnoar\/wp-json\/wp\/v2\/types\/post"}],"author":[{"embeddable":true,"href":"https:\/\/portalfloresnoar.com\/floresnoar\/wp-json\/wp\/v2\/users\/1"}],"replies":[{"embeddable":true,"href":"https:\/\/portalfloresnoar.com\/floresnoar\/wp-json\/wp\/v2\/comments?post=41596"}],"version-history":[{"count":0,"href":"https:\/\/portalfloresnoar.com\/floresnoar\/wp-json\/wp\/v2\/posts\/41596\/revisions"}],"wp:featuredmedia":[{"embeddable":true,"href":"https:\/\/portalfloresnoar.com\/floresnoar\/wp-json\/wp\/v2\/media\/41598"}],"wp:attachment":[{"href":"https:\/\/portalfloresnoar.com\/floresnoar\/wp-json\/wp\/v2\/media?parent=41596"}],"wp:term":[{"taxonomy":"category","embeddable":true,"href":"https:\/\/portalfloresnoar.com\/floresnoar\/wp-json\/wp\/v2\/categories?post=41596"},{"taxonomy":"post_tag","embeddable":true,"href":"https:\/\/portalfloresnoar.com\/floresnoar\/wp-json\/wp\/v2\/tags?post=41596"}],"curies":[{"name":"wp","href":"https:\/\/api.w.org\/{rel}","templated":true}]}}