

{"id":41590,"date":"2022-01-13T10:54:00","date_gmt":"2022-01-13T13:54:00","guid":{"rendered":"http:\/\/portalfloresnoar.com\/floresnoar\/?p=41590"},"modified":"2022-06-06T19:03:18","modified_gmt":"2022-06-06T22:03:18","slug":"agenda-semana-da-biografia-humana-de-3005-a-0306-on-line","status":"publish","type":"post","link":"https:\/\/portalfloresnoar.com\/floresnoar\/agenda-semana-da-biografia-humana-de-3005-a-0306-on-line\/","title":{"rendered":"[AGENDA] Semana da Biografia Humana, de 30\/05 a 03\/06, on-line"},"content":{"rendered":"<p><img decoding=\"async\" loading=\"lazy\" class=\"aligncenter wp-image-41610 \" src=\"http:\/\/portalfloresnoar.com\/floresnoar\/wp-content\/uploads\/2022\/05\/antroposofia-semana-biografia-humana.jpg\" alt=\"\" width=\"576\" height=\"576\" srcset=\"https:\/\/portalfloresnoar.com\/floresnoar\/wp-content\/uploads\/2022\/05\/antroposofia-semana-biografia-humana.jpg 670w, https:\/\/portalfloresnoar.com\/floresnoar\/wp-content\/uploads\/2022\/05\/antroposofia-semana-biografia-humana-150x150.jpg 150w, https:\/\/portalfloresnoar.com\/floresnoar\/wp-content\/uploads\/2022\/05\/antroposofia-semana-biografia-humana-300x300.jpg 300w, https:\/\/portalfloresnoar.com\/floresnoar\/wp-content\/uploads\/2022\/05\/antroposofia-semana-biografia-humana-100x100.jpg 100w\" sizes=\"(max-width: 576px) 100vw, 576px\" \/><\/p>\n<p>O N\u00facleo de Aprofundamento Antropos\u00f3fico promove, de 30 de maio a 3 de junho de 2022, a Semana da Biografia Humana. Al\u00e9m de palestras com autoridades na Biografia Humana ampliada na Vis\u00e3o Antropos\u00f3fica, o evento tamb\u00e9m contar\u00e1 com viv\u00eancias terap\u00eauticas atrav\u00e9s dos Contos Curativos. O encontro \u00e9 voltado\u00a0para quem deseja conhecer ou se aprofundar nos conhecimentos da Antroposofia, dando um novo passo no processo de autoconhecimento.<\/p>\n<p>De acordo com a Antroposofia, a cada sete anos passamos por mudan\u00e7as fisiol\u00f3gicas, emocionais e psicol\u00f3gicas, que nos trazem desafios e novos aprendizados. &#8220;Essas mudan\u00e7as causam em n\u00f3s sentimentos, pensamentos e vontades que antes desconhec\u00edamos. Questionamos a n\u00f3s mesmos, aos outros, \u00e0 nossa realidade como um todo. Esses momentos se caracterizam pelas crises das idades. A cada set\u00eanio, passamos por crises, e olhar para esses momentos de revolu\u00e7\u00e3o interna amplia a consci\u00eancia e a possibilidade de se acolher&#8221;, explicam Janise Paiva e Suely Portela, respons\u00e1veis pelo N\u00facleo de Aprofundamento Antropos\u00f3fico.<\/p>\n<p>&#8220;O que voc\u00ea tem aprendido com a sua pr\u00f3pria hist\u00f3ria? A sua hist\u00f3ria \u00e9 o maior professor que voc\u00ea pode ter.\u00a0O que voc\u00ea tem aprendido com a sua pr\u00f3pria hist\u00f3ria? A Semana da Biografia Humana visa colaborar no entendimento das\u00a0crises biogr\u00e1ficas, refletindo sobre como elas podem influenciar as suas escolhas, podar as suas potencialidades e te privar da autoconsci\u00eancia. O objetivo \u00e9 que cada um tome a vida nas pr\u00f3prias m\u00e3os e trilhe com consci\u00eancia o seu caminho de desenvolvimento interior, obtendo reflexos transformadores e positivos nos \u00e2mbitos pessoal, profissional e de relacionamentos&#8221;.<\/p>\n<p><em><strong>CONFIRA ABAIXO A PROGRAMA\u00c7\u00c3O!<\/strong><\/em><\/p>\n<p><img decoding=\"async\" loading=\"lazy\" class=\"aligncenter wp-image-41622\" src=\"http:\/\/portalfloresnoar.com\/floresnoar\/wp-content\/uploads\/2022\/05\/biografia-humana-1-700x700.jpg\" alt=\"\" width=\"628\" height=\"628\" srcset=\"https:\/\/portalfloresnoar.com\/floresnoar\/wp-content\/uploads\/2022\/05\/biografia-humana-1-700x700.jpg 700w, https:\/\/portalfloresnoar.com\/floresnoar\/wp-content\/uploads\/2022\/05\/biografia-humana-1-150x150.jpg 150w, https:\/\/portalfloresnoar.com\/floresnoar\/wp-content\/uploads\/2022\/05\/biografia-humana-1-300x300.jpg 300w, https:\/\/portalfloresnoar.com\/floresnoar\/wp-content\/uploads\/2022\/05\/biografia-humana-1-768x768.jpg 768w, https:\/\/portalfloresnoar.com\/floresnoar\/wp-content\/uploads\/2022\/05\/biografia-humana-1-100x100.jpg 100w, https:\/\/portalfloresnoar.com\/floresnoar\/wp-content\/uploads\/2022\/05\/biografia-humana-1.jpg 1080w\" sizes=\"(max-width: 628px) 100vw, 628px\" \/><\/p>\n<p><img decoding=\"async\" loading=\"lazy\" class=\"aligncenter wp-image-41623\" src=\"http:\/\/portalfloresnoar.com\/floresnoar\/wp-content\/uploads\/2022\/05\/biografia-humana-2-700x700.jpg\" alt=\"\" width=\"628\" height=\"628\" srcset=\"https:\/\/portalfloresnoar.com\/floresnoar\/wp-content\/uploads\/2022\/05\/biografia-humana-2-700x700.jpg 700w, https:\/\/portalfloresnoar.com\/floresnoar\/wp-content\/uploads\/2022\/05\/biografia-humana-2-150x150.jpg 150w, https:\/\/portalfloresnoar.com\/floresnoar\/wp-content\/uploads\/2022\/05\/biografia-humana-2-300x300.jpg 300w, https:\/\/portalfloresnoar.com\/floresnoar\/wp-content\/uploads\/2022\/05\/biografia-humana-2-768x768.jpg 768w, https:\/\/portalfloresnoar.com\/floresnoar\/wp-content\/uploads\/2022\/05\/biografia-humana-2-100x100.jpg 100w, https:\/\/portalfloresnoar.com\/floresnoar\/wp-content\/uploads\/2022\/05\/biografia-humana-2.jpg 1080w\" sizes=\"(max-width: 628px) 100vw, 628px\" \/><\/p>\n<p><strong>INSCRI\u00c7\u00d5ES PARA A SEMANA DA BIOGRAFIA HUMANA, neste link:<\/strong> <a href=\"https:\/\/nucleoapantroposofico.com.br\/semana-da-biografia-humana\" target=\"_blank\" rel=\"noopener\">https:\/\/nucleoapantroposofico.com.br\/semana-da-biografia-humana<\/a><\/p>\n<p>MAIS INFORMA\u00c7\u00d5ES<br \/>\n<strong>WhatsApp:<\/strong>\u00a0(81) 99908-5069<br \/>\n<strong>E-mail:<\/strong>\u00a0nucleoantroposofico@gmail.com<br \/>\n<strong>Instagram:<\/strong>\u00a0<a href=\"https:\/\/www.instagram.com\/nucleoapantroposofico\/\" target=\"_blank\" rel=\"noopener\">@nucleoantroposofico<\/a><\/p>\n","protected":false},"excerpt":{"rendered":"<p>O N\u00facleo de Aprofundamento Antropos\u00f3fico promove, de 30 de maio a 3 de junho de 2022, a Semana da Biografia Humana. Al\u00e9m de palestras com autoridades na Biografia Humana ampliada na Vis\u00e3o Antropos\u00f3fica, o evento tamb\u00e9m contar\u00e1 com viv\u00eancias terap\u00eauticas atrav\u00e9s dos Contos Curativos. O encontro \u00e9 voltado\u00a0para quem deseja conhecer ou se aprofundar nos [&hellip;]<\/p>\n","protected":false},"author":1,"featured_media":41612,"comment_status":"open","ping_status":"open","sticky":false,"template":"","format":"standard","meta":{"om_disable_all_campaigns":false,"_monsterinsights_skip_tracking":false,"_monsterinsights_sitenote_active":false,"_monsterinsights_sitenote_note":"","_monsterinsights_sitenote_category":0,"footnotes":""},"categories":[8,214],"tags":[23,577,305],"acf":[],"publishpress_future_action":{"enabled":false,"date":"1969-12-31 21:00:00","action":"","terms":[],"taxonomy":"","browser_timezone_offset":0},"_links":{"self":[{"href":"https:\/\/portalfloresnoar.com\/floresnoar\/wp-json\/wp\/v2\/posts\/41590"}],"collection":[{"href":"https:\/\/portalfloresnoar.com\/floresnoar\/wp-json\/wp\/v2\/posts"}],"about":[{"href":"https:\/\/portalfloresnoar.com\/floresnoar\/wp-json\/wp\/v2\/types\/post"}],"author":[{"embeddable":true,"href":"https:\/\/portalfloresnoar.com\/floresnoar\/wp-json\/wp\/v2\/users\/1"}],"replies":[{"embeddable":true,"href":"https:\/\/portalfloresnoar.com\/floresnoar\/wp-json\/wp\/v2\/comments?post=41590"}],"version-history":[{"count":0,"href":"https:\/\/portalfloresnoar.com\/floresnoar\/wp-json\/wp\/v2\/posts\/41590\/revisions"}],"wp:featuredmedia":[{"embeddable":true,"href":"https:\/\/portalfloresnoar.com\/floresnoar\/wp-json\/wp\/v2\/media\/41612"}],"wp:attachment":[{"href":"https:\/\/portalfloresnoar.com\/floresnoar\/wp-json\/wp\/v2\/media?parent=41590"}],"wp:term":[{"taxonomy":"category","embeddable":true,"href":"https:\/\/portalfloresnoar.com\/floresnoar\/wp-json\/wp\/v2\/categories?post=41590"},{"taxonomy":"post_tag","embeddable":true,"href":"https:\/\/portalfloresnoar.com\/floresnoar\/wp-json\/wp\/v2\/tags?post=41590"}],"curies":[{"name":"wp","href":"https:\/\/api.w.org\/{rel}","templated":true}]}}