

{"id":41545,"date":"2019-01-03T16:30:50","date_gmt":"2019-01-03T19:30:50","guid":{"rendered":"http:\/\/portalfloresnoar.com\/floresnoar\/?p=41545"},"modified":"2022-06-01T10:06:52","modified_gmt":"2022-06-01T13:06:52","slug":"agenda-pe-encontro-presencial-pode-entrar-dona-morte-dialogos-sobre-o-viver-e-o-morrer-a-partir-das-historias-dia-285-no-recife","status":"publish","type":"post","link":"https:\/\/portalfloresnoar.com\/floresnoar\/agenda-pe-encontro-presencial-pode-entrar-dona-morte-dialogos-sobre-o-viver-e-o-morrer-a-partir-das-historias-dia-285-no-recife\/","title":{"rendered":"[AGENDA PE] Encontro presencial &#8216;Pode entrar, Dona Morte! Di\u00e1logos sobre o viver e o morrer a partir das hist\u00f3rias&#8217;, dia 28\/5, no Recife"},"content":{"rendered":"<p><img decoding=\"async\" loading=\"lazy\" class=\"aligncenter wp-image-41546\" src=\"http:\/\/portalfloresnoar.com\/floresnoar\/wp-content\/uploads\/2022\/05\/pode-entrar-dona-morte-700x700.jpeg\" alt=\"\" width=\"593\" height=\"593\" srcset=\"https:\/\/portalfloresnoar.com\/floresnoar\/wp-content\/uploads\/2022\/05\/pode-entrar-dona-morte-700x700.jpeg 700w, https:\/\/portalfloresnoar.com\/floresnoar\/wp-content\/uploads\/2022\/05\/pode-entrar-dona-morte-150x150.jpeg 150w, https:\/\/portalfloresnoar.com\/floresnoar\/wp-content\/uploads\/2022\/05\/pode-entrar-dona-morte-300x300.jpeg 300w, https:\/\/portalfloresnoar.com\/floresnoar\/wp-content\/uploads\/2022\/05\/pode-entrar-dona-morte-768x768.jpeg 768w, https:\/\/portalfloresnoar.com\/floresnoar\/wp-content\/uploads\/2022\/05\/pode-entrar-dona-morte-100x100.jpeg 100w, https:\/\/portalfloresnoar.com\/floresnoar\/wp-content\/uploads\/2022\/05\/pode-entrar-dona-morte.jpeg 1000w\" sizes=\"(max-width: 593px) 100vw, 593px\" \/><\/p>\n<p>No dia 28 de maio, das 9h \u00e0s 17h, ser\u00e1 realizado o encontro presencial &#8216;Pode entrar, Dona Morte! Di\u00e1logos sobre o viver e o morrer a partir das hist\u00f3rias&#8217;. Facilitado pela psic\u00f3loga e arteterapeuta Andr\u00e9a Graupen e pela pedagoga e contadora de hist\u00f3rias \u00c9rica Ver\u00e7osa, o encontro contar\u00e1 com rodas de hist\u00f3rias, atividades expressivas e partilhas. O evento \u00e9 destinado a qualquer pessoa interessada pelo tema.<\/p>\n<p>\u201cEsse encontro poder\u00e1 fortalecer diversos profissionais, professoras\/es, psic\u00f3logas\/os, educadoras\/es, amigas\/os, familiares, para que possam falar sobre a morte e sobre processos de perdas. De forma geral, essa pode ser uma tarefa \u00e1rdua e delicada, mas ao mesmo tempo fundamentalmente necess\u00e1ria e pode ser feita coletivamente e com amorosidade. Evitando falar sobre a morte, de certo modo mantemo-nos distantes da possibilidade de criar intimidade com a vida e sua continuidade. Tal dificuldade nos coloca num v\u00e1cuo, num vazio que faz com que o fio da vida siga partido, incompleto. Reconhecemos que a literatura infantil e outras narrativas, liter\u00e1rias e pessoais, podem ser poderosas aliadas, criando possibilidade de intimidade com o tema. As hist\u00f3rias nos lembram sobre a import\u00e2ncia de honrar e celebrar o que sentimos, de maneira consciente e corporificada, inteira e pulsante\u201d, contam as facilitadoras do encontro.<\/p>\n<p>O convite \u00e9 para cada uma\/um se entregar \u00e0 experi\u00eancia de ouvir e contar hist\u00f3rias sobre a morte, sejam elas pessoais ou dos livros de literatura e a abrir espa\u00e7os para que elas possam contribuir para a organiza\u00e7\u00e3o das emo\u00e7\u00f5es\/sentimentos e mem\u00f3rias dentro de cada uma\/um. &#8220;Assim, poderemos tecer juntas\/os um di\u00e1logo, a partir da escuta afetiva, sobre o percurso humano onde o nascer e o morrer s\u00e3o vistos como etapas igualmente importantes da vida!&#8221;<\/p>\n<p>SOBRE AS FACILITADORAS<br \/>\n<strong>Andr\u00e9a Graupen<\/strong> \u00e9 psic\u00f3loga, arteterapeuta, trabalhadora da sa\u00fade mental. Coordena forma\u00e7\u00e3o em Arteterapia pela Tra\u00e7os &#8211; Estudos em Arteterapia, desde 2003.<\/p>\n<p><strong>\u00c9rica Ver\u00e7osa<\/strong> \u00e9 pedagoga, especialista em literatura infantil e juvenil, estudante de Arteterapia e Biblioterapia, com experi\u00eancia de mais de 10 anos em desenvolvimento de grupos e redes de leitura pelo Brasil.<\/p>\n<p>SERVI\u00c7O<br \/>\n<em>Encontro presencial: <strong>Pode entrar, Dona Morte! Di\u00e1logos sobre o viver e o morrer a partir das hist\u00f3rias<\/strong><\/em><br \/>\n<strong>Dia:<\/strong> 28\/05\/2022 (S\u00e1bado)<br \/>\n<strong>Hor\u00e1rio:<\/strong> das 9h \u00e0s 17h<br \/>\n<strong>Local:<\/strong> Espa\u00e7o Rizoma &#8211; Rua: Marechal Rondon 256 &#8211; Casa Forte, Recife-PE<br \/>\n<strong>Vagas:<\/strong> 25<\/p>\n<p><strong>Investimento:<\/strong><br \/>\nR$ 200,00 (valor social)<br \/>\nR$ 250,00 (valor justo)<br \/>\nR$ 300,00 (valor abundante)<\/p>\n<p><strong>Inscri\u00e7\u00f5es:<\/strong> at\u00e9 23\/05 (ou at\u00e9 o preenchimento da quantidade de vagas)<\/p>\n<p><strong>Passos para inscri\u00e7\u00e3o:<\/strong><br \/>\n1\u00ba &#8211; Realizar o pagamento atrav\u00e9s do PIX: CPF 152.535.218-01<br \/>\n2\u00ba &#8211; Encaminhar o comprovante<strong>*<\/strong> do PIX, via e-mail: pedonamorte@gmail.com<br \/>\nEscrever no assunto: Encontro presencial<br \/>\nObs.: Nesse e-mail voc\u00ea precisar\u00e1 enviar seu nome completo e o n\u00famero de seu WhatsApp.<\/p>\n<p><em><strong>*<\/strong> Ap\u00f3s o recebimento do comprovante de pagamento a(o) participante ser\u00e1 inclu\u00edda(o) no grupo de WhatsApp criado especificamente para o encontro.<\/em><\/p>\n<p>MAIS INFORMA\u00c7\u00d5ES<br \/>\n<strong>WhatsApp:<\/strong> (81) 99162-1592<br \/>\n<strong>E-mail:<\/strong> pedonamorte@gmail.com<br \/>\n<strong>Instagram:<\/strong>\u00a0<a href=\"https:\/\/www.instagram.com\/podeentrardonamorte\/\" target=\"_blank\" rel=\"noopener\">@podeentrardonamorte<\/a><\/p>\n","protected":false},"excerpt":{"rendered":"<p>No dia 28 de maio, das 9h \u00e0s 17h, ser\u00e1 realizado o encontro presencial &#8216;Pode entrar, Dona Morte! Di\u00e1logos sobre o viver e o morrer a partir das hist\u00f3rias&#8217;. Facilitado pela psic\u00f3loga e arteterapeuta Andr\u00e9a Graupen e pela pedagoga e contadora de hist\u00f3rias \u00c9rica Ver\u00e7osa, o encontro contar\u00e1 com rodas de hist\u00f3rias, atividades expressivas e [&hellip;]<\/p>\n","protected":false},"author":1,"featured_media":41547,"comment_status":"open","ping_status":"open","sticky":false,"template":"","format":"standard","meta":{"om_disable_all_campaigns":false,"_monsterinsights_skip_tracking":false,"_monsterinsights_sitenote_active":false,"_monsterinsights_sitenote_note":"","_monsterinsights_sitenote_category":0,"footnotes":""},"categories":[8,214],"tags":[131,111,454],"acf":[],"publishpress_future_action":{"enabled":false,"date":"1969-12-31 21:00:00","action":"","terms":[],"taxonomy":"","browser_timezone_offset":0},"_links":{"self":[{"href":"https:\/\/portalfloresnoar.com\/floresnoar\/wp-json\/wp\/v2\/posts\/41545"}],"collection":[{"href":"https:\/\/portalfloresnoar.com\/floresnoar\/wp-json\/wp\/v2\/posts"}],"about":[{"href":"https:\/\/portalfloresnoar.com\/floresnoar\/wp-json\/wp\/v2\/types\/post"}],"author":[{"embeddable":true,"href":"https:\/\/portalfloresnoar.com\/floresnoar\/wp-json\/wp\/v2\/users\/1"}],"replies":[{"embeddable":true,"href":"https:\/\/portalfloresnoar.com\/floresnoar\/wp-json\/wp\/v2\/comments?post=41545"}],"version-history":[{"count":0,"href":"https:\/\/portalfloresnoar.com\/floresnoar\/wp-json\/wp\/v2\/posts\/41545\/revisions"}],"wp:featuredmedia":[{"embeddable":true,"href":"https:\/\/portalfloresnoar.com\/floresnoar\/wp-json\/wp\/v2\/media\/41547"}],"wp:attachment":[{"href":"https:\/\/portalfloresnoar.com\/floresnoar\/wp-json\/wp\/v2\/media?parent=41545"}],"wp:term":[{"taxonomy":"category","embeddable":true,"href":"https:\/\/portalfloresnoar.com\/floresnoar\/wp-json\/wp\/v2\/categories?post=41545"},{"taxonomy":"post_tag","embeddable":true,"href":"https:\/\/portalfloresnoar.com\/floresnoar\/wp-json\/wp\/v2\/tags?post=41545"}],"curies":[{"name":"wp","href":"https:\/\/api.w.org\/{rel}","templated":true}]}}