

{"id":41340,"date":"2022-03-28T12:47:04","date_gmt":"2022-03-28T15:47:04","guid":{"rendered":"http:\/\/portalfloresnoar.com\/floresnoar\/?p=41340"},"modified":"2022-03-28T12:57:37","modified_gmt":"2022-03-28T15:57:37","slug":"canto-de-lu-o-nascimento-do-flores-no-ar","status":"publish","type":"post","link":"https:\/\/portalfloresnoar.com\/floresnoar\/canto-de-lu-o-nascimento-do-flores-no-ar\/","title":{"rendered":"[CANTO DE LU] O nascimento do Flores no Ar!"},"content":{"rendered":"<p><img decoding=\"async\" loading=\"lazy\" class=\"size-medium wp-image-41341 alignleft\" src=\"http:\/\/portalfloresnoar.com\/floresnoar\/wp-content\/uploads\/2022\/03\/divulgacao-flores-no-ar-300x300.png\" alt=\"\" width=\"300\" height=\"300\" srcset=\"https:\/\/portalfloresnoar.com\/floresnoar\/wp-content\/uploads\/2022\/03\/divulgacao-flores-no-ar-300x300.png 300w, https:\/\/portalfloresnoar.com\/floresnoar\/wp-content\/uploads\/2022\/03\/divulgacao-flores-no-ar-150x150.png 150w, https:\/\/portalfloresnoar.com\/floresnoar\/wp-content\/uploads\/2022\/03\/divulgacao-flores-no-ar-768x768.png 768w, https:\/\/portalfloresnoar.com\/floresnoar\/wp-content\/uploads\/2022\/03\/divulgacao-flores-no-ar-700x700.png 700w, https:\/\/portalfloresnoar.com\/floresnoar\/wp-content\/uploads\/2022\/03\/divulgacao-flores-no-ar-100x100.png 100w, https:\/\/portalfloresnoar.com\/floresnoar\/wp-content\/uploads\/2022\/03\/divulgacao-flores-no-ar.png 1080w\" sizes=\"(max-width: 300px) 100vw, 300px\" \/><\/p>\n<p>| <em>Por Lu Rabelo*<\/em> |<\/p>\n<p>Em 2009, quando comecei a fazer Assessoria de Imprensa pro Espa\u00e7o Gerar [ @<a href=\"https:\/\/www.instagram.com\/gerararteterapia\/\" target=\"_blank\" rel=\"noopener\">gerararteterapia<\/a> ], percebi o quanto a \u2018m\u00eddia de massa\u2019 n\u00e3o dava espa\u00e7o pras pr\u00e1ticas integrativas de sa\u00fade, as chamadas \u2018terapias alternativas\u2019. A\u00ed tive a ideia de criar um blog pra divulgar as terapias hol\u00edsticas. E v\u00e1rios terapeutas e oraculistas come\u00e7aram a entrar em contato comigo para divulgar os seus trabalhos. A\u00ed virei empreendedora.<\/p>\n<p>Mas para al\u00e9m da divulga\u00e7\u00e3o de cursos, eventos e atendimentos, vi que era um lugar que eu poderia postar tudo o que eu gosto, valorizo. Flores no Ar!<\/p>\n<p>Criei, al\u00e9m da <a href=\"http:\/\/portalfloresnoar.com\/floresnoar\/categoria\/agenda\/\" target=\"_blank\" rel=\"noopener\">Agenda<\/a> (com eventos, atendimentos), as se\u00e7\u00f5es:<a href=\"http:\/\/portalfloresnoar.com\/floresnoar\/categoria\/jardim\/\" target=\"_blank\" rel=\"noopener\"> Jardim<\/a> (poemas, ora\u00e7\u00f5es&#8230;), <a href=\"http:\/\/portalfloresnoar.com\/floresnoar\/categoria\/artigos\/\" target=\"_blank\" rel=\"noopener\">Artigos<\/a>, <a href=\"http:\/\/portalfloresnoar.com\/floresnoar\/categoria\/noticias\/\" target=\"_blank\" rel=\"noopener\">Not\u00edcias<\/a>, <a href=\"http:\/\/portalfloresnoar.com\/floresnoar\/categoria\/entrevistas\/\" target=\"_blank\" rel=\"noopener\">Entrevistas<\/a>, <a href=\"http:\/\/portalfloresnoar.com\/floresnoar\/categoria\/colunas\/\" target=\"_blank\" rel=\"noopener\">Colunas<\/a>, <a href=\"http:\/\/portalfloresnoar.com\/floresnoar\/categoria\/contos-2\/\" target=\"_blank\" rel=\"noopener\">Contos<\/a>, <a href=\"http:\/\/portalfloresnoar.com\/floresnoar\/categoria\/videos\/\" target=\"_blank\" rel=\"noopener\">V\u00eddeos<\/a>, <a href=\"http:\/\/portalfloresnoar.com\/floresnoar\/categoria\/audios\/\" target=\"_blank\" rel=\"noopener\">\u00c1udios<\/a>, <a href=\"http:\/\/portalfloresnoar.com\/floresnoar\/categoria\/galeria\/\" target=\"_blank\" rel=\"noopener\">Galeria<\/a>, <a href=\"http:\/\/portalfloresnoar.com\/floresnoar\/categoria\/beleza\/\" target=\"_blank\" rel=\"noopener\">Beleza<\/a>, <a href=\"http:\/\/portalfloresnoar.com\/floresnoar\/categoria\/receitas\/\" target=\"_blank\" rel=\"noopener\">Receitas <\/a>e <a href=\"http:\/\/portalfloresnoar.com\/floresnoar\/categoria\/artesanato\/\" target=\"_blank\" rel=\"noopener\">Artesanato<\/a>. Um Portal!<\/p>\n<p>Atualmente temos quase seis mil postagens no ar, com 2,5 milh\u00f5es de visualiza\u00e7\u00f5es, por mais de 900 mil usu\u00e1rios. Os conte\u00fados passeiam pelas Pr\u00e1ticas Integrativas de Sa\u00fade, Espiritualidade, Arte, Sustentabilidade, Educa\u00e7\u00e3o, Alimenta\u00e7\u00e3o Natural e Cultura de Paz.<\/p>\n<p>Seguimos na miss\u00e3o de comunicar ideias e a\u00e7\u00f5es que nutrem o Autoconhecimento, o Bem-Estar, a Expans\u00e3o da Consci\u00eancia e o Amor!<\/p>\n<p><em>Quem quiser conhecer as op\u00e7\u00f5es de divulga\u00e7\u00e3o oferecidas no Portal Flores no Ar, \u00e9 s\u00f3 clicar neste link:\u00a0\u00a0<a href=\"https:\/\/drive.google.com\/file\/d\/1TkMUxelZP3bwqqBNQ7GYsyjOvKt8KUM-\/view?usp=sharing\" target=\"_blank\" rel=\"noopener\">https:\/\/drive.google.com\/file\/d\/1TkMUxelZP3bwqqBNQ7GYsyjOvKt8KUM-\/view?usp=sharing<\/a><\/em><\/p>\n<p><strong>Ilustra\u00e7\u00e3o:<\/strong> <a href=\"https:\/\/www.instagram.com\/lunatxica\/\" target=\"_blank\" rel=\"noopener\">@lunatxica<\/a><\/p>\n<p><em>* Lu Rabelo\u00a0\u00e9\u00a0<a href=\"https:\/\/www.instagram.com\/canto.de.lu\" target=\"_blank\" rel=\"noopener\">cantadeira<\/a>,\u00a0<a href=\"https:\/\/www.instagram.com\/jardimarteterapeutico\/\" target=\"_blank\" rel=\"noopener\">arteterapeuta<\/a>, jornalista e editora do\u00a0<a href=\"http:\/\/portalfloresnoar.com\/\" target=\"_blank\" rel=\"noopener\">Portal Flores no Ar.<\/a><\/em><\/p>\n","protected":false},"excerpt":{"rendered":"<p>| Por Lu Rabelo* | Em 2009, quando comecei a fazer Assessoria de Imprensa pro Espa\u00e7o Gerar [ @gerararteterapia ], percebi o quanto a \u2018m\u00eddia de massa\u2019 n\u00e3o dava espa\u00e7o pras pr\u00e1ticas integrativas de sa\u00fade, as chamadas \u2018terapias alternativas\u2019. A\u00ed tive a ideia de criar um blog pra divulgar as terapias hol\u00edsticas. E v\u00e1rios terapeutas [&hellip;]<\/p>\n","protected":false},"author":1,"featured_media":41342,"comment_status":"open","ping_status":"open","sticky":false,"template":"","format":"standard","meta":{"om_disable_all_campaigns":false,"_monsterinsights_skip_tracking":false,"_monsterinsights_sitenote_active":false,"_monsterinsights_sitenote_note":"","_monsterinsights_sitenote_category":0,"footnotes":""},"categories":[227,220],"tags":[390,1057,1148,356,127],"acf":[],"publishpress_future_action":{"enabled":false,"date":"1969-12-31 21:00:00","action":"","terms":[],"taxonomy":"","browser_timezone_offset":0},"_links":{"self":[{"href":"https:\/\/portalfloresnoar.com\/floresnoar\/wp-json\/wp\/v2\/posts\/41340"}],"collection":[{"href":"https:\/\/portalfloresnoar.com\/floresnoar\/wp-json\/wp\/v2\/posts"}],"about":[{"href":"https:\/\/portalfloresnoar.com\/floresnoar\/wp-json\/wp\/v2\/types\/post"}],"author":[{"embeddable":true,"href":"https:\/\/portalfloresnoar.com\/floresnoar\/wp-json\/wp\/v2\/users\/1"}],"replies":[{"embeddable":true,"href":"https:\/\/portalfloresnoar.com\/floresnoar\/wp-json\/wp\/v2\/comments?post=41340"}],"version-history":[{"count":0,"href":"https:\/\/portalfloresnoar.com\/floresnoar\/wp-json\/wp\/v2\/posts\/41340\/revisions"}],"wp:featuredmedia":[{"embeddable":true,"href":"https:\/\/portalfloresnoar.com\/floresnoar\/wp-json\/wp\/v2\/media\/41342"}],"wp:attachment":[{"href":"https:\/\/portalfloresnoar.com\/floresnoar\/wp-json\/wp\/v2\/media?parent=41340"}],"wp:term":[{"taxonomy":"category","embeddable":true,"href":"https:\/\/portalfloresnoar.com\/floresnoar\/wp-json\/wp\/v2\/categories?post=41340"},{"taxonomy":"post_tag","embeddable":true,"href":"https:\/\/portalfloresnoar.com\/floresnoar\/wp-json\/wp\/v2\/tags?post=41340"}],"curies":[{"name":"wp","href":"https:\/\/api.w.org\/{rel}","templated":true}]}}