

{"id":41333,"date":"2022-01-08T10:11:33","date_gmt":"2022-01-08T13:11:33","guid":{"rendered":"http:\/\/portalfloresnoar.com\/floresnoar\/?p=41333"},"modified":"2022-04-18T10:31:43","modified_gmt":"2022-04-18T13:31:43","slug":"agenda-pe-vivencias-de-reconexao-com-o-tempo-arte-dias-16-e-17-de-abril-no-espaco-beija-flor","status":"publish","type":"post","link":"https:\/\/portalfloresnoar.com\/floresnoar\/agenda-pe-vivencias-de-reconexao-com-o-tempo-arte-dias-16-e-17-de-abril-no-espaco-beija-flor\/","title":{"rendered":"[AGENDA PE] Viv\u00eancias de Reconex\u00e3o com o Tempo-Arte, dias 16 e 17 de abril, no Espa\u00e7o Beija-Flor"},"content":{"rendered":"<p><img decoding=\"async\" loading=\"lazy\" class=\"aligncenter wp-image-41334\" src=\"http:\/\/portalfloresnoar.com\/floresnoar\/wp-content\/uploads\/2022\/03\/espaco-beija-flor-cha-grande-pernambuco-700x525.jpeg\" alt=\"\" width=\"597\" height=\"448\" srcset=\"https:\/\/portalfloresnoar.com\/floresnoar\/wp-content\/uploads\/2022\/03\/espaco-beija-flor-cha-grande-pernambuco-700x525.jpeg 700w, https:\/\/portalfloresnoar.com\/floresnoar\/wp-content\/uploads\/2022\/03\/espaco-beija-flor-cha-grande-pernambuco-300x225.jpeg 300w, https:\/\/portalfloresnoar.com\/floresnoar\/wp-content\/uploads\/2022\/03\/espaco-beija-flor-cha-grande-pernambuco-768x576.jpeg 768w, https:\/\/portalfloresnoar.com\/floresnoar\/wp-content\/uploads\/2022\/03\/espaco-beija-flor-cha-grande-pernambuco-160x120.jpeg 160w, https:\/\/portalfloresnoar.com\/floresnoar\/wp-content\/uploads\/2022\/03\/espaco-beija-flor-cha-grande-pernambuco.jpeg 1600w\" sizes=\"(max-width: 597px) 100vw, 597px\" \/><\/p>\n<p>O Espa\u00e7o Beija-Flor, localizado na zona rural do munic\u00edpio de Ch\u00e3 Grande\/PE, realiza nos dias 16 e 17 de abril de 2022, o encontro &#8216;Viv\u00eancias de Reconex\u00e3o com o Tempo-Arte&#8217;. As viv\u00eancias ser\u00e3o guiadas pela terapeuta e ambientalista Goretti de S\u00e1, num ambiente repleto de beleza natural e sil\u00eancio.<\/p>\n<figure id=\"attachment_41335\" aria-describedby=\"caption-attachment-41335\" style=\"width: 271px\" class=\"wp-caption alignleft\"><img decoding=\"async\" loading=\"lazy\" class=\"wp-image-41335\" src=\"http:\/\/portalfloresnoar.com\/floresnoar\/wp-content\/uploads\/2022\/03\/maria-goretti-de-s\u00e1-terapeuta-700x525.jpeg\" alt=\"\" width=\"271\" height=\"204\" srcset=\"https:\/\/portalfloresnoar.com\/floresnoar\/wp-content\/uploads\/2022\/03\/maria-goretti-de-s\u00e1-terapeuta-700x525.jpeg 700w, https:\/\/portalfloresnoar.com\/floresnoar\/wp-content\/uploads\/2022\/03\/maria-goretti-de-s\u00e1-terapeuta-300x225.jpeg 300w, https:\/\/portalfloresnoar.com\/floresnoar\/wp-content\/uploads\/2022\/03\/maria-goretti-de-s\u00e1-terapeuta-768x576.jpeg 768w, https:\/\/portalfloresnoar.com\/floresnoar\/wp-content\/uploads\/2022\/03\/maria-goretti-de-s\u00e1-terapeuta-160x120.jpeg 160w, https:\/\/portalfloresnoar.com\/floresnoar\/wp-content\/uploads\/2022\/03\/maria-goretti-de-s\u00e1-terapeuta.jpeg 1024w\" sizes=\"(max-width: 271px) 100vw, 271px\" \/><figcaption id=\"caption-attachment-41335\" class=\"wp-caption-text\">Goretti de S\u00e1 \u00e9 psic\u00f3loga, ambientalista, adepta da Ecologia Profunda, e vivencia h\u00e1 10 anos o Sincron\u00e1rio da Paz.<\/figcaption><\/figure>\n<p>De acordo com Goretti, o encontro visa a reconex\u00e3o com o Tempo Natural, a partir do estudo do Sincron\u00e1rio da Paz e de viv\u00eancias na Natureza (<a href=\"https:\/\/fazendadatoca.com.br\/ecoterapia-os-beneficios-da-natureza-para-a-nossa-saude-fisica-e-mental\/\" target=\"_blank\" rel=\"noopener\">Ecoterapia<\/a>). Nos intervalos, haver\u00e1 troca de Reiki, Alinhamento de Chacras e produ\u00e7\u00e3o de mudas. &#8220;A proposta \u00e9 neste &#8216;aqui e agora&#8217; resgatarmos a harmonia individual e coletiva, numa contribui\u00e7\u00e3o para paz mundial, t\u00e3o necess\u00e1ria no momento atual&#8221;, destaca Goretti.<\/p>\n<p>SERVI\u00c7O<br \/>\n<strong>Viv\u00eancias de Reconex\u00e3o com o Tempo-Arte<\/strong><br \/>\n<strong>Dias:<\/strong> 16 e 17 de abril de 2022 (s\u00e1bado e domingo)<br \/>\n<strong>Local:<\/strong> Espa\u00e7o Beija-Flor &#8211; Ch\u00e3 Grande\/PE<br \/>\n<strong>Valor da contribui\u00e7\u00e3o:<\/strong> R$ 440,00* (inclui 5 refei\u00e7\u00f5es, wi-fi, alojamento e 2 mudinhas)<br \/>\n<em>Obs.: Ser\u00e3o seguidos todos os protocolos de seguran\u00e7a em rela\u00e7\u00e3o ao Covid.<\/em><\/p>\n<p><em>* N\u00e3o deixe de participar por conta do valor. Se precisar de uma condi\u00e7\u00e3o especial de pagamento, entre em contato com Goretti.<\/em><\/p>\n<p>Vagas limitadas!<\/p>\n<p>INSCRI\u00c7\u00d5ES E MAIS INFORMA\u00c7\u00d5ES<br \/>\n<strong>Fone\/ WhatsApp:<\/strong> (81) 99706.3804 (Goretti de S\u00e1)<br \/>\n<strong>Instagram:<\/strong> <a href=\"https:\/\/www.instagram.com\/maria_goretti_de_sa\/\" target=\"_blank\" rel=\"noopener\">@maria_goretti_de_sa<\/a><\/p>\n<p><em>Segue abaixo uma m\u00fasica inspirada no Sincron\u00e1rio da Paz, por Edilma Mendon\u00e7a!<\/em><\/p>\n<p><iframe loading=\"lazy\" width=\"500\" height=\"281\" src=\"https:\/\/www.youtube.com\/embed\/AmNjtxcX9s4?feature=oembed\" frameborder=\"0\" allow=\"accelerometer; autoplay; clipboard-write; encrypted-media; gyroscope; picture-in-picture\" allowfullscreen><\/iframe><\/p>\n","protected":false},"excerpt":{"rendered":"<p>O Espa\u00e7o Beija-Flor, localizado na zona rural do munic\u00edpio de Ch\u00e3 Grande\/PE, realiza nos dias 16 e 17 de abril de 2022, o encontro &#8216;Viv\u00eancias de Reconex\u00e3o com o Tempo-Arte&#8217;. As viv\u00eancias ser\u00e3o guiadas pela terapeuta e ambientalista Goretti de S\u00e1, num ambiente repleto de beleza natural e sil\u00eancio. De acordo com Goretti, o encontro [&hellip;]<\/p>\n","protected":false},"author":1,"featured_media":41334,"comment_status":"open","ping_status":"open","sticky":false,"template":"","format":"standard","meta":{"om_disable_all_campaigns":false,"_monsterinsights_skip_tracking":false,"_monsterinsights_sitenote_active":false,"_monsterinsights_sitenote_note":"","_monsterinsights_sitenote_category":0,"footnotes":""},"categories":[8,214],"tags":[583,970,593,578],"acf":[],"publishpress_future_action":{"enabled":false,"date":"1969-12-31 21:00:00","action":"","terms":[],"taxonomy":"","browser_timezone_offset":0},"_links":{"self":[{"href":"https:\/\/portalfloresnoar.com\/floresnoar\/wp-json\/wp\/v2\/posts\/41333"}],"collection":[{"href":"https:\/\/portalfloresnoar.com\/floresnoar\/wp-json\/wp\/v2\/posts"}],"about":[{"href":"https:\/\/portalfloresnoar.com\/floresnoar\/wp-json\/wp\/v2\/types\/post"}],"author":[{"embeddable":true,"href":"https:\/\/portalfloresnoar.com\/floresnoar\/wp-json\/wp\/v2\/users\/1"}],"replies":[{"embeddable":true,"href":"https:\/\/portalfloresnoar.com\/floresnoar\/wp-json\/wp\/v2\/comments?post=41333"}],"version-history":[{"count":0,"href":"https:\/\/portalfloresnoar.com\/floresnoar\/wp-json\/wp\/v2\/posts\/41333\/revisions"}],"wp:featuredmedia":[{"embeddable":true,"href":"https:\/\/portalfloresnoar.com\/floresnoar\/wp-json\/wp\/v2\/media\/41334"}],"wp:attachment":[{"href":"https:\/\/portalfloresnoar.com\/floresnoar\/wp-json\/wp\/v2\/media?parent=41333"}],"wp:term":[{"taxonomy":"category","embeddable":true,"href":"https:\/\/portalfloresnoar.com\/floresnoar\/wp-json\/wp\/v2\/categories?post=41333"},{"taxonomy":"post_tag","embeddable":true,"href":"https:\/\/portalfloresnoar.com\/floresnoar\/wp-json\/wp\/v2\/tags?post=41333"}],"curies":[{"name":"wp","href":"https:\/\/api.w.org\/{rel}","templated":true}]}}