

{"id":41315,"date":"2022-01-04T18:20:12","date_gmt":"2022-01-04T21:20:12","guid":{"rendered":"http:\/\/portalfloresnoar.com\/floresnoar\/?p=41315"},"modified":"2022-03-31T19:45:54","modified_gmt":"2022-03-31T22:45:54","slug":"agenda-oficina-on-line-de-divulgacao-para-projetos-audiovisuais-dia-3103-inscricoes-gratuitas","status":"publish","type":"post","link":"https:\/\/portalfloresnoar.com\/floresnoar\/agenda-oficina-on-line-de-divulgacao-para-projetos-audiovisuais-dia-3103-inscricoes-gratuitas\/","title":{"rendered":"[AGENDA] Oficina On-line de Divulga\u00e7\u00e3o para Projetos Audiovisuais, dia 31\/03. Inscri\u00e7\u00f5es gratuitas!"},"content":{"rendered":"<p><img decoding=\"async\" loading=\"lazy\" class=\"aligncenter wp-image-41316 \" src=\"http:\/\/portalfloresnoar.com\/floresnoar\/wp-content\/uploads\/2022\/03\/oficina-online-gratuita-audiovisual-700x700.jpeg\" alt=\"\" width=\"575\" height=\"575\" srcset=\"https:\/\/portalfloresnoar.com\/floresnoar\/wp-content\/uploads\/2022\/03\/oficina-online-gratuita-audiovisual-700x700.jpeg 700w, https:\/\/portalfloresnoar.com\/floresnoar\/wp-content\/uploads\/2022\/03\/oficina-online-gratuita-audiovisual-150x150.jpeg 150w, https:\/\/portalfloresnoar.com\/floresnoar\/wp-content\/uploads\/2022\/03\/oficina-online-gratuita-audiovisual-300x300.jpeg 300w, https:\/\/portalfloresnoar.com\/floresnoar\/wp-content\/uploads\/2022\/03\/oficina-online-gratuita-audiovisual-768x768.jpeg 768w, https:\/\/portalfloresnoar.com\/floresnoar\/wp-content\/uploads\/2022\/03\/oficina-online-gratuita-audiovisual-100x100.jpeg 100w, https:\/\/portalfloresnoar.com\/floresnoar\/wp-content\/uploads\/2022\/03\/oficina-online-gratuita-audiovisual.jpeg 1080w\" sizes=\"(max-width: 575px) 100vw, 575px\" \/><\/p>\n<p>O Coletivo Caverna (Olinda\/PE) e a plataforma <a href=\"https:\/\/www.audiovisual.ong.br\/\" target=\"_blank\" rel=\"noopener\">Audiovisual.ong.br <\/a>convidam profissionais e iniciantes do setor audiovisual a se inscreverem na primeira edi\u00e7\u00e3o da Oficina On-line de Divulga\u00e7\u00e3o para Projetos Audiovisuais. A forma\u00e7\u00e3o, gratuita, acontece no dia 31\/03\/22, das 19h \u00e0s 21h, e ser\u00e1 ministrada virtualmente pela jornalista Tatiana Diniz.\u00a0Para participar, basta preencher o formul\u00e1rio dispon\u00edvel neste link: <a href=\"https:\/\/forms.gle\/5v5QrMkt3tYi4DAAA\" target=\"_blank\" rel=\"noopener\">https:\/\/forms.gle\/5v5QrMkt3tYi4DAAA<\/a>, at\u00e9 10h do dia 30\/03.<\/p>\n<p>Na programa\u00e7\u00e3o, com dura\u00e7\u00e3o de duas horas, os participantes ter\u00e3o a oportunidade de explorar saberes como t\u00e9cnicas de elabora\u00e7\u00e3o de plano de m\u00eddia, reda\u00e7\u00e3o de release, sele\u00e7\u00e3o de imagens de divulga\u00e7\u00e3o, formatos de encaminhamento, constru\u00e7\u00e3o de relacionamento com a imprensa e dicas para forma\u00e7\u00e3o de p\u00fablico em redes sociais.<\/p>\n<p>&#8220;O Estado de Pernambuco tem uma forte tradi\u00e7\u00e3o na realiza\u00e7\u00e3o de produtos audiovisuais, mas ainda percebemos uma car\u00eancia latente em rela\u00e7\u00e3o \u00e0 divulga\u00e7\u00e3o do que criamos. Nesta oficina, buscamos contribuir para o preenchimento desta lacuna, compartilhando estrat\u00e9gias poss\u00edveis para agregar visibilidade aos produtos&#8221;, comenta Tatiana.<\/p>\n<p>A Oficina On-line de Divulga\u00e7\u00e3o para Projetos Audiovisuais \u00e9 realizada com incentivo do Edital de Forma\u00e7\u00e3o e Pesquisa da lei Aldir Blanc Pernambuco.<\/p>\n<p><strong>Sobre a facilitadora<\/strong><br \/>\nTatiana Diniz \u00e9 jornalista graduada pela UFPE, mestre e doutora em desenvolvimento sustent\u00e1vel e cidadania global (<em>London South Bank University e University of South Wales<\/em>, Reino Unido) e tem mais de 25 anos de experi\u00eancia no mercado de comunica\u00e7\u00e3o social. Atua como coordenadora de comunica\u00e7\u00e3o, editora bil\u00edngue, assessora de imprensa e gestora de redes sociais para projetos culturais, organiza\u00e7\u00f5es do terceiro setor e iniciativas de base tecnol\u00f3gica. No circuito da economia criativa, integrou projetos nas cidades de Olinda, Recife, Rio de Janeiro, S\u00e3o Paulo, Belo Horizonte, Campo Grande, Bel\u00e9m, Bras\u00edlia, Miami e Londres.<\/p>\n<p><strong>Sobre a Audiovisual.ong.br<\/strong><br \/>\nConcebida a partir de uma parceria entre os artistas Alexandre Salom\u00e3o, Luiz Manuel e Z\u00e9 Diniz, integrantes do Coletivo Caverna, a plataforma estimula a cadeia produtiva de audiovisual pernambucano promovendo interc\u00e2mbio entre profissionais e produtoras e multiplicando possibilidades na produ\u00e7\u00e3o de conte\u00fados art\u00edsticos e sua circula\u00e7\u00e3o em plataformas digitais, ampliando o debate sobre melhoria do espa\u00e7o cidad\u00e3o, inclus\u00e3o digital, produ\u00e7\u00e3o de conte\u00fado autoral, mem\u00f3ria, hist\u00f3ria e circula\u00e7\u00e3o de obras democraticamente. Para utiliz\u00e1-la, basta criar um perfil (pessoal ou de produtora) para solicitar e oferecer servi\u00e7os e parcerias (remunerados ou n\u00e3o), encontrando fot\u00f3grafos, editores, assistentes, finalizadores e fornecedores de todo tipo de servi\u00e7o dentro do campo do audiovisual.<\/p>\n<p>SERVI\u00c7O<br \/>\n<strong>Oficina On-line de Divulga\u00e7\u00e3o para Projetos Audiovisuais<\/strong><br \/>\n<strong>Data:\u00a0<\/strong>31\/03\/22 (quinta-feira)<br \/>\n<strong>Hora:<\/strong> das 19h \u00e0s 21h<br \/>\n<strong>Valor da inscri\u00e7\u00e3o:<\/strong> Gratuita<br \/>\n<strong>Formul\u00e1rio de inscri\u00e7\u00e3o:<\/strong><a href=\"https:\/\/forms.gle\/5v5QrMkt3tYi4DAAA\" target=\"_blank\" rel=\"noopener\">\u00a0https:\/\/forms.gle\/5v5QrMkt3tYi4DAAA<\/a><br \/>\n<em><strong>Obs.:<\/strong> O formul\u00e1rio deve ser preenchido e enviado at\u00e9 \u00e0s 10h do dia 30\/03<\/em><\/p>\n<p>MAIS INFORMA\u00c7\u00d5ES<br \/>\n<strong>Tatiana Diniz<\/strong><br \/>\n<strong>WhatsApp<\/strong>: 55 11 953839717<br \/>\n<strong>E-mail:<\/strong> tatdiniz@gmail.com<\/p>\n","protected":false},"excerpt":{"rendered":"<p>O Coletivo Caverna (Olinda\/PE) e a plataforma Audiovisual.ong.br convidam profissionais e iniciantes do setor audiovisual a se inscreverem na primeira edi\u00e7\u00e3o da Oficina On-line de Divulga\u00e7\u00e3o para Projetos Audiovisuais. A forma\u00e7\u00e3o, gratuita, acontece no dia 31\/03\/22, das 19h \u00e0s 21h, e ser\u00e1 ministrada virtualmente pela jornalista Tatiana Diniz.\u00a0Para participar, basta preencher o formul\u00e1rio dispon\u00edvel neste [&hellip;]<\/p>\n","protected":false},"author":1,"featured_media":41317,"comment_status":"open","ping_status":"open","sticky":false,"template":"","format":"standard","meta":{"om_disable_all_campaigns":false,"_monsterinsights_skip_tracking":false,"_monsterinsights_sitenote_active":false,"_monsterinsights_sitenote_note":"","_monsterinsights_sitenote_category":0,"footnotes":""},"categories":[8,214],"tags":[121,383,577,328,1147],"acf":[],"publishpress_future_action":{"enabled":false,"date":"1969-12-31 21:00:00","action":"","terms":[],"taxonomy":"","browser_timezone_offset":0},"_links":{"self":[{"href":"https:\/\/portalfloresnoar.com\/floresnoar\/wp-json\/wp\/v2\/posts\/41315"}],"collection":[{"href":"https:\/\/portalfloresnoar.com\/floresnoar\/wp-json\/wp\/v2\/posts"}],"about":[{"href":"https:\/\/portalfloresnoar.com\/floresnoar\/wp-json\/wp\/v2\/types\/post"}],"author":[{"embeddable":true,"href":"https:\/\/portalfloresnoar.com\/floresnoar\/wp-json\/wp\/v2\/users\/1"}],"replies":[{"embeddable":true,"href":"https:\/\/portalfloresnoar.com\/floresnoar\/wp-json\/wp\/v2\/comments?post=41315"}],"version-history":[{"count":0,"href":"https:\/\/portalfloresnoar.com\/floresnoar\/wp-json\/wp\/v2\/posts\/41315\/revisions"}],"wp:featuredmedia":[{"embeddable":true,"href":"https:\/\/portalfloresnoar.com\/floresnoar\/wp-json\/wp\/v2\/media\/41317"}],"wp:attachment":[{"href":"https:\/\/portalfloresnoar.com\/floresnoar\/wp-json\/wp\/v2\/media?parent=41315"}],"wp:term":[{"taxonomy":"category","embeddable":true,"href":"https:\/\/portalfloresnoar.com\/floresnoar\/wp-json\/wp\/v2\/categories?post=41315"},{"taxonomy":"post_tag","embeddable":true,"href":"https:\/\/portalfloresnoar.com\/floresnoar\/wp-json\/wp\/v2\/tags?post=41315"}],"curies":[{"name":"wp","href":"https:\/\/api.w.org\/{rel}","templated":true}]}}