

{"id":41307,"date":"2022-01-05T19:26:20","date_gmt":"2022-01-05T22:26:20","guid":{"rendered":"http:\/\/portalfloresnoar.com\/floresnoar\/?p=41307"},"modified":"2022-04-18T10:49:12","modified_gmt":"2022-04-18T13:49:12","slug":"agenda-jornada-on-line-de-reconhecimento-do-feminino-com-livia-falcao-a-partir-de-1204","status":"publish","type":"post","link":"https:\/\/portalfloresnoar.com\/floresnoar\/agenda-jornada-on-line-de-reconhecimento-do-feminino-com-livia-falcao-a-partir-de-1204\/","title":{"rendered":"[AGENDA] Jornada On-line de Reconhecimento do Feminino, com L\u00edvia Falc\u00e3o, a partir de 12\/04"},"content":{"rendered":"<p><img decoding=\"async\" loading=\"lazy\" class=\"aligncenter wp-image-41327 \" src=\"http:\/\/portalfloresnoar.com\/floresnoar\/wp-content\/uploads\/2022\/03\/vivencias-com-livia-falcao-560x700.jpg\" alt=\"\" width=\"511\" height=\"639\" srcset=\"https:\/\/portalfloresnoar.com\/floresnoar\/wp-content\/uploads\/2022\/03\/vivencias-com-livia-falcao-560x700.jpg 560w, https:\/\/portalfloresnoar.com\/floresnoar\/wp-content\/uploads\/2022\/03\/vivencias-com-livia-falcao-240x300.jpg 240w, https:\/\/portalfloresnoar.com\/floresnoar\/wp-content\/uploads\/2022\/03\/vivencias-com-livia-falcao.jpg 670w\" sizes=\"(max-width: 511px) 100vw, 511px\" \/><\/p>\n<p>Uma nova turma da \u2018Jornada de Reconhecimento do Feminino\u2019 ser\u00e1 iniciada no dia 12 de abril de 2022. A jornada,\u00a0guiada pela artista e terapeuta L\u00edvia Falc\u00e3o, \u00e9 composta por 12 encontros on-line semanais, que acontecer\u00e3o nas ter\u00e7as-feiras, das 19h \u00e0s 20h30, via Zoom, no per\u00edodo de 12\/04 a 28\/06.<\/p>\n<p>A viv\u00eancia \u00e9 aberta a mulheres e homens\u00a0que sentem o chamado pra honrar o Feminino e a Ancestralidade, e vontade de firmar a caminhada rumo ao seu prop\u00f3sito Maior. \u201cTrabalhamos tendo o corpo como instrumento e guia, em exerc\u00edcios e pr\u00e1ticas que nos ajudam a reconhecer o Feminino que pede aten\u00e7\u00e3o e cura em n\u00f3s, liberando estresse e encontrando um espa\u00e7o de acolhimento interno. \u00c9 uma roda de pessoas dispostas a sair dos julgamentos e se olhar com compaix\u00e3o e admira\u00e7\u00e3o&#8221;, conta L\u00edvia, que\u00a0prop\u00f5e\u00a0pr\u00e1ticas que re\u00fanem elementos do Teatro, Xamanismo, Biodan\u00e7a e do Tempo Arte, no intuito de fazer com que o grupo trabalhe em resson\u00e2ncia vibrat\u00f3ria, mantendo seus corpos ativados.<\/p>\n<p>&#8220;Com o tema &#8216;Dan\u00e7ando com os Kins&#8217;, nesta XII edi\u00e7\u00e3o da Jornada vamos vivenciar a energia do Kin do dia e dan\u00e7ar com ela, recebendo a medicina do caminho das 13 luas de 28 dias dos Mayas. Nesse mergulho, nos convidamos a equilibrar esses conhecimentos e sentires em n\u00f3s, aumentando assim a pot\u00eancia do bom viver&#8221;, informa L\u00edvia.<\/p>\n<p>Ela explica que um Kin (que tamb\u00e9m pode ser chamado de Assinatura Gal\u00e1ctica) \u00e9 a medida de uma unidade no Tzolkin, a contagem de sincroniza\u00e7\u00e3o de Tempo Natural dos Mayas. &#8220;Ele \u00e9 um fractal e pode representar uma pessoa, um dia, um ano, uma era\u2026 Cada um de n\u00f3s porta uma ess\u00eancia solar, um kin, de acordo com a data de nosso nascimento. Este kin era a energia que vigorava no dia em que voc\u00ea nasceu e ela codifica sua assinatura gal\u00e1ctica. Na Jornada, dan\u00e7aremos com o kin do dia e suas palavras-chave.&#8221;<\/p>\n<p>GUIA DA JORNADA<br \/>\n<strong>L\u00edvia Falc\u00e3o<\/strong> \u00e9 Atriz de teatro cinema e televis\u00e3o, Palha\u00e7a, Diretora e Preparadora de Elenco, e a arte foi seu primeiro caminho de autoconhecimento. H\u00e1 mais de dez anos, L\u00edvia tem atuado tamb\u00e9m como terapeuta hol\u00edstica e Mulher Medicina: Terapeuta do Sistema dos Florais da Amaz\u00f4nia, facilitadora de Biodanza, da Terapia do Casulo, da Lei do Tempo (Cosmologia Maia), s\u00e3o algumas das ferramentas que ela disponibiliza em atendimentos individuais e coletivos.<\/p>\n<p>SERVI\u00c7O<br \/>\n<strong>XII Jornada de Reconhecimento do Feminino<\/strong><br \/>\n<strong>In\u00edcio:<\/strong> 12 de abril de 2022<br \/>\n<strong>Dura\u00e7\u00e3o:<\/strong> 12\/04 a 28\/06 (12 encontros, sempre nas ter\u00e7as-feiras)<br \/>\n<strong>Hor\u00e1rio:<\/strong> 19h \u00e0s 20h30<br \/>\n<strong>Local:<\/strong> On-line (via Zoom)<br \/>\n<strong>Valor de troca:<\/strong>\u00a0R$ 135,00<\/p>\n<p><em>Obs.: O pagamento deve ser feito at\u00e9 o dia 10 de cada um dos 3 meses (abril, maio e junho)<\/em><\/p>\n<p><strong>Inscri\u00e7\u00f5es atrav\u00e9s do preenchimento deste formul\u00e1rio:<\/strong>\u00a0<a href=\"https:\/\/docs.google.com\/forms\/d\/1UzNLOioZo0im7zqAG-Cym4ZXBPnWbYTPAS5BioLC_gw\/viewform?edit_requested=true\" target=\"_blank\" rel=\"noopener\">https:\/\/docs.google.com\/forms\/d\/1UzNLOioZo0im7zqAG-Cym4ZXBPnWbYTPAS5BioLC_gw\/viewform?edit_requested=true<\/a><\/p>\n<p><strong>MAIS INFORMA\u00c7\u00d5ES:<\/strong><br \/>\n(81) 99986 3170 (WhatsApp)<\/p>\n","protected":false},"excerpt":{"rendered":"<p>Uma nova turma da \u2018Jornada de Reconhecimento do Feminino\u2019 ser\u00e1 iniciada no dia 12 de abril de 2022. A jornada,\u00a0guiada pela artista e terapeuta L\u00edvia Falc\u00e3o, \u00e9 composta por 12 encontros on-line semanais, que acontecer\u00e3o nas ter\u00e7as-feiras, das 19h \u00e0s 20h30, via Zoom, no per\u00edodo de 12\/04 a 28\/06. A viv\u00eancia \u00e9 aberta a mulheres [&hellip;]<\/p>\n","protected":false},"author":1,"featured_media":41308,"comment_status":"open","ping_status":"open","sticky":false,"template":"","format":"standard","meta":{"om_disable_all_campaigns":false,"_monsterinsights_skip_tracking":false,"_monsterinsights_sitenote_active":false,"_monsterinsights_sitenote_note":"","_monsterinsights_sitenote_category":0,"footnotes":""},"categories":[8,214],"tags":[358,622,1144,238],"acf":[],"publishpress_future_action":{"enabled":false,"date":"1969-12-31 21:00:00","action":"","terms":[],"taxonomy":"","browser_timezone_offset":0},"_links":{"self":[{"href":"https:\/\/portalfloresnoar.com\/floresnoar\/wp-json\/wp\/v2\/posts\/41307"}],"collection":[{"href":"https:\/\/portalfloresnoar.com\/floresnoar\/wp-json\/wp\/v2\/posts"}],"about":[{"href":"https:\/\/portalfloresnoar.com\/floresnoar\/wp-json\/wp\/v2\/types\/post"}],"author":[{"embeddable":true,"href":"https:\/\/portalfloresnoar.com\/floresnoar\/wp-json\/wp\/v2\/users\/1"}],"replies":[{"embeddable":true,"href":"https:\/\/portalfloresnoar.com\/floresnoar\/wp-json\/wp\/v2\/comments?post=41307"}],"version-history":[{"count":0,"href":"https:\/\/portalfloresnoar.com\/floresnoar\/wp-json\/wp\/v2\/posts\/41307\/revisions"}],"wp:featuredmedia":[{"embeddable":true,"href":"https:\/\/portalfloresnoar.com\/floresnoar\/wp-json\/wp\/v2\/media\/41308"}],"wp:attachment":[{"href":"https:\/\/portalfloresnoar.com\/floresnoar\/wp-json\/wp\/v2\/media?parent=41307"}],"wp:term":[{"taxonomy":"category","embeddable":true,"href":"https:\/\/portalfloresnoar.com\/floresnoar\/wp-json\/wp\/v2\/categories?post=41307"},{"taxonomy":"post_tag","embeddable":true,"href":"https:\/\/portalfloresnoar.com\/floresnoar\/wp-json\/wp\/v2\/tags?post=41307"}],"curies":[{"name":"wp","href":"https:\/\/api.w.org\/{rel}","templated":true}]}}