

{"id":41274,"date":"2022-01-03T19:34:58","date_gmt":"2022-01-03T22:34:58","guid":{"rendered":"http:\/\/portalfloresnoar.com\/floresnoar\/?p=41274"},"modified":"2022-03-28T08:49:37","modified_gmt":"2022-03-28T11:49:37","slug":"agenda-festival-palhacada-e-coisa-seria-exibe-espetaculos-de-25-a-2703-pelo-youtube","status":"publish","type":"post","link":"https:\/\/portalfloresnoar.com\/floresnoar\/agenda-festival-palhacada-e-coisa-seria-exibe-espetaculos-de-25-a-2703-pelo-youtube\/","title":{"rendered":"[AGENDA] Festival &#8216;Palha\u00e7ada \u00e9 Coisa S\u00e9ria&#8217; exibe espet\u00e1culos de 25 a 27\/03, pelo YouTube"},"content":{"rendered":"<figure id=\"attachment_41283\" aria-describedby=\"caption-attachment-41283\" style=\"width: 577px\" class=\"wp-caption aligncenter\"><img decoding=\"async\" loading=\"lazy\" class=\"wp-image-41283\" src=\"http:\/\/portalfloresnoar.com\/floresnoar\/wp-content\/uploads\/2022\/03\/Reisado-foto-Divulga\u00e7\u00e3o.jpg\" alt=\"\" width=\"577\" height=\"384\" srcset=\"https:\/\/portalfloresnoar.com\/floresnoar\/wp-content\/uploads\/2022\/03\/Reisado-foto-Divulga\u00e7\u00e3o.jpg 640w, https:\/\/portalfloresnoar.com\/floresnoar\/wp-content\/uploads\/2022\/03\/Reisado-foto-Divulga\u00e7\u00e3o-300x200.jpg 300w\" sizes=\"(max-width: 577px) 100vw, 577px\" \/><figcaption id=\"caption-attachment-41283\" class=\"wp-caption-text\">Reisado de Caretas de Potengi \/CE. Foto: Divulga\u00e7\u00e3o<\/figcaption><\/figure>\n<p>De 25 a 27 de mar\u00e7o de 2022 acontece a segunda edi\u00e7\u00e3o do festival PALHA\u00c7ADA \u00c9 COISA S\u00c9RIA. Patrocinado pela Lei Aldir Blanc (LAB-PE), este ano a plateia do festival vai extrapolar os limites da vizinhan\u00e7a do S\u00edtio Minadouro (comunidade localizada em Ingazeira, munic\u00edpio do Sert\u00e3o do Paje\u00fa pernambucano), pois as medidas sanit\u00e1rias adotadas pela prefeitura de Ingazeira, vigentes at\u00e9 final de abril, obrigaram a produ\u00e7\u00e3o do evento a trabalhar apenas no formato on-line, com transmiss\u00e3o pelo <a href=\"https:\/\/www.youtube.com\/channel\/UCh9ah-JlWclC1Ou7LOweYvQ\" target=\"_blank\" rel=\"noopener\">canal do Youtube NO MEU TERREIRO TEM ARTE<\/a>.<\/p>\n<figure id=\"attachment_41284\" aria-describedby=\"caption-attachment-41284\" style=\"width: 316px\" class=\"wp-caption alignleft\"><img decoding=\"async\" loading=\"lazy\" class=\" wp-image-41284\" src=\"http:\/\/portalfloresnoar.com\/floresnoar\/wp-content\/uploads\/2022\/03\/N\u00f3s-sem-nossa-m\u00e3e-foto-Rayra-Martins-467x700.jpg\" alt=\"\" width=\"316\" height=\"474\" srcset=\"https:\/\/portalfloresnoar.com\/floresnoar\/wp-content\/uploads\/2022\/03\/N\u00f3s-sem-nossa-m\u00e3e-foto-Rayra-Martins-467x700.jpg 467w, https:\/\/portalfloresnoar.com\/floresnoar\/wp-content\/uploads\/2022\/03\/N\u00f3s-sem-nossa-m\u00e3e-foto-Rayra-Martins-200x300.jpg 200w, https:\/\/portalfloresnoar.com\/floresnoar\/wp-content\/uploads\/2022\/03\/N\u00f3s-sem-nossa-m\u00e3e-foto-Rayra-Martins.jpg 700w\" sizes=\"(max-width: 316px) 100vw, 316px\" \/><figcaption id=\"caption-attachment-41284\" class=\"wp-caption-text\">Palha\u00e7as Viola e Gerimum. Foto: Rayra Martins<\/figcaption><\/figure>\n<p>Na vers\u00e3o anterior do festival PALHA\u00c7ADA \u00c9 COISA S\u00c9RIA, os artistas vieram de todos os cantos para se apresentar nos terreiros vizinhos, com p\u00fablico restrito aos moradores. Na ocasi\u00e3o, as apresenta\u00e7\u00f5es foram gravadas e transmitidas pelo canal do Youtube. Dessa vez os grupos enviaram seus v\u00eddeos para compor a grade de programa\u00e7\u00e3o, que como sempre est\u00e1 bem diversificada e recheada de arte, reflex\u00f5es e um espa\u00e7o para forma\u00e7\u00e3o.<\/p>\n<p><strong>FORMA\u00c7\u00c3O<\/strong> \u2013 Esquentando os tamborins para o Festival, ser\u00e1 realizada a oficina de figurino &#8216;Trocando a Pele&#8217;, com Fabiana Pirro, dias 21, 22 e 23 de mar\u00e7o; e a oficina &#8216;O que uma Palha\u00e7a pode te ensinar&#8217;, com Ana Fl\u00e1via, dia 24\/03, sendo esta \u00faltima voltada para professores da rede municipal de Ingazeira. Ambas ser\u00e3o realizadas pelo aplicativo Zoom. As inscri\u00e7\u00f5es para as oficinas podem ser feitas no instagram <a href=\"https:\/\/www.instagram.com\/nomeuterreirotemarteoficial\/\" target=\"_blank\" rel=\"noopener\">@nomeuterreirotemarte<\/a><\/p>\n<p>A curadoria desta segunda edi\u00e7\u00e3o do festival \u00e9 de Od\u00edlia Nunes, palha\u00e7a h\u00e1 16 anos e coordenadora geral do projeto NO MEU TERREIRO TEM ARTE. Sua experi\u00eancia como brincante e participante de festivais de palha\u00e7aria traz a bagagem necess\u00e1ria para entender as especificidades de um festival de comicidade. No PALHA\u00c7ADA \u00c9 COISA S\u00c9RIA &#8211; II edi\u00e7\u00e3o, Odilia conta com a parceria de Cla Solar, produtora, atriz e escritora do Sert\u00e3o do Paje\u00fa, com experi\u00eancia na produ\u00e7\u00e3o de eventos que enalte\u00e7am artistas independentes do sert\u00e3o e das periferias metropolitanas.<\/p>\n<p><strong>PROGRAMA\u00c7\u00c3O DOS ESPET\u00c1CULOS E MESA DE CONVERSA<\/strong><\/p>\n<p><strong>Dia 25\/03<\/strong><br \/>\n<strong>17h<\/strong><\/p>\n<p><strong>\u2022 N\u00f3s Sem Nossa M\u00e3e (No Meu Terreiro Tem Arte) Ingazeira &#8211; PE<\/strong><br \/>\nAs palha\u00e7as Viola (Violeta) e Gerimum (Helena) s\u00e3o filhas da palha\u00e7a Bandeira (Od\u00edlia Nunes). Nesta divertida e atrapalhada brincadeira v\u00e3o nos contar como viraram palha\u00e7as e dividir com a plateia cenas do circo tradicional. Um espet\u00e1culo para emocionar toda fam\u00edlia e nos contar que brincadeira de crian\u00e7a \u00e9 coisa s\u00e9ria!<\/p>\n<p><strong>\u2022 Uruba y Lil\u00e3o em Feij\u00e3o (Violetas da Aurora) Recife \u2013 PE<\/strong><br \/>\nAs Violetas da Aurora participam do Palha\u00e7ada \u00e9 Coisa S\u00e9ria com repert\u00f3rio audiovisual produzido no per\u00edodo da pandemia por meio de editais emergenciais. S\u00e3o dois v\u00eddeos da s\u00e9rie Do Lim\u00e3o \u00e0s Limonadas(Maroca em Conversa Afinada e Uruba y Lil\u00e3o em Feij\u00e3o) e um da s\u00e9rie Violetas na Aurora dos Carnavais (Sema em PapanguA na Lida). Todos est\u00e3o impregnados de reflex\u00f5es, aprendizados e inspira\u00e7\u00f5es do per\u00edodo de confinamento.<\/p>\n<p><strong>\u2022 RAIS School Musical (Trupe R\u00c0IS) Bahia &#8211; BA<\/strong><br \/>\nNeste musical de par\u00f3dias, a Trupe R\u00c0IS mergulha no lixo produzido durante a pandemia at\u00e9 que s\u00e3o surpreendidos pelo perigoso presidente da Rep\u00fablica das Cebolas e suas infinitas formas de destrui\u00e7\u00e3o ambiental. Com muita divers\u00e3o, enfrentam essas amea\u00e7as espalhando bombas de sementes para reflorestar a natureza e replantar o que nos une.<\/p>\n<p><strong>\u2022 Dom Quixote \/ Epis\u00f3dio da Web s\u00e9rie Cl\u00e1ssicos (Teatro de Retalhos) Arcoverde \u2013 PE<\/strong><br \/>\nDizem que esse indiv\u00edduo de figura pionga, Dom Qui Mote de La Granja, cuidava at\u00e9 ontem de galinhas e lia muita literatura de cordel. O ju\u00edzo dele se confundiu com a titica das galinhas que ele criava e agora ele se diz cantador de poesia de primeira categoria!<\/p>\n<p><strong>Dia 26\/03<\/strong><br \/>\n<strong> 11h<\/strong><br \/>\n<strong>\u2022 Mesa de Conversa: \u201cNo Interior tem uma gente que ri \u2013 experi\u00eancias de comicidade<\/strong><br \/>\n<strong> no interior de PE\u201d.<\/strong><\/p>\n<p><strong>Convidados:<\/strong><br \/>\n<strong>Renna Costa<\/strong> &#8211; Transartivista, brincante e produtora cultural<br \/>\n<strong>Caroline Arcoverde<\/strong> &#8211; palha\u00e7a, atriz e produtora cultural. Uma das fundadoras do Teatro de Retalhos, coletivo do Sert\u00e3o do Moxot\u00f3.<br \/>\n<strong>Veronaldo Martins<\/strong> &#8211; Diretor, palha\u00e7o, ator, produtor de teatro.<\/p>\n<p><strong>Media\u00e7\u00e3o:<\/strong> Od\u00edlia Nunes<\/p>\n<p><strong>Espet\u00e1culos<\/strong><br \/>\n<strong> 17h<\/strong><\/p>\n<p><strong>\u2022 Hist\u00f3rias de Papel\u00e3o \u2013 Trupe Bai\u00e3o de Dois &#8211; SP<\/strong><br \/>\nHist\u00f3rias de Papel\u00e3o \u00e9 um espet\u00e1culo infantil de circo teatro que nos apresenta reflex\u00f5es profundas sobre o nosso comportamento e as escolhas que fazemos para seguir em frente. Nessa aventura, as duas personagens vivem em uma sociedade onde tudo foi encaixotado em caixas de papel\u00e3o e a descoberta de um livro muda suas vidas abrindo caminho para cores e imagina\u00e7\u00e3o de narrar hist\u00f3rias que n\u00e3o s\u00e3o suas, mas que lhe mostram que o mundo \u00e9 bem maior que uma caixa.<\/p>\n<p><strong>\u2022 Sema em PapanguA na Lida (Violetas da Aurora) Recife \u2013 PE<\/strong><br \/>\nAs Violetas da Aurora participam do Palha\u00e7ada \u00e9 Coisa S\u00e9ria com repert\u00f3rio audiovisual produzido no per\u00edodo da pandemia por meio de editais emergenciais. S\u00e3o dois v\u00eddeos da s\u00e9rie Do Lim\u00e3o \u00e0s Limonadas(Maroca em Conversa Afinada e Uruba y Lil\u00e3o em Feij\u00e3o) e um da s\u00e9rie Violetas na Aurora dos Carnavais (Sema em PapanguA na Lida). Todos est\u00e3o impregnados de reflex\u00f5es, aprendizados e inspira\u00e7\u00f5es do per\u00edodo de confinamento.<\/p>\n<p><strong>\u2022 Caminhos \/ Cirkombi &#8211; PE<\/strong><br \/>\nO palha\u00e7o Sequinho traz uma receita ancestral da sua av\u00f3 executada ao vivo, proporcionado ao p\u00fablico uma experi\u00eancia sensorial enquanto conta sua trajet\u00f3ria de vida. Caminhos vem para mostrar que a nossa profiss\u00e3o deve estar muito al\u00e9m de \u201cum ganha p\u00e3o\u201d, que na verdade ela tem que ser um instrumento de realiza\u00e7\u00e3o. Caminhos \u00e9 uma oportunidade de reflex\u00e3o sobre a sociedade, suas rela\u00e7\u00f5es e sua forma de comportamento.<\/p>\n<p><strong>\u2022 Moby Dick (Teatro de Retalhos) Arcoverde &#8211; PE<\/strong><br \/>\nUm Navio. Tr\u00eas tripulantes. Um canibal. Uma baleia. Um capit\u00e3o, uma perninha s\u00f3. Eu j\u00e1 mencionei o canibal?<\/p>\n<p><strong>Dia 27\/03<\/strong><br \/>\n<strong> 17h<\/strong><\/p>\n<p><strong>\u2022 Reisado de Caretas\/ Reisado de Caretas de Potengi &#8211; CE<\/strong><br \/>\nO enredo \u00e9 composto pelos caretas e os entremeios, onde o boi \u00e9 a principal atra\u00e7\u00e3o, tendo a burrinha, o cavalo, a ema e o burro, figuras que expressam os animais do Sert\u00e3o. O velho e a velha que s\u00e3o o pai e a m\u00e3e dos caretas e fazem o par c\u00f4mico do reisado. Na brincadeira, os caretas dan\u00e7am, pulam, sapateiam, \u201ccortam-tesoura\u201d que \u00e9 um passo que fazem com suas \u201cespadas\u201d.<\/p>\n<p><strong>\u2022 Vermelho, Branco e Preto \/ Cibele Mateus &#8211; SP<\/strong><br \/>\nO espet\u00e1culo solo de Cibele Mateus, parte da figura c\u00f4mica afrodiasp\u00f3rica do \u201cMateus\u201d da brincadeira do Cavalo Marinho pernambucano em conflu\u00eancia com as narrativas do Nego Fugido &#8211; Apari\u00e7\u00e3o de Acupe\/BA e a narrativa de Macur\u00e1 Dil\u00ea &#8211; \u201cO Tempo que teve in\u00edcio, mas n\u00e3o tem fim\u201d. A int\u00e9rprete tece de forma (po)\u00e9tica narrativas caboclas<br \/>\n(Vermelho); o sistema colonial (Branco); a m\u00e1scara preta (negrume) como afirma\u00e7\u00e3o de identidade, ancestralidades e espiritualidades (Preto), trazendo o riso como resist\u00eancia e den\u00fancia.<\/p>\n<p><strong>\u2022 Maroca em Conversa Afinada (Violetas da Aurora) Recife \u2013 PE<\/strong><br \/>\nAs Violetas da Aurora participam do Palha\u00e7ada \u00e9 Coisa S\u00e9ria com repert\u00f3rio audiovisual produzido no per\u00edodo da pandemia por meio de editais emergenciais. S\u00e3o dois v\u00eddeos da s\u00e9rie Do Lim\u00e3o \u00e0s Limonadas(Maroca em Conversa Afinada e Uruba y Lil\u00e3o em Feij\u00e3o) e um da s\u00e9rie Violetas na Aurora dos Carnavais (Sema em PapanguA na Lida). Todos est\u00e3o impregnados de reflex\u00f5es, aprendizados e inspira\u00e7\u00f5es do per\u00edodo de confinamento.<\/p>\n<p><strong>\u2022 A Metamorfose (Teatro de Retalhos) Arcoverde &#8211; PE<\/strong><br \/>\nQuando certa manh\u00e3, Greg\u00f3rio Barata acordou de sonhos intranquilos, encontrou-se em sua cama metamorfoseado em um ser humano cabuloso!<\/p>\n<p><strong>TRANSIMISS\u00c3O ATRAV\u00c9S DO CANAL DO YOUTUBE\u00a0 <a href=\"https:\/\/www.youtube.com\/channel\/UCh9ah-JlWclC1Ou7LOweYvQ\" target=\"_blank\" rel=\"noopener\">\u00a0NO MEU TERREIRO TEM ARTE\u00a0<\/a>!<\/strong><\/p>\n","protected":false},"excerpt":{"rendered":"<p>De 25 a 27 de mar\u00e7o de 2022 acontece a segunda edi\u00e7\u00e3o do festival PALHA\u00c7ADA \u00c9 COISA S\u00c9RIA. Patrocinado pela Lei Aldir Blanc (LAB-PE), este ano a plateia do festival vai extrapolar os limites da vizinhan\u00e7a do S\u00edtio Minadouro (comunidade localizada em Ingazeira, munic\u00edpio do Sert\u00e3o do Paje\u00fa pernambucano), pois as medidas sanit\u00e1rias adotadas pela [&hellip;]<\/p>\n","protected":false},"author":1,"featured_media":41285,"comment_status":"open","ping_status":"open","sticky":false,"template":"","format":"standard","meta":{"om_disable_all_campaigns":false,"_monsterinsights_skip_tracking":false,"_monsterinsights_sitenote_active":false,"_monsterinsights_sitenote_note":"","_monsterinsights_sitenote_category":0,"footnotes":""},"categories":[8,214],"tags":[1142,336,1143,492,64],"acf":[],"publishpress_future_action":{"enabled":false,"date":"1969-12-31 21:00:00","action":"","terms":[],"taxonomy":"","browser_timezone_offset":0},"_links":{"self":[{"href":"https:\/\/portalfloresnoar.com\/floresnoar\/wp-json\/wp\/v2\/posts\/41274"}],"collection":[{"href":"https:\/\/portalfloresnoar.com\/floresnoar\/wp-json\/wp\/v2\/posts"}],"about":[{"href":"https:\/\/portalfloresnoar.com\/floresnoar\/wp-json\/wp\/v2\/types\/post"}],"author":[{"embeddable":true,"href":"https:\/\/portalfloresnoar.com\/floresnoar\/wp-json\/wp\/v2\/users\/1"}],"replies":[{"embeddable":true,"href":"https:\/\/portalfloresnoar.com\/floresnoar\/wp-json\/wp\/v2\/comments?post=41274"}],"version-history":[{"count":0,"href":"https:\/\/portalfloresnoar.com\/floresnoar\/wp-json\/wp\/v2\/posts\/41274\/revisions"}],"wp:featuredmedia":[{"embeddable":true,"href":"https:\/\/portalfloresnoar.com\/floresnoar\/wp-json\/wp\/v2\/media\/41285"}],"wp:attachment":[{"href":"https:\/\/portalfloresnoar.com\/floresnoar\/wp-json\/wp\/v2\/media?parent=41274"}],"wp:term":[{"taxonomy":"category","embeddable":true,"href":"https:\/\/portalfloresnoar.com\/floresnoar\/wp-json\/wp\/v2\/categories?post=41274"},{"taxonomy":"post_tag","embeddable":true,"href":"https:\/\/portalfloresnoar.com\/floresnoar\/wp-json\/wp\/v2\/tags?post=41274"}],"curies":[{"name":"wp","href":"https:\/\/api.w.org\/{rel}","templated":true}]}}