

{"id":41262,"date":"2022-01-08T13:37:51","date_gmt":"2022-01-08T16:37:51","guid":{"rendered":"http:\/\/portalfloresnoar.com\/floresnoar\/?p=41262"},"modified":"2022-04-09T18:42:53","modified_gmt":"2022-04-09T21:42:53","slug":"agenda-palestra-on-line-o-ambiente-musical-na-1a-infancia-com-flavia-betti-dia-0604","status":"publish","type":"post","link":"https:\/\/portalfloresnoar.com\/floresnoar\/agenda-palestra-on-line-o-ambiente-musical-na-1a-infancia-com-flavia-betti-dia-0604\/","title":{"rendered":"[AGENDA] Palestra on-line \u2018O Ambiente Musical na 1\u00aa Inf\u00e2ncia\u2019, com Fl\u00e1via Betti, dia 06\/04"},"content":{"rendered":"<div><img decoding=\"async\" loading=\"lazy\" class=\"aligncenter wp-image-41264\" src=\"http:\/\/portalfloresnoar.com\/floresnoar\/wp-content\/uploads\/2022\/03\/O-ambiente-musical-na-primeira-inf\u00e2ncia-fl\u00e1via-betti-700x700.png\" alt=\"\" width=\"536\" height=\"536\" srcset=\"https:\/\/portalfloresnoar.com\/floresnoar\/wp-content\/uploads\/2022\/03\/O-ambiente-musical-na-primeira-inf\u00e2ncia-fl\u00e1via-betti-700x700.png 700w, https:\/\/portalfloresnoar.com\/floresnoar\/wp-content\/uploads\/2022\/03\/O-ambiente-musical-na-primeira-inf\u00e2ncia-fl\u00e1via-betti-150x150.png 150w, https:\/\/portalfloresnoar.com\/floresnoar\/wp-content\/uploads\/2022\/03\/O-ambiente-musical-na-primeira-inf\u00e2ncia-fl\u00e1via-betti-300x300.png 300w, https:\/\/portalfloresnoar.com\/floresnoar\/wp-content\/uploads\/2022\/03\/O-ambiente-musical-na-primeira-inf\u00e2ncia-fl\u00e1via-betti-768x768.png 768w, https:\/\/portalfloresnoar.com\/floresnoar\/wp-content\/uploads\/2022\/03\/O-ambiente-musical-na-primeira-inf\u00e2ncia-fl\u00e1via-betti-100x100.png 100w, https:\/\/portalfloresnoar.com\/floresnoar\/wp-content\/uploads\/2022\/03\/O-ambiente-musical-na-primeira-inf\u00e2ncia-fl\u00e1via-betti.png 1080w\" sizes=\"(max-width: 536px) 100vw, 536px\" \/><\/div>\n<div><\/div>\n<div>\n<p><em>&#8220;Qual \u00e9 o ambiente sonoro que permeia a inf\u00e2ncia das nossas crian\u00e7as?\u00a0Num mundo cheio de sons ca\u00f3ticos, de joguinhos e desenhos extremamente ruidosos, o que pode ser feito para minimizar esses efeitos?\u201d<\/em><\/p>\n<\/div>\n<div>\n<p>Este ser\u00e1 o mote da pr\u00f3ximo encontro do III Ciclo de Palestras promovido pelo N\u00facleo de Aprofundamento Antropos\u00f3fico (NAA): \u2018O Ambiente Musical na 1\u00aa Inf\u00e2ncia\u2019. A palestra ser\u00e1 ministrada de forma on-line pela\u00a0 professora de canto\u00a0<a href=\"https:\/\/www.instagram.com\/flaviabetti_cantaro\/\" target=\"_blank\" rel=\"noopener\">Fl\u00e1via Betti<\/a>, no dia 06 de abril, \u00e0s 19h30,\u00a0via Zoom.<\/p>\n<p><span style=\"letter-spacing: 0em;\">Fl\u00e1via Betti \u00e9 professora de M\u00fasica, formada em Cantoterapia pela escola Raphael. Trabalha h\u00e1 mais de 25 anos com o ensino musical, a<\/span><span style=\"letter-spacing: 0em;\">tuando em escolas, creches e abrigos. Leciona na P\u00f3s Gradua\u00e7\u00e3o de Educa\u00e7\u00e3o Infantil na Faculdade Rudolf Steiner. \u00c9 refer\u00eancia nacional no trabalho com o K\u00e2ntele e a m\u00fasica pentat\u00f4nica.\u00a0\u00c9 fundadora do Antropom\u00fasica e do C\u00e2ntaro (Escola de Canto, K\u00e2ntele e Lira).\u00a0<\/span><span style=\"letter-spacing: 0em;\">Possui o Canal dos Brincadedos:\u00a0<\/span><a style=\"letter-spacing: 0em;\" href=\"https:\/\/www.youtube.com\/user\/brincadedos\" target=\"_blank\" rel=\"noopener\" data-saferedirecturl=\"https:\/\/www.google.com\/url?q=https:\/\/www.youtube.com\/user\/brincadedos&amp;source=gmail&amp;ust=1647690121339000&amp;usg=AOvVaw2bevhjcekfs08_usA-EeRF\">https:\/\/www.youtube.com\/user\/brincadedos, <\/a>onde compartilha v\u00eddeos\u00a0atuando com os Brincadedos, atrav\u00e9s de hist\u00f3rias, can\u00e7\u00f5es e brincadeiras.<\/p>\n<\/div>\n<div><\/div>\n<div>\n<p>SERVI\u00c7O<br \/>\n<strong>Palestra \u2018O Ambiente Musical na 1\u00aa Inf\u00e2ncia\u2019, com Fl\u00e1via Betti<\/strong><br \/>\n<strong>Dia:<\/strong>\u00a006\/04 (quarta-feira)<br \/>\n<strong>Hora:<\/strong>\u00a019h30<br \/>\n<strong>Local:<\/strong>\u00a0On-line (Zoom)<br \/>\n<strong>Investimento:<\/strong>\u00a0R$ 45,00<\/p>\n<p><em><strong>Obs.:<\/strong>\u00a0A palestra ficar\u00e1 gravada e ser\u00e1 disponibilizada para os inscritos que n\u00e3o puderem participar ao vivo.<\/em><\/p>\n<p><strong>INSCRI\u00c7\u00d5ES:<\/strong><br \/>\nAtrav\u00e9s deste link:\u00a0<a href=\"https:\/\/evento.blinket.com.br\/iii-ciclo-de-palestras-do-nucleo\" target=\"_blank\" rel=\"noopener\">https:\/\/evento.blinket.com.br\/iii-ciclo-de-palestras-do-nucleo<\/a><\/p>\n<p><strong>CONFIRA A PROGRAMA\u00c7\u00c3O COMPLETA DO III CICLO DE PALESTRAS DO N\u00daCELO DE APROFUNDAMENTO ANTROPOS\u00d3FICO, NESTE LINK:<\/strong>\u00a0<a href=\"http:\/\/portalfloresnoar.com\/floresnoar\/agenda-iii-ciclo-de-palestras-do-nucleo-de-aprofundamento-antroposofico\/\" target=\"_blank\" rel=\"noopener\">http:\/\/portalfloresnoar.com\/floresnoar\/agenda-iii-ciclo-de-palestras-do-nucleo-de-aprofundamento-antroposofico\/<\/a><\/p>\n<p>MAIS INFORMA\u00c7\u00d5ES<br \/>\n<strong>WhatsApp:<\/strong>\u00a0(81) 99908-5069<br \/>\n<strong>E-mail:<\/strong>\u00a0nucleoantroposofico@gmail.com<br \/>\n<strong>Instagram:<\/strong>\u00a0@nucleoantroposofico<\/p>\n<\/div>\n<div><\/div>\n<div><\/div>\n<div><\/div>\n<div><\/div>\n","protected":false},"excerpt":{"rendered":"<p>&#8220;Qual \u00e9 o ambiente sonoro que permeia a inf\u00e2ncia das nossas crian\u00e7as?\u00a0Num mundo cheio de sons ca\u00f3ticos, de joguinhos e desenhos extremamente ruidosos, o que pode ser feito para minimizar esses efeitos?\u201d Este ser\u00e1 o mote da pr\u00f3ximo encontro do III Ciclo de Palestras promovido pelo N\u00facleo de Aprofundamento Antropos\u00f3fico (NAA): \u2018O Ambiente Musical na [&hellip;]<\/p>\n","protected":false},"author":1,"featured_media":41263,"comment_status":"open","ping_status":"open","sticky":false,"template":"","format":"standard","meta":{"om_disable_all_campaigns":false,"_monsterinsights_skip_tracking":false,"_monsterinsights_sitenote_active":false,"_monsterinsights_sitenote_note":"","_monsterinsights_sitenote_category":0,"footnotes":""},"categories":[8,214],"tags":[23,305,115],"acf":[],"publishpress_future_action":{"enabled":false,"date":"1969-12-31 21:00:00","action":"","terms":[],"taxonomy":"","browser_timezone_offset":0},"_links":{"self":[{"href":"https:\/\/portalfloresnoar.com\/floresnoar\/wp-json\/wp\/v2\/posts\/41262"}],"collection":[{"href":"https:\/\/portalfloresnoar.com\/floresnoar\/wp-json\/wp\/v2\/posts"}],"about":[{"href":"https:\/\/portalfloresnoar.com\/floresnoar\/wp-json\/wp\/v2\/types\/post"}],"author":[{"embeddable":true,"href":"https:\/\/portalfloresnoar.com\/floresnoar\/wp-json\/wp\/v2\/users\/1"}],"replies":[{"embeddable":true,"href":"https:\/\/portalfloresnoar.com\/floresnoar\/wp-json\/wp\/v2\/comments?post=41262"}],"version-history":[{"count":0,"href":"https:\/\/portalfloresnoar.com\/floresnoar\/wp-json\/wp\/v2\/posts\/41262\/revisions"}],"wp:featuredmedia":[{"embeddable":true,"href":"https:\/\/portalfloresnoar.com\/floresnoar\/wp-json\/wp\/v2\/media\/41263"}],"wp:attachment":[{"href":"https:\/\/portalfloresnoar.com\/floresnoar\/wp-json\/wp\/v2\/media?parent=41262"}],"wp:term":[{"taxonomy":"category","embeddable":true,"href":"https:\/\/portalfloresnoar.com\/floresnoar\/wp-json\/wp\/v2\/categories?post=41262"},{"taxonomy":"post_tag","embeddable":true,"href":"https:\/\/portalfloresnoar.com\/floresnoar\/wp-json\/wp\/v2\/tags?post=41262"}],"curies":[{"name":"wp","href":"https:\/\/api.w.org\/{rel}","templated":true}]}}