

{"id":41255,"date":"2022-01-07T12:55:29","date_gmt":"2022-01-07T15:55:29","guid":{"rendered":"http:\/\/portalfloresnoar.com\/floresnoar\/?p=41255"},"modified":"2022-03-26T15:59:25","modified_gmt":"2022-03-26T18:59:25","slug":"agenda-pe-vivencia-poesia-viva-e-arte-da-fala-dia-263-na-escola-waldorf-rural-turmalina","status":"publish","type":"post","link":"https:\/\/portalfloresnoar.com\/floresnoar\/agenda-pe-vivencia-poesia-viva-e-arte-da-fala-dia-263-na-escola-waldorf-rural-turmalina\/","title":{"rendered":"[ AGENDA PE] Viv\u00eancia &#8216;Poesia Viva e Arte da Fala&#8217;, dia 26\/3, na Escola Waldorf Rural Turmalina"},"content":{"rendered":"<p><img decoding=\"async\" loading=\"lazy\" class=\"aligncenter wp-image-41256 \" src=\"http:\/\/portalfloresnoar.com\/floresnoar\/wp-content\/uploads\/2022\/03\/poesia-viva-e-arte-da-fala-700x700.jpeg\" alt=\"\" width=\"502\" height=\"502\" srcset=\"https:\/\/portalfloresnoar.com\/floresnoar\/wp-content\/uploads\/2022\/03\/poesia-viva-e-arte-da-fala-700x700.jpeg 700w, https:\/\/portalfloresnoar.com\/floresnoar\/wp-content\/uploads\/2022\/03\/poesia-viva-e-arte-da-fala-150x150.jpeg 150w, https:\/\/portalfloresnoar.com\/floresnoar\/wp-content\/uploads\/2022\/03\/poesia-viva-e-arte-da-fala-300x300.jpeg 300w, https:\/\/portalfloresnoar.com\/floresnoar\/wp-content\/uploads\/2022\/03\/poesia-viva-e-arte-da-fala-768x768.jpeg 768w, https:\/\/portalfloresnoar.com\/floresnoar\/wp-content\/uploads\/2022\/03\/poesia-viva-e-arte-da-fala-100x100.jpeg 100w, https:\/\/portalfloresnoar.com\/floresnoar\/wp-content\/uploads\/2022\/03\/poesia-viva-e-arte-da-fala.jpeg 1080w\" sizes=\"(max-width: 502px) 100vw, 502px\" \/><\/p>\n<p>O professor de Teatro e Arte da Fala em escolas Waldorf\u00a0Lincon Guassi conduz, no dia 26 de mar\u00e7o de 2022, a viv\u00eancia &#8216;Poesia Viva e Arte da Fala&#8217;, na Escola Waldorf Rural Turmalina, em Paudalho\/PE. O evento \u00e9 presencial e acontece das 9h \u00e0s 12h, voltado para o p\u00fablico adulto.<\/p>\n<p>De acordo com Lincon, o encontro proporciona o aprendizado da escolha e cria\u00e7\u00e3o de poesias de forma din\u00e2mica no cotidiano, tendo a Arte da Fala como instrumento para potencializar os gestos e as imagens contidas por tr\u00e1s das palavras.<\/p>\n<p>Lincon Guassi \u00e9 diretor da empresa Aulas Fant\u00e1sticas e professor de Teatro e Arte da Fala em escolas Waldorf do interior de S\u00e3o Paulo e semin\u00e1rios de forma\u00e7\u00e3o Waldorf no Brasil. \u00c9 historiador pela UNICAMP, educador musical pela UNIMES e pedagogo Waldorf pela Associa\u00e7\u00e3o Intamor\u00e9s de Botucatu-SP.<\/p>\n<p>SERVI\u00c7O<br \/>\n<strong><em>&#8216;Poesia Viva e Arte da Fala&#8217;<\/em><\/strong><br \/>\n<strong>Data:<\/strong>\u00a026\/03\/2022 (S\u00e1bado)<br \/>\n<strong>Hora:<\/strong> 9h \u00e0s 12h<br \/>\n<strong>Local:\u00a0<\/strong>Escola Waldorf Rural Turmalina, de Paudalho\/PE<br \/>\nP\u00fablico: Adultos<br \/>\nValores*: M\u00ednimo: R$ 60 | Real: R$ 90 | Social R$ 120<\/p>\n<p><em><strong>*<\/strong>Os valores s\u00e3o refer\u00eancias. Escolha entre essas faixas de pre\u00e7o, ou qual faz sentido dentro da sua realidade, levando em considera\u00e7\u00e3o o quanto deseja fomentar este tipo de evento no mundo. Escolhendo o valor social (ou mais) voc\u00ea apoia quem se inscreve com valores menores.<\/em><\/p>\n<p><strong>Inscri\u00e7\u00f5es atrav\u00e9s do formul\u00e1rio:<\/strong> <a href=\"https:\/\/forms.gle\/ZJm9GqhN1cKwVPkY8\" target=\"_blank\" rel=\"noopener\">https:\/\/forms.gle\/ZJm9GqhN1cKwVPkY8<\/a><\/p>\n<p><strong>MAIS INFORMA\u00c7\u00d5ES:<\/strong>\u00a0(19) 991383423<\/p>\n","protected":false},"excerpt":{"rendered":"<p>O professor de Teatro e Arte da Fala em escolas Waldorf\u00a0Lincon Guassi conduz, no dia 26 de mar\u00e7o de 2022, a viv\u00eancia &#8216;Poesia Viva e Arte da Fala&#8217;, na Escola Waldorf Rural Turmalina, em Paudalho\/PE. O evento \u00e9 presencial e acontece das 9h \u00e0s 12h, voltado para o p\u00fablico adulto. De acordo com Lincon, o [&hellip;]<\/p>\n","protected":false},"author":1,"featured_media":41260,"comment_status":"open","ping_status":"open","sticky":false,"template":"","format":"standard","meta":{"om_disable_all_campaigns":false,"_monsterinsights_skip_tracking":false,"_monsterinsights_sitenote_active":false,"_monsterinsights_sitenote_note":"","_monsterinsights_sitenote_category":0,"footnotes":""},"categories":[8,214],"tags":[244,1139,1140,461,115,51,64],"acf":[],"publishpress_future_action":{"enabled":false,"date":"1969-12-31 21:00:00","action":"","terms":[],"taxonomy":"","browser_timezone_offset":0},"_links":{"self":[{"href":"https:\/\/portalfloresnoar.com\/floresnoar\/wp-json\/wp\/v2\/posts\/41255"}],"collection":[{"href":"https:\/\/portalfloresnoar.com\/floresnoar\/wp-json\/wp\/v2\/posts"}],"about":[{"href":"https:\/\/portalfloresnoar.com\/floresnoar\/wp-json\/wp\/v2\/types\/post"}],"author":[{"embeddable":true,"href":"https:\/\/portalfloresnoar.com\/floresnoar\/wp-json\/wp\/v2\/users\/1"}],"replies":[{"embeddable":true,"href":"https:\/\/portalfloresnoar.com\/floresnoar\/wp-json\/wp\/v2\/comments?post=41255"}],"version-history":[{"count":0,"href":"https:\/\/portalfloresnoar.com\/floresnoar\/wp-json\/wp\/v2\/posts\/41255\/revisions"}],"wp:featuredmedia":[{"embeddable":true,"href":"https:\/\/portalfloresnoar.com\/floresnoar\/wp-json\/wp\/v2\/media\/41260"}],"wp:attachment":[{"href":"https:\/\/portalfloresnoar.com\/floresnoar\/wp-json\/wp\/v2\/media?parent=41255"}],"wp:term":[{"taxonomy":"category","embeddable":true,"href":"https:\/\/portalfloresnoar.com\/floresnoar\/wp-json\/wp\/v2\/categories?post=41255"},{"taxonomy":"post_tag","embeddable":true,"href":"https:\/\/portalfloresnoar.com\/floresnoar\/wp-json\/wp\/v2\/tags?post=41255"}],"curies":[{"name":"wp","href":"https:\/\/api.w.org\/{rel}","templated":true}]}}