

{"id":41230,"date":"2022-01-04T10:11:32","date_gmt":"2022-01-04T13:11:32","guid":{"rendered":"http:\/\/portalfloresnoar.com\/floresnoar\/?p=41230"},"modified":"2022-03-17T13:08:10","modified_gmt":"2022-03-17T16:08:10","slug":"agenda-palestra-on-line-com-a-medica-jaqueline-volkmann-dia-1603","status":"publish","type":"post","link":"https:\/\/portalfloresnoar.com\/floresnoar\/agenda-palestra-on-line-com-a-medica-jaqueline-volkmann-dia-1603\/","title":{"rendered":"[AGENDA] Palestra on-line com a m\u00e9dica Jaqueline Volkmann, dia 16\/03"},"content":{"rendered":"<p><img decoding=\"async\" loading=\"lazy\" class=\"aligncenter wp-image-41232\" src=\"http:\/\/portalfloresnoar.com\/floresnoar\/wp-content\/uploads\/2022\/03\/palestra-online-sobre-antroposofia-700x700.jpeg\" alt=\"\" width=\"530\" height=\"531\" srcset=\"https:\/\/portalfloresnoar.com\/floresnoar\/wp-content\/uploads\/2022\/03\/palestra-online-sobre-antroposofia-700x700.jpeg 700w, https:\/\/portalfloresnoar.com\/floresnoar\/wp-content\/uploads\/2022\/03\/palestra-online-sobre-antroposofia-150x150.jpeg 150w, https:\/\/portalfloresnoar.com\/floresnoar\/wp-content\/uploads\/2022\/03\/palestra-online-sobre-antroposofia-300x300.jpeg 300w, https:\/\/portalfloresnoar.com\/floresnoar\/wp-content\/uploads\/2022\/03\/palestra-online-sobre-antroposofia-768x768.jpeg 768w, https:\/\/portalfloresnoar.com\/floresnoar\/wp-content\/uploads\/2022\/03\/palestra-online-sobre-antroposofia-100x100.jpeg 100w, https:\/\/portalfloresnoar.com\/floresnoar\/wp-content\/uploads\/2022\/03\/palestra-online-sobre-antroposofia.jpeg 1080w\" sizes=\"(max-width: 530px) 100vw, 530px\" \/><\/p>\n<p>Nesta quarta-feira (16\/03\/2022), \u00e0s 19h30, come\u00e7a o III Ciclo de Palestras on-line do N\u00facleo de Aprofundamento Antropos\u00f3fico. A palestra de abertura ser\u00e1 sobre o tema: &#8216;A educa\u00e7\u00e3o promovendo sa\u00fade individual e social&#8217;, com a m\u00e9dica Jaqueline Volkmann.<\/p>\n<p>No encontro ser\u00e3o abordados importantes t\u00f3picos relativos ao desenvolvimento infantil do ponto de vista da Medicina Antropos\u00f3fica, observando como o entorno pedag\u00f3gico da crian\u00e7a \u00e9 um grande fator de promo\u00e7\u00e3o da sa\u00fade, n\u00e3o s\u00f3 da crian\u00e7a, mas da comunidade como um todo.<\/p>\n<p>SOBRE A PALESTRANTE<br \/>\n<strong>Jaqueline Volkmann<\/strong> atua como pediatra e m\u00e9dica antropos\u00f3fica em Porto Alegre\/RS. \u00c9 diretora da ABMA-RS, e coordenadora e docente nos cursos de forma\u00e7\u00e3o da ABMA Nacional. Atua com acompanhamento pedi\u00e1trico a equipes de parto humanizado, \u00e9 m\u00e9dica escolar e docente em cursos de Medicina Terap\u00eautica e Pedagogia Waldorf, al\u00e9m de ter p\u00f3s-gradua\u00e7\u00e3o em Medicina do Adolescente e em Terapias Cognitivas na Inf\u00e2ncia.<\/p>\n<p>SERVI\u00c7O<br \/>\n<strong>Palestra &#8216;A educa\u00e7\u00e3o promovendo sa\u00fade individual e social&#8217;, com a m\u00e9dica Jaqueline Volkmann.<\/strong><br \/>\n<strong>Dia:<\/strong> 16\/03 (quarta-feira)<br \/>\n<strong>Hora:<\/strong> 19h30<br \/>\n<strong>Local:<\/strong> On-line (Zoom)<br \/>\n<strong>Investimento:<\/strong> R$ 45,00<\/p>\n<p><em><strong>Obs.:<\/strong> A palestra ficar\u00e1 gravada e ser\u00e1 disponibilizada para os inscritos que n\u00e3o puderem participar ao vivo.<\/em><\/p>\n<p><strong>INSCRI\u00c7\u00d5ES:<\/strong><br \/>\nAtrav\u00e9s deste link: <a href=\"https:\/\/evento.blinket.com.br\/iii-ciclo-de-palestras-do-nucleo\" target=\"_blank\" rel=\"noopener\">https:\/\/evento.blinket.com.br\/iii-ciclo-de-palestras-do-nucleo<\/a><\/p>\n<p><strong>CONFIRA A PROGRAMA\u00c7\u00c3O COMPLETA DO III CICLO DE PALESTRAS DO N\u00daCELO DE APROFUNDAMENTO ANTROPOS\u00d3FICO, NESTE LINK:<\/strong>\u00a0<a href=\"http:\/\/portalfloresnoar.com\/floresnoar\/agenda-iii-ciclo-de-palestras-do-nucleo-de-aprofundamento-antroposofico\/\" target=\"_blank\" rel=\"noopener\">http:\/\/portalfloresnoar.com\/floresnoar\/agenda-iii-ciclo-de-palestras-do-nucleo-de-aprofundamento-antroposofico\/<\/a><\/p>\n<p>MAIS INFORMA\u00c7\u00d5ES<br \/>\n<strong>WhatsApp:<\/strong> (81) 99908-5069<br \/>\n<strong>E-mail:<\/strong> nucleoantroposofico@gmail.com<br \/>\n<strong>Instagram:<\/strong> @nucleoantroposofico<\/p>\n","protected":false},"excerpt":{"rendered":"<p>Nesta quarta-feira (16\/03\/2022), \u00e0s 19h30, come\u00e7a o III Ciclo de Palestras on-line do N\u00facleo de Aprofundamento Antropos\u00f3fico. A palestra de abertura ser\u00e1 sobre o tema: &#8216;A educa\u00e7\u00e3o promovendo sa\u00fade individual e social&#8217;, com a m\u00e9dica Jaqueline Volkmann. No encontro ser\u00e3o abordados importantes t\u00f3picos relativos ao desenvolvimento infantil do ponto de vista da Medicina Antropos\u00f3fica, observando [&hellip;]<\/p>\n","protected":false},"author":1,"featured_media":41231,"comment_status":"open","ping_status":"open","sticky":false,"template":"","format":"standard","meta":{"om_disable_all_campaigns":false,"_monsterinsights_skip_tracking":false,"_monsterinsights_sitenote_active":false,"_monsterinsights_sitenote_note":"","_monsterinsights_sitenote_category":0,"footnotes":""},"categories":[8,214],"tags":[23,115,624],"acf":[],"publishpress_future_action":{"enabled":false,"date":"1969-12-31 21:00:00","action":"","terms":[],"taxonomy":"","browser_timezone_offset":0},"_links":{"self":[{"href":"https:\/\/portalfloresnoar.com\/floresnoar\/wp-json\/wp\/v2\/posts\/41230"}],"collection":[{"href":"https:\/\/portalfloresnoar.com\/floresnoar\/wp-json\/wp\/v2\/posts"}],"about":[{"href":"https:\/\/portalfloresnoar.com\/floresnoar\/wp-json\/wp\/v2\/types\/post"}],"author":[{"embeddable":true,"href":"https:\/\/portalfloresnoar.com\/floresnoar\/wp-json\/wp\/v2\/users\/1"}],"replies":[{"embeddable":true,"href":"https:\/\/portalfloresnoar.com\/floresnoar\/wp-json\/wp\/v2\/comments?post=41230"}],"version-history":[{"count":0,"href":"https:\/\/portalfloresnoar.com\/floresnoar\/wp-json\/wp\/v2\/posts\/41230\/revisions"}],"wp:featuredmedia":[{"embeddable":true,"href":"https:\/\/portalfloresnoar.com\/floresnoar\/wp-json\/wp\/v2\/media\/41231"}],"wp:attachment":[{"href":"https:\/\/portalfloresnoar.com\/floresnoar\/wp-json\/wp\/v2\/media?parent=41230"}],"wp:term":[{"taxonomy":"category","embeddable":true,"href":"https:\/\/portalfloresnoar.com\/floresnoar\/wp-json\/wp\/v2\/categories?post=41230"},{"taxonomy":"post_tag","embeddable":true,"href":"https:\/\/portalfloresnoar.com\/floresnoar\/wp-json\/wp\/v2\/tags?post=41230"}],"curies":[{"name":"wp","href":"https:\/\/api.w.org\/{rel}","templated":true}]}}