

{"id":41220,"date":"2022-03-10T18:06:02","date_gmt":"2022-03-10T21:06:02","guid":{"rendered":"http:\/\/portalfloresnoar.com\/floresnoar\/?p=41220"},"modified":"2022-03-10T18:25:00","modified_gmt":"2022-03-10T21:25:00","slug":"sexo-amor-e-terapia-sexualidade-e-tema-de-nova-coluna-no-portal-flores-no-ar","status":"publish","type":"post","link":"https:\/\/portalfloresnoar.com\/floresnoar\/sexo-amor-e-terapia-sexualidade-e-tema-de-nova-coluna-no-portal-flores-no-ar\/","title":{"rendered":"[SEXO, AMOR E TERAPIA] Sexualidade \u00e9 tema de nova coluna no Portal Flores no Ar"},"content":{"rendered":"<p><figure id=\"attachment_41221\" aria-describedby=\"caption-attachment-41221\" style=\"width: 625px\" class=\"wp-caption aligncenter\"><img decoding=\"async\" loading=\"lazy\" class=\"wp-image-41221\" src=\"http:\/\/portalfloresnoar.com\/floresnoar\/wp-content\/uploads\/2022\/03\/sexo-amor-e-terapia-700x467.jpg\" alt=\"\" width=\"625\" height=\"417\" srcset=\"https:\/\/portalfloresnoar.com\/floresnoar\/wp-content\/uploads\/2022\/03\/sexo-amor-e-terapia-700x467.jpg 700w, https:\/\/portalfloresnoar.com\/floresnoar\/wp-content\/uploads\/2022\/03\/sexo-amor-e-terapia-300x200.jpg 300w, https:\/\/portalfloresnoar.com\/floresnoar\/wp-content\/uploads\/2022\/03\/sexo-amor-e-terapia-768x513.jpg 768w, https:\/\/portalfloresnoar.com\/floresnoar\/wp-content\/uploads\/2022\/03\/sexo-amor-e-terapia.jpg 1200w\" sizes=\"(max-width: 625px) 100vw, 625px\" \/><figcaption id=\"caption-attachment-41221\" class=\"wp-caption-text\">Foto: Vanessa Acioly\u00a0 [@vanpapillo]<\/figcaption><\/figure>| <em>Por Rafaela Abreu*<\/em> |<\/p>\n<p>Ol\u00e1, aqui estamos em nossa primeira comunica\u00e7\u00e3o. Queremos apresentar nossas ideias e tecer juntos uma rela\u00e7\u00e3o baseada na abertura sincera de nossos cora\u00e7\u00f5es e na entrega total ao prop\u00f3sito de servir. Este ser\u00e1 um espa\u00e7o de reflex\u00e3o, onde um mundo novo se abre e podemos contemplar a uni\u00e3o de temas como: Sexo, Amor e Espiritualidade. Sim, nosso olhar \u00e9 inspirado no conhecimento milenar do Tantra, neo-tantra, no cultivo da presen\u00e7a meditativa e na desconstru\u00e7\u00e3o de cren\u00e7as e padr\u00f5es impostos socialmente que trazem conflitos internos e adoecimento social. Aqui tamb\u00e9m ser\u00e1 um espa\u00e7o de apresenta\u00e7\u00e3o de terapias formais e alternativas, voltadas para o tema da Sexualidade.<\/p>\n<p>O convite de escrever esta coluna, se deu na necessidade informativa sobre o tema Sexualidade e Tantra com grande respeito, seriedade e \u00e9tica, visto que existe uma epidemia de informa\u00e7\u00f5es equivocadas sobre o tema, que pode inclusive prejudicar quem est\u00e1 buscando uma aproxima\u00e7\u00e3o com o assunto e com as novas formas de amar que se apresentam na atualidade. Costumo falar que o grande inimigo da nossa profiss\u00e3o \u00e9 a fantasia e a pornografia, pois em nada tem a ver com Sexualidade Sagrada e com o Tantra. Assim, vamos aos poucos conhecer um pouco mais sobre esse mundo misterioso, revelando seus entremeios e segredos de maneira pr\u00e1tica e elucidativa.<\/p>\n<p>Somos uma egr\u00e9gora, ou seja, um grupo que vibra numa mesma sintonia. Come\u00e7o me apresentando como lideran\u00e7a desse movimento. Sou Rafaela Abreu, Psicoterapeuta e Terapeuta T\u00e2ntrica Cl\u00ednica, e docente da disciplina Sexualidade Humana e Sagrada, oferecida na p\u00f3s-gradua\u00e7\u00e3o em Ginecologia Natural pela escola SHEN. Possuo diversas forma\u00e7\u00f5es na \u00e1rea e desenvolvi o m\u00e9todo Mahadevi de Terapia T\u00e2ntrica Cl\u00ednica, a partir da minha pr\u00e1tica profissional como terapeuta sexual. Formei pessoalmente tr\u00eas grandes terapeutas, com quem dividirei este espa\u00e7o semanalmente: Raphaela Maia, Auriana Michele e Airton Santos (Avadhyan Prem). Cada um ter\u00e1 a miss\u00e3o de falar sobre um tema da atualidade, que pode ser complexo e pol\u00eamico, mas, com a habilidade comunicativa e conhecimento na \u00e1rea, tenho certeza que ser\u00e1 de grande contribui\u00e7\u00e3o social.<\/p>\n<p>Fica aqui o meu convite para nosso encontro semanal aqui no Flores. At\u00e9 mais!<\/p>\n<p><em>*Rafaela Abreu \u00e9 psicoterapeuta, terapeuta T\u00e2ntrica e mentora do\u00a0M\u00e9todo Mahadevi.<\/em><\/p>\n<p>CONTATOS<br \/>\n<a href=\"https:\/\/www.instagram.com\/metodo_mahadevi\/\" target=\"_blank\" rel=\"noopener\">@metodo_mahadevi<\/a><br \/>\n<a href=\"https:\/\/www.instagram.com\/sex0_amor_terapia\/\" target=\"_blank\" rel=\"noopener\">@sex0_amor_terapia<\/a><br \/>\n<a href=\"https:\/\/www.instagram.com\/eu_rafaelaabreu\/\" target=\"_blank\" rel=\"noopener\">@eu_rafaelaabreu<\/a><\/p>\n","protected":false},"excerpt":{"rendered":"<p>| Por Rafaela Abreu* | Ol\u00e1, aqui estamos em nossa primeira comunica\u00e7\u00e3o. Queremos apresentar nossas ideias e tecer juntos uma rela\u00e7\u00e3o baseada na abertura sincera de nossos cora\u00e7\u00f5es e na entrega total ao prop\u00f3sito de servir. Este ser\u00e1 um espa\u00e7o de reflex\u00e3o, onde um mundo novo se abre e podemos contemplar a uni\u00e3o de temas [&hellip;]<\/p>\n","protected":false},"author":1,"featured_media":41221,"comment_status":"open","ping_status":"open","sticky":false,"template":"","format":"standard","meta":{"om_disable_all_campaigns":false,"_monsterinsights_skip_tracking":false,"_monsterinsights_sitenote_active":false,"_monsterinsights_sitenote_note":"","_monsterinsights_sitenote_category":0,"footnotes":""},"categories":[220,1135],"tags":[144,244,33,236,309],"acf":[],"publishpress_future_action":{"enabled":false,"date":"1969-12-31 21:00:00","action":"","terms":[],"taxonomy":"","browser_timezone_offset":0},"_links":{"self":[{"href":"https:\/\/portalfloresnoar.com\/floresnoar\/wp-json\/wp\/v2\/posts\/41220"}],"collection":[{"href":"https:\/\/portalfloresnoar.com\/floresnoar\/wp-json\/wp\/v2\/posts"}],"about":[{"href":"https:\/\/portalfloresnoar.com\/floresnoar\/wp-json\/wp\/v2\/types\/post"}],"author":[{"embeddable":true,"href":"https:\/\/portalfloresnoar.com\/floresnoar\/wp-json\/wp\/v2\/users\/1"}],"replies":[{"embeddable":true,"href":"https:\/\/portalfloresnoar.com\/floresnoar\/wp-json\/wp\/v2\/comments?post=41220"}],"version-history":[{"count":0,"href":"https:\/\/portalfloresnoar.com\/floresnoar\/wp-json\/wp\/v2\/posts\/41220\/revisions"}],"wp:featuredmedia":[{"embeddable":true,"href":"https:\/\/portalfloresnoar.com\/floresnoar\/wp-json\/wp\/v2\/media\/41221"}],"wp:attachment":[{"href":"https:\/\/portalfloresnoar.com\/floresnoar\/wp-json\/wp\/v2\/media?parent=41220"}],"wp:term":[{"taxonomy":"category","embeddable":true,"href":"https:\/\/portalfloresnoar.com\/floresnoar\/wp-json\/wp\/v2\/categories?post=41220"},{"taxonomy":"post_tag","embeddable":true,"href":"https:\/\/portalfloresnoar.com\/floresnoar\/wp-json\/wp\/v2\/tags?post=41220"}],"curies":[{"name":"wp","href":"https:\/\/api.w.org\/{rel}","templated":true}]}}