

{"id":41201,"date":"2022-01-10T16:45:29","date_gmt":"2022-01-10T19:45:29","guid":{"rendered":"http:\/\/portalfloresnoar.com\/floresnoar\/?p=41201"},"modified":"2022-04-09T18:48:42","modified_gmt":"2022-04-09T21:48:42","slug":"agenda-iii-ciclo-de-palestras-do-nucleo-de-aprofundamento-antroposofico","status":"publish","type":"post","link":"https:\/\/portalfloresnoar.com\/floresnoar\/agenda-iii-ciclo-de-palestras-do-nucleo-de-aprofundamento-antroposofico\/","title":{"rendered":"[AGENDA] III Ciclo de Palestras do N\u00facleo de Aprofundamento Antropos\u00f3fico"},"content":{"rendered":"<p><img decoding=\"async\" loading=\"lazy\" class=\"aligncenter wp-image-41203 \" src=\"http:\/\/portalfloresnoar.com\/floresnoar\/wp-content\/uploads\/2022\/03\/palestras-online-antroposofia-2-700x700.jpg\" alt=\"\" width=\"508\" height=\"508\" srcset=\"https:\/\/portalfloresnoar.com\/floresnoar\/wp-content\/uploads\/2022\/03\/palestras-online-antroposofia-2-700x700.jpg 700w, https:\/\/portalfloresnoar.com\/floresnoar\/wp-content\/uploads\/2022\/03\/palestras-online-antroposofia-2-150x150.jpg 150w, https:\/\/portalfloresnoar.com\/floresnoar\/wp-content\/uploads\/2022\/03\/palestras-online-antroposofia-2-300x300.jpg 300w, https:\/\/portalfloresnoar.com\/floresnoar\/wp-content\/uploads\/2022\/03\/palestras-online-antroposofia-2-768x768.jpg 768w, https:\/\/portalfloresnoar.com\/floresnoar\/wp-content\/uploads\/2022\/03\/palestras-online-antroposofia-2-100x100.jpg 100w, https:\/\/portalfloresnoar.com\/floresnoar\/wp-content\/uploads\/2022\/03\/palestras-online-antroposofia-2.jpg 1080w\" sizes=\"(max-width: 508px) 100vw, 508px\" \/><\/p>\n<p>Est\u00e1 acontecendo o III Ciclo de Palestras do\u00a0N\u00facleo de Aprofundamento Antropos\u00f3fico &#8211; Associa\u00e7\u00e3o Ubuntu Todos os Dias.\u00a0 As palestras acontecem de forma on-line, via plataforma Zoom.<\/p>\n<p>De acordo com Janise Paiva e Suely Portela, coordenadoras do N\u00facleo de Aprofundamento Antropos\u00f3fico, o Ciclo de Palestras \u00a0\u00e9 um espa\u00e7o multidisciplinar de apresenta\u00e7\u00f5es, reflex\u00f5es e trocas de conhecimentos, permeado por temas ancorados em conceitos e pr\u00e1ticas Antropos\u00f3ficas, por meio de todas as atua\u00e7\u00f5es profissionais que t\u00eam sua vis\u00e3o ampliada por esta ci\u00eancia.<\/p>\n<p>&#8220;A Antroposofia \u00e9 uma ci\u00eancia cujo objeto de estudo \u00e9 o ser humano integral. A Ci\u00eancia Antropos\u00f3fica tenta responder as indaga\u00e7\u00f5es mais complexas que caminham em nossas almas como: de onde viemos? para onde vamos? Qual o sentido da vida&#8230; O ser humano em sua jornada biogr\u00e1fica \u00e9 educado durante 21 anos, ap\u00f3s esse final de ciclo, ele inicia sua caminhada, rumo \u00e0 autoeduca\u00e7\u00e3o, autoconhecimento e autodesenvolvimento. Entendendo a si, como parte de um todo maior, podemos lan\u00e7ar m\u00e3o de nossos atributos e potencialidades para ser \u00fatil a humanidade&#8221;, ressaltam.<\/p>\n<p><strong>CONFIRA ABAIXO A PROGRAMA\u00c7\u00c3O\u00a0 DO III CICLO DE PALESTRAS DO N\u00daCLEO DE APROFUNDAMENTO ANTROPOS\u00d3FICO!<\/strong><\/p>\n<p><img decoding=\"async\" loading=\"lazy\" class=\"aligncenter wp-image-41202 \" src=\"http:\/\/portalfloresnoar.com\/floresnoar\/wp-content\/uploads\/2022\/03\/palestras-online-antroposofia-1-700x700.jpg\" alt=\"\" width=\"603\" height=\"603\" srcset=\"https:\/\/portalfloresnoar.com\/floresnoar\/wp-content\/uploads\/2022\/03\/palestras-online-antroposofia-1-700x700.jpg 700w, https:\/\/portalfloresnoar.com\/floresnoar\/wp-content\/uploads\/2022\/03\/palestras-online-antroposofia-1-150x150.jpg 150w, https:\/\/portalfloresnoar.com\/floresnoar\/wp-content\/uploads\/2022\/03\/palestras-online-antroposofia-1-300x300.jpg 300w, https:\/\/portalfloresnoar.com\/floresnoar\/wp-content\/uploads\/2022\/03\/palestras-online-antroposofia-1-768x768.jpg 768w, https:\/\/portalfloresnoar.com\/floresnoar\/wp-content\/uploads\/2022\/03\/palestras-online-antroposofia-1-100x100.jpg 100w, https:\/\/portalfloresnoar.com\/floresnoar\/wp-content\/uploads\/2022\/03\/palestras-online-antroposofia-1.jpg 1080w\" sizes=\"(max-width: 603px) 100vw, 603px\" \/><\/p>\n<p><img decoding=\"async\" loading=\"lazy\" class=\"aligncenter wp-image-41204 \" src=\"http:\/\/portalfloresnoar.com\/floresnoar\/wp-content\/uploads\/2022\/03\/palestras-online-antroposofia-3-700x700.jpg\" alt=\"\" width=\"603\" height=\"603\" srcset=\"https:\/\/portalfloresnoar.com\/floresnoar\/wp-content\/uploads\/2022\/03\/palestras-online-antroposofia-3-700x700.jpg 700w, https:\/\/portalfloresnoar.com\/floresnoar\/wp-content\/uploads\/2022\/03\/palestras-online-antroposofia-3-150x150.jpg 150w, https:\/\/portalfloresnoar.com\/floresnoar\/wp-content\/uploads\/2022\/03\/palestras-online-antroposofia-3-300x300.jpg 300w, https:\/\/portalfloresnoar.com\/floresnoar\/wp-content\/uploads\/2022\/03\/palestras-online-antroposofia-3-768x768.jpg 768w, https:\/\/portalfloresnoar.com\/floresnoar\/wp-content\/uploads\/2022\/03\/palestras-online-antroposofia-3-100x100.jpg 100w, https:\/\/portalfloresnoar.com\/floresnoar\/wp-content\/uploads\/2022\/03\/palestras-online-antroposofia-3.jpg 1080w\" sizes=\"(max-width: 603px) 100vw, 603px\" \/><\/p>\n<p>SERVI\u00c7O<br \/>\n<strong>III Ciclo de Palestras do\u00a0N\u00facleo de Aprofundamento Antropos\u00f3fico\u00a0<\/strong><br \/>\n<strong>Hora:<\/strong> 19h30<br \/>\n<strong>Local:<\/strong> On-line (Zoom)<br \/>\n<strong>Investimento:<\/strong> R$ 45,00 (por palestra)<br \/>\n<em>Obs.1: O combo incluindo as 07 palestras do III Ciclo, fica por R$ 297,00.<\/em><br \/>\n<em>Obs.2: As palestras s\u00e3o gravadas e disponibilizadas para os inscritos que n\u00e3o puderem participar ao vivo.<\/em><\/p>\n<p><strong>Inscri\u00e7\u00f5es, atrav\u00e9s deste link:<\/strong> <a href=\"https:\/\/evento.blinket.com.br\/iii-ciclo-de-palestras-do-nucleo\" target=\"_blank\" rel=\"noopener\">https:\/\/evento.blinket.com.br\/iii-ciclo-de-palestras-do-nucleo<\/a><\/p>\n<p>CONTATOS DO N\u00daCLEO DE APROFUNDAMENTO ANTROPOS\u00d3FICO:<br \/>\n<strong>WhatsApp:<\/strong>\u00a0(81) 99908-5069<br \/>\n<strong>E-mail:<\/strong>\u00a0nucleoantroposofico@gmail.com<br \/>\n<strong>Instagram:<\/strong>\u00a0<a href=\"https:\/\/www.instagram.com\/nucleoapantroposofico\/\" target=\"_blank\" rel=\"noopener\">@nucleoantroposofico<\/a><br \/>\n<strong>YouTube:\u00a0<\/strong><a href=\"https:\/\/www.youtube.com\/channel\/UCscWmkd0bpKkFWX8cSxlbOg\/videos\" target=\"_blank\" rel=\"noopener\">https:\/\/www.youtube.com\/channel\/UCscWmkd0bpKkFWX8cSxlbOg\/videos<\/a><br \/>\n<strong>Site:<\/strong>\u00a0<a href=\"https:\/\/nucleoapantroposofico.com.br\/\" target=\"_blank\" rel=\"noopener\">www.nucleoapantroposofico.com.br<\/a><\/p>\n","protected":false},"excerpt":{"rendered":"<p>Est\u00e1 acontecendo o III Ciclo de Palestras do\u00a0N\u00facleo de Aprofundamento Antropos\u00f3fico &#8211; Associa\u00e7\u00e3o Ubuntu Todos os Dias.\u00a0 As palestras acontecem de forma on-line, via plataforma Zoom. De acordo com Janise Paiva e Suely Portela, coordenadoras do N\u00facleo de Aprofundamento Antropos\u00f3fico, o Ciclo de Palestras \u00a0\u00e9 um espa\u00e7o multidisciplinar de apresenta\u00e7\u00f5es, reflex\u00f5es e trocas de conhecimentos, [&hellip;]<\/p>\n","protected":false},"author":1,"featured_media":41215,"comment_status":"open","ping_status":"open","sticky":false,"template":"","format":"standard","meta":{"om_disable_all_campaigns":false,"_monsterinsights_skip_tracking":false,"_monsterinsights_sitenote_active":false,"_monsterinsights_sitenote_note":"","_monsterinsights_sitenote_category":0,"footnotes":""},"categories":[8,214],"tags":[23,115],"acf":[],"publishpress_future_action":{"enabled":false,"date":"1969-12-31 21:00:00","action":"","terms":[],"taxonomy":"","browser_timezone_offset":0},"_links":{"self":[{"href":"https:\/\/portalfloresnoar.com\/floresnoar\/wp-json\/wp\/v2\/posts\/41201"}],"collection":[{"href":"https:\/\/portalfloresnoar.com\/floresnoar\/wp-json\/wp\/v2\/posts"}],"about":[{"href":"https:\/\/portalfloresnoar.com\/floresnoar\/wp-json\/wp\/v2\/types\/post"}],"author":[{"embeddable":true,"href":"https:\/\/portalfloresnoar.com\/floresnoar\/wp-json\/wp\/v2\/users\/1"}],"replies":[{"embeddable":true,"href":"https:\/\/portalfloresnoar.com\/floresnoar\/wp-json\/wp\/v2\/comments?post=41201"}],"version-history":[{"count":0,"href":"https:\/\/portalfloresnoar.com\/floresnoar\/wp-json\/wp\/v2\/posts\/41201\/revisions"}],"wp:featuredmedia":[{"embeddable":true,"href":"https:\/\/portalfloresnoar.com\/floresnoar\/wp-json\/wp\/v2\/media\/41215"}],"wp:attachment":[{"href":"https:\/\/portalfloresnoar.com\/floresnoar\/wp-json\/wp\/v2\/media?parent=41201"}],"wp:term":[{"taxonomy":"category","embeddable":true,"href":"https:\/\/portalfloresnoar.com\/floresnoar\/wp-json\/wp\/v2\/categories?post=41201"},{"taxonomy":"post_tag","embeddable":true,"href":"https:\/\/portalfloresnoar.com\/floresnoar\/wp-json\/wp\/v2\/tags?post=41201"}],"curies":[{"name":"wp","href":"https:\/\/api.w.org\/{rel}","templated":true}]}}