

{"id":41117,"date":"2021-09-27T21:28:23","date_gmt":"2021-09-28T00:28:23","guid":{"rendered":"http:\/\/portalfloresnoar.com\/floresnoar\/?p=41117"},"modified":"2022-03-05T11:04:11","modified_gmt":"2022-03-05T14:04:11","slug":"agenda-pe-imersao-arteterapeutica-com-argila-dias-4-5-e-6-de-marco-em-aldeiape","status":"publish","type":"post","link":"https:\/\/portalfloresnoar.com\/floresnoar\/agenda-pe-imersao-arteterapeutica-com-argila-dias-4-5-e-6-de-marco-em-aldeiape\/","title":{"rendered":"[AGENDA PE] Imers\u00e3o Arteterap\u00eautica com Argila, dias 4, 5 e 6 de mar\u00e7o, em Aldeia\/PE"},"content":{"rendered":"<p><img decoding=\"async\" loading=\"lazy\" class=\"aligncenter wp-image-41118 \" src=\"http:\/\/portalfloresnoar.com\/floresnoar\/wp-content\/uploads\/2022\/02\/oficina-arteterapia-com-barro-700x700.jpeg\" alt=\"\" width=\"458\" height=\"458\" srcset=\"https:\/\/portalfloresnoar.com\/floresnoar\/wp-content\/uploads\/2022\/02\/oficina-arteterapia-com-barro-700x700.jpeg 700w, https:\/\/portalfloresnoar.com\/floresnoar\/wp-content\/uploads\/2022\/02\/oficina-arteterapia-com-barro-150x150.jpeg 150w, https:\/\/portalfloresnoar.com\/floresnoar\/wp-content\/uploads\/2022\/02\/oficina-arteterapia-com-barro-300x300.jpeg 300w, https:\/\/portalfloresnoar.com\/floresnoar\/wp-content\/uploads\/2022\/02\/oficina-arteterapia-com-barro-768x768.jpeg 768w, https:\/\/portalfloresnoar.com\/floresnoar\/wp-content\/uploads\/2022\/02\/oficina-arteterapia-com-barro-100x100.jpeg 100w, https:\/\/portalfloresnoar.com\/floresnoar\/wp-content\/uploads\/2022\/02\/oficina-arteterapia-com-barro.jpeg 1080w\" sizes=\"(max-width: 458px) 100vw, 458px\" \/><\/p>\n<p>Nos dias 4, 5 e 6 de mar\u00e7o de 2022, ser\u00e1 realizada a &#8216;M\u00e3os da Terra &#8211; Imers\u00e3o Arteterap\u00eautica com Argila&#8217;, facilitada pelo artista e arteterapeuta Moa Lago. O encontro ser\u00e1 na <a href=\"https:\/\/www.instagram.com\/casadexamanismo.centrodaterra\/\" target=\"_blank\" rel=\"noopener\">Casa de Xamanismo Centro da Terra<\/a>, localizada em Aldeia\/PE.<\/p>\n<p>Moa explica que a imers\u00e3o tem um vi\u00e9s de cura pela criatividade e pelo fazer, explorando a argila em momentos coletivos e tamb\u00e9m individuais. O \u00fanico pr\u00e9-requisito para participar \u00e9 ter mais de 18 anos.<\/p>\n<p>&#8220;Ser\u00e1 um espa\u00e7o de acolhimento e seguran\u00e7a para o movimento criativo com o barro. O barro \u00e9 a terra, e somos n\u00f3s. O &#8216;ao p\u00f3 voltar\u00e1s&#8217; d\u00e1 figura ao que \u00e9 um de nossos maiores desafios: conseguir experimentar e mesmo provocar nossas mudan\u00e7as e transforma\u00e7\u00f5es, t\u00e3o necess\u00e1rias e estruturantes. No transformar, as m\u00e3os tocam e experimentam emo\u00e7\u00f5es e sentimentos antigos e ancestrais. Conduzidos pelo processo, construiremos mundos, processaremos sentimentos e potencializaremos a\u00e7\u00f5es, usando da Arteterapia como ferramenta psicom\u00e1gica&#8221;, conta Moa, que est\u00e1 \u00e0 frente do <a href=\"https:\/\/www.instagram.com\/atelier.olubaje\/\" target=\"_blank\" rel=\"noopener\">Atelier Olubaje<\/a>.<\/p>\n<p>PROGRAMA\u00c7\u00c3O<br \/>\nIn\u00edcio: <strong>Sexta-feira (04\/03)<\/strong> , \u00e0s 20h, come\u00e7ando com um trabalho em volta da fogueira. Contos ancestrais conduzir\u00e3o o primeiro contato com o barro, assim como atividades que estimulem o contato com os sonhos, j\u00e1 que o grupo estar\u00e1 l\u00e1 hospedado.<\/p>\n<p>No <strong>S\u00e1bado (05\/03)<\/strong>, pela manh\u00e3, haver\u00e1 uma viv\u00eancia conduzida por Luiz Carvalho Galego, da<a href=\"https:\/\/www.instagram.com\/csa_biodinamica\/\" target=\"_blank\" rel=\"noopener\"> CSA Biodin\u00e2mica<\/a>\u00a0, onde ser\u00e1 experienciado um processo muito importante usando a \u00e1gua e alguns minerais, tudo em conex\u00e3o com a terra, com o barro e com o grupo.<\/p>\n<p>\u00c0 tarde ser\u00e1 de contato com o barro, onde conduzidos por um roteiro bem especial construiremos realidades e observaremos essa via de m\u00e3o dupla que \u00e9 a criatividade posta em pr\u00e1tica.<\/p>\n<p>\u00c0 noite vivenciaremos uma Psicomagia utilizando as pe\u00e7as produzidas e outra fogueira.<\/p>\n<p>No <strong>Domingo (06\/04)<\/strong>, manh\u00e3 de modelagem.<\/p>\n<p>SERVI\u00c7O<br \/>\n<strong>&#8216;M\u00e3os da Terra &#8211; Imers\u00e3o Arteterap\u00eautica com Argila&#8217;<\/strong><br \/>\n<strong>DATA:<\/strong> 04, 05 e 06 de mar\u00e7o de 2022<br \/>\n<strong>LOCAL<\/strong> <a href=\"https:\/\/www.instagram.com\/casadexamanismo.centrodaterra\/\" target=\"_blank\" rel=\"noopener\">Casa de Xamanismo Centro da Terra<\/a>, Km 14, Aldeia\/PE<\/p>\n<p><strong>INVESTIMENTO:<\/strong><br \/>\n<strong>* Contribui\u00e7\u00e3o m\u00ednima<\/strong> \u300b250 reais (150 reais pela alimenta\u00e7\u00e3o e 100 reais pelo trabalho docente)<br \/>\n<strong>* Contribui\u00e7\u00e3o consciente<\/strong> \u300b350 reais (150 reais pela alimenta\u00e7\u00e3o e 200 reais pelo trabalho docente)<br \/>\n<strong>* Contribui\u00e7\u00e3o abundante<\/strong> \u300b450 reais (150 reais pela alimenta\u00e7\u00e3o e 300 reais pelo trabalho docente)<\/p>\n<p>MAIS INFORMA\u00c7\u00d5ES<br \/>\n<strong>Fones\/ WhatsApp:<\/strong> (81)\u00a0 98116 9611 \/ (81)\u00a081 97322-4420<br \/>\n<strong>Instagram:<\/strong> <a href=\"https:\/\/www.instagram.com\/atelier.olubaje\/\" target=\"_blank\" rel=\"noopener\">@atelier.olubaje<\/a><\/p>\n","protected":false},"excerpt":{"rendered":"<p>Nos dias 4, 5 e 6 de mar\u00e7o de 2022, ser\u00e1 realizada a &#8216;M\u00e3os da Terra &#8211; Imers\u00e3o Arteterap\u00eautica com Argila&#8217;, facilitada pelo artista e arteterapeuta Moa Lago. O encontro ser\u00e1 na Casa de Xamanismo Centro da Terra, localizada em Aldeia\/PE. Moa explica que a imers\u00e3o tem um vi\u00e9s de cura pela criatividade e pelo [&hellip;]<\/p>\n","protected":false},"author":1,"featured_media":41120,"comment_status":"open","ping_status":"open","sticky":false,"template":"","format":"standard","meta":{"om_disable_all_campaigns":false,"_monsterinsights_skip_tracking":false,"_monsterinsights_sitenote_active":false,"_monsterinsights_sitenote_note":"","_monsterinsights_sitenote_category":0,"footnotes":""},"categories":[8,214],"tags":[631,44,45,34,1115,912,1116,684],"acf":[],"publishpress_future_action":{"enabled":false,"date":"1969-12-31 21:00:00","action":"","terms":[],"taxonomy":"","browser_timezone_offset":0},"_links":{"self":[{"href":"https:\/\/portalfloresnoar.com\/floresnoar\/wp-json\/wp\/v2\/posts\/41117"}],"collection":[{"href":"https:\/\/portalfloresnoar.com\/floresnoar\/wp-json\/wp\/v2\/posts"}],"about":[{"href":"https:\/\/portalfloresnoar.com\/floresnoar\/wp-json\/wp\/v2\/types\/post"}],"author":[{"embeddable":true,"href":"https:\/\/portalfloresnoar.com\/floresnoar\/wp-json\/wp\/v2\/users\/1"}],"replies":[{"embeddable":true,"href":"https:\/\/portalfloresnoar.com\/floresnoar\/wp-json\/wp\/v2\/comments?post=41117"}],"version-history":[{"count":0,"href":"https:\/\/portalfloresnoar.com\/floresnoar\/wp-json\/wp\/v2\/posts\/41117\/revisions"}],"wp:featuredmedia":[{"embeddable":true,"href":"https:\/\/portalfloresnoar.com\/floresnoar\/wp-json\/wp\/v2\/media\/41120"}],"wp:attachment":[{"href":"https:\/\/portalfloresnoar.com\/floresnoar\/wp-json\/wp\/v2\/media?parent=41117"}],"wp:term":[{"taxonomy":"category","embeddable":true,"href":"https:\/\/portalfloresnoar.com\/floresnoar\/wp-json\/wp\/v2\/categories?post=41117"},{"taxonomy":"post_tag","embeddable":true,"href":"https:\/\/portalfloresnoar.com\/floresnoar\/wp-json\/wp\/v2\/tags?post=41117"}],"curies":[{"name":"wp","href":"https:\/\/api.w.org\/{rel}","templated":true}]}}