

{"id":41106,"date":"2021-03-01T05:11:37","date_gmt":"2021-03-01T08:11:37","guid":{"rendered":"http:\/\/portalfloresnoar.com\/floresnoar\/?p=41106"},"modified":"2023-05-01T10:21:57","modified_gmt":"2023-05-01T13:21:57","slug":"noticias-flores-no-ar-oferece-consultoria-de-comunicacao-para-terapeutas-e-oraculistas","status":"publish","type":"post","link":"https:\/\/portalfloresnoar.com\/floresnoar\/noticias-flores-no-ar-oferece-consultoria-de-comunicacao-para-terapeutas-e-oraculistas\/","title":{"rendered":"[NOT\u00cdCIAS] Flores no Ar oferece Consultoria de Comunica\u00e7\u00e3o para terapeutas e empreendedores"},"content":{"rendered":"<p><img decoding=\"async\" loading=\"lazy\" class=\"wp-image-41103 aligncenter\" src=\"http:\/\/portalfloresnoar.com\/floresnoar\/wp-content\/uploads\/2022\/02\/consultoria-de-comunicacao-flores-no-ar-700x700.jpg\" alt=\"\" width=\"499\" height=\"498\" srcset=\"https:\/\/portalfloresnoar.com\/floresnoar\/wp-content\/uploads\/2022\/02\/consultoria-de-comunicacao-flores-no-ar-700x700.jpg 700w, https:\/\/portalfloresnoar.com\/floresnoar\/wp-content\/uploads\/2022\/02\/consultoria-de-comunicacao-flores-no-ar-150x150.jpg 150w, https:\/\/portalfloresnoar.com\/floresnoar\/wp-content\/uploads\/2022\/02\/consultoria-de-comunicacao-flores-no-ar-300x300.jpg 300w, https:\/\/portalfloresnoar.com\/floresnoar\/wp-content\/uploads\/2022\/02\/consultoria-de-comunicacao-flores-no-ar-768x768.jpg 768w, https:\/\/portalfloresnoar.com\/floresnoar\/wp-content\/uploads\/2022\/02\/consultoria-de-comunicacao-flores-no-ar-100x100.jpg 100w, https:\/\/portalfloresnoar.com\/floresnoar\/wp-content\/uploads\/2022\/02\/consultoria-de-comunicacao-flores-no-ar.jpg 1050w\" sizes=\"(max-width: 499px) 100vw, 499px\" \/><\/p>\n<p>O Flores no Ar est\u00e1 oferecendo o servi\u00e7o de Consultoria de Comunica\u00e7\u00e3o, voltado para terapeutas, empreendedores, artistas e demais profissionais interessados em se comunicarem de forma organizada, clara, aut\u00eantica e criativa.<\/p>\n<p>A consultoria \u00e9 conduzida pela jornalista, arteterapeuta, aromaterapeuta, yogaterapeuta, herbalista e cantadeira Luciana Rabelo, criadora e editora deste Portal Flores no Ar.<\/p>\n<p>Aliando os mais de 20 anos de atua\u00e7\u00e3o como comunicadora aos of\u00edcios de terapeuta e artista, Luciana faz um diagn\u00f3stico da comunica\u00e7\u00e3o da(o) cliente\u00a0 e prop\u00f5e\u00a0 caminhos criativos e eficientes de comunica\u00e7\u00e3o, a partir do autoconhecimento e do autocuidado.<\/p>\n<p>O servi\u00e7o re\u00fane, ainda, os seus conhecimentos em Jornalismo, M\u00eddias Digitais , Empreendedorismo, Marketing Aut\u00eantico e Criatividade.<\/p>\n<figure id=\"attachment_41129\" aria-describedby=\"caption-attachment-41129\" style=\"width: 250px\" class=\"wp-caption alignleft\"><img decoding=\"async\" loading=\"lazy\" class=\"wp-image-41129\" src=\"http:\/\/portalfloresnoar.com\/floresnoar\/wp-content\/uploads\/2022\/02\/Luciana-Rabelo-_-foto-Andre-Occenstein-3-300x300.jpg\" alt=\"\" width=\"250\" height=\"250\" srcset=\"https:\/\/portalfloresnoar.com\/floresnoar\/wp-content\/uploads\/2022\/02\/Luciana-Rabelo-_-foto-Andre-Occenstein-3-300x300.jpg 300w, https:\/\/portalfloresnoar.com\/floresnoar\/wp-content\/uploads\/2022\/02\/Luciana-Rabelo-_-foto-Andre-Occenstein-3-150x150.jpg 150w, https:\/\/portalfloresnoar.com\/floresnoar\/wp-content\/uploads\/2022\/02\/Luciana-Rabelo-_-foto-Andre-Occenstein-3-768x768.jpg 768w, https:\/\/portalfloresnoar.com\/floresnoar\/wp-content\/uploads\/2022\/02\/Luciana-Rabelo-_-foto-Andre-Occenstein-3-700x700.jpg 700w, https:\/\/portalfloresnoar.com\/floresnoar\/wp-content\/uploads\/2022\/02\/Luciana-Rabelo-_-foto-Andre-Occenstein-3-100x100.jpg 100w, https:\/\/portalfloresnoar.com\/floresnoar\/wp-content\/uploads\/2022\/02\/Luciana-Rabelo-_-foto-Andre-Occenstein-3.jpg 1080w\" sizes=\"(max-width: 250px) 100vw, 250px\" \/><figcaption id=\"caption-attachment-41129\" class=\"wp-caption-text\">Foto: Andre Occenstein<\/figcaption><\/figure>\n<p>SOBRE A CONSULTORA<br \/>\n<strong>Luciana Rabelo<\/strong> \u00e9 formada em Jornalismo pela UNICAP, e possui P\u00f3s-Gradua\u00e7\u00e3o em Arteterapia e Linguagens Corporais, pela Tra\u00e7os &#8211; Estudos em Arteterapia\/ FAINTVISA. Atuou por 5 anos como Assessora de Imprensa da Secretaria Estadual de Sa\u00fade de Pernambuco. Foi vice-presidente da TV Comunit\u00e1ria Canal Capibaribe, integrante do coletivo de m\u00eddia livre Ventilador Cultural, educadora popular em diversos projetos de Comunica\u00e7\u00e3o, como Oi! Kabum Recife (ONG Au\u00e7uba) e CCJ (Centro de Comunica\u00e7\u00e3o e Juventude). Atuou como militante pelo direito \u00e0 comunica\u00e7\u00e3o no Fopecom (F\u00f3rum Pernambucano de Comunica\u00e7\u00e3o), Centro de M\u00eddia Independente (CMI-Recife) e R\u00e1dio Livre-Se. \u00c9 cordelista, tendo seu primeiro folheto <a href=\"https:\/\/www.youtube.com\/watch?v=JZk1Xc9CRuI&amp;t=2s\" target=\"_blank\" rel=\"noopener\">&#8216;Cordel da TV Digital&#8217;, lido publicamente, em 2006, pelo ent\u00e3o ministro da Cultura Gilberto Gil<\/a>. Criou em 2009 o <a href=\"http:\/\/portalfloresnoar.com\/\" target=\"_blank\" rel=\"noopener\">Portal Flores no Ar<\/a>, onde atua como gestora e editora. \u00c9 docente nas Forma\u00e7\u00f5es em Arteterapia pela Tra\u00e7os Estudos em Arteterapia e pela Terapiarte, ambas no Recife. Tem forma\u00e7\u00f5es em Aromaterapia, Yogaterapia e Reiki. \u00c9 estudiosa de\u00a0Astrologia, Tarot e Herbalismo. \u00c9 poeta, cantora e compositora.<\/p>\n<p>INVESTIMENTO<br \/>\n<strong>Sess\u00e3o on-line com 2 horas de dura\u00e7\u00e3o (inclui diagn\u00f3stico pr\u00e9vio e relat\u00f3rio com os encaminhamentos p\u00f3s sess\u00e3o):<\/strong> R$ 430,00*<\/p>\n<p><strong>As pessoas interessadas na Consultoria, devem preencher o formul\u00e1rio de interesse, dispon\u00edvel neste link:<\/strong><a href=\"https:\/\/docs.google.com\/forms\/d\/e\/1FAIpQLSdETti5okAilzrZwn_XU5FdwYf0QzABsgtAtqzYKIXwsXIl1A\/viewform\" target=\"_blank\" rel=\"noopener\">\u00a0https:\/\/docs.google.com\/forms\/d\/e\/1FAIpQLSdETti5okAilzrZwn_XU5FdwYf0QzABsgtAtqzYKIXwsXIl1A\/viewform<\/a><\/p>\n<p>Ap\u00f3s o preenchimento do formul\u00e1rio, a consultora entrar\u00e1 em contato.<\/p>\n<p><em>*A sess\u00e3o ser\u00e1 agendada ap\u00f3s a efetiva\u00e7\u00e3o do pagamento.<\/em><\/p>\n<p><em><strong>Obs.:<\/strong> Este investimento \u00e9 para consultoria individual, personalizada. Caso necessite de uma consultoria para seu espa\u00e7o terap\u00eautico ou empresa, solicitar um or\u00e7amento diretamente com a consultora.<\/em><\/p>\n<p><strong># B\u00d4NUS<\/strong><br \/>\nEst\u00e1 sendo oferecido como b\u00f4nus o cadastro da (o) profissional no <a href=\"http:\/\/portalfloresnoar.com\/guiafloresnoar\/\" target=\"_blank\" rel=\"noopener\">Guia Flores no Ar<\/a>, cat\u00e1logo virtual do Portal Flores no Ar.<\/p>\n<p>MAIS INFORMA\u00c7\u00d5ES<br \/>\n<strong>WhatsApp:<\/strong> (81) 99966-9188 (Luciana Rabelo)<br \/>\n<strong>E-mail:<\/strong> floresnoar@gmail.com<\/p>\n","protected":false},"excerpt":{"rendered":"<p>O Flores no Ar est\u00e1 oferecendo o servi\u00e7o de Consultoria de Comunica\u00e7\u00e3o, voltado para terapeutas, empreendedores, artistas e demais profissionais interessados em se comunicarem de forma organizada, clara, aut\u00eantica e criativa. A consultoria \u00e9 conduzida pela jornalista, arteterapeuta, aromaterapeuta, yogaterapeuta, herbalista e cantadeira Luciana Rabelo, criadora e editora deste Portal Flores no Ar. Aliando os [&hellip;]<\/p>\n","protected":false},"author":1,"featured_media":41102,"comment_status":"open","ping_status":"open","sticky":false,"template":"","format":"standard","meta":{"om_disable_all_campaigns":false,"_monsterinsights_skip_tracking":false,"_monsterinsights_sitenote_active":false,"_monsterinsights_sitenote_note":"","_monsterinsights_sitenote_category":0,"footnotes":""},"categories":[9],"tags":[49,506,1037,1109,257,1110,1111,152,505],"acf":[],"publishpress_future_action":{"enabled":false,"date":"1969-12-31 21:00:00","action":"","terms":[],"taxonomy":"","browser_timezone_offset":0},"_links":{"self":[{"href":"https:\/\/portalfloresnoar.com\/floresnoar\/wp-json\/wp\/v2\/posts\/41106"}],"collection":[{"href":"https:\/\/portalfloresnoar.com\/floresnoar\/wp-json\/wp\/v2\/posts"}],"about":[{"href":"https:\/\/portalfloresnoar.com\/floresnoar\/wp-json\/wp\/v2\/types\/post"}],"author":[{"embeddable":true,"href":"https:\/\/portalfloresnoar.com\/floresnoar\/wp-json\/wp\/v2\/users\/1"}],"replies":[{"embeddable":true,"href":"https:\/\/portalfloresnoar.com\/floresnoar\/wp-json\/wp\/v2\/comments?post=41106"}],"version-history":[{"count":0,"href":"https:\/\/portalfloresnoar.com\/floresnoar\/wp-json\/wp\/v2\/posts\/41106\/revisions"}],"wp:featuredmedia":[{"embeddable":true,"href":"https:\/\/portalfloresnoar.com\/floresnoar\/wp-json\/wp\/v2\/media\/41102"}],"wp:attachment":[{"href":"https:\/\/portalfloresnoar.com\/floresnoar\/wp-json\/wp\/v2\/media?parent=41106"}],"wp:term":[{"taxonomy":"category","embeddable":true,"href":"https:\/\/portalfloresnoar.com\/floresnoar\/wp-json\/wp\/v2\/categories?post=41106"},{"taxonomy":"post_tag","embeddable":true,"href":"https:\/\/portalfloresnoar.com\/floresnoar\/wp-json\/wp\/v2\/tags?post=41106"}],"curies":[{"name":"wp","href":"https:\/\/api.w.org\/{rel}","templated":true}]}}