

{"id":40976,"date":"2021-09-08T15:59:52","date_gmt":"2021-09-08T18:59:52","guid":{"rendered":"http:\/\/portalfloresnoar.com\/floresnoar\/?p=40976"},"modified":"2022-02-13T21:56:53","modified_gmt":"2022-02-14T00:56:53","slug":"agenda-encontro-on-line-gratuito-com-o-tema-constelacao-familiar-e-relacionamentos-dia-1202","status":"publish","type":"post","link":"https:\/\/portalfloresnoar.com\/floresnoar\/agenda-encontro-on-line-gratuito-com-o-tema-constelacao-familiar-e-relacionamentos-dia-1202\/","title":{"rendered":"[AGENDA] Encontro on-line gratuito com o tema &#8216;Constela\u00e7\u00e3o Familiar e Relacionamentos&#8217;, dia 12\/02"},"content":{"rendered":"<p><img decoding=\"async\" loading=\"lazy\" class=\"aligncenter wp-image-40977\" src=\"http:\/\/portalfloresnoar.com\/floresnoar\/wp-content\/uploads\/2022\/02\/vivencia-constela\u00e7\u00e3o-familiar-online-700x700.jpeg\" alt=\"\" width=\"506\" height=\"507\" srcset=\"https:\/\/portalfloresnoar.com\/floresnoar\/wp-content\/uploads\/2022\/02\/vivencia-constela\u00e7\u00e3o-familiar-online-700x700.jpeg 700w, https:\/\/portalfloresnoar.com\/floresnoar\/wp-content\/uploads\/2022\/02\/vivencia-constela\u00e7\u00e3o-familiar-online-150x150.jpeg 150w, https:\/\/portalfloresnoar.com\/floresnoar\/wp-content\/uploads\/2022\/02\/vivencia-constela\u00e7\u00e3o-familiar-online-300x300.jpeg 300w, https:\/\/portalfloresnoar.com\/floresnoar\/wp-content\/uploads\/2022\/02\/vivencia-constela\u00e7\u00e3o-familiar-online-768x768.jpeg 768w, https:\/\/portalfloresnoar.com\/floresnoar\/wp-content\/uploads\/2022\/02\/vivencia-constela\u00e7\u00e3o-familiar-online-100x100.jpeg 100w, https:\/\/portalfloresnoar.com\/floresnoar\/wp-content\/uploads\/2022\/02\/vivencia-constela\u00e7\u00e3o-familiar-online.jpeg 1024w\" sizes=\"(max-width: 506px) 100vw, 506px\" \/><\/p>\n<p>O Grupo Florescer, conduzido pelas terapeutas Jeanne Duarte e Marina Duarte, realiza, neste s\u00e1bado (12\/02), uma viv\u00eancia gratuita on-line com o tema &#8216;Constela\u00e7\u00e3o Familiar e Relacionamentos&#8217;. O encontro ser\u00e1 das 15h \u00e0s 16h15, via Zoom.<\/p>\n<p>Para participar, basta entrar no <a href=\"https:\/\/chat.whatsapp.com\/FijbS17rgCh4QjSod3UTkr\" target=\"_blank\" rel=\"noopener\">grupo de WhatsApp do Florescer<\/a>. As (os) integrantes recebem os links dos encontros atrav\u00e9s do grupo. Quem participa, tamb\u00e9m tem a possibilidade de assistir gratuitamente \u00e0s sess\u00f5es de Constela\u00e7\u00e3o Familiar conduzidas por Jeanne Duarte.<\/p>\n<p>&#8220;Atualmente estamos mais voltados para casa, para os nossos v\u00ednculos afetivos. Com isso surgem as alegrias, mas tamb\u00e9m os desafios, feridas\u2026 Se surgem \u00e9 porque estamos no momento de trazer luz para isso e transformar. E parte disso \u00e9 sist\u00eamico, tem origem no nosso sistema familiar ancestral. A Constela\u00e7\u00e3o Familiar, como t\u00e9cnica terap\u00eautica e energ\u00e9tica, pode contribuir para expandir nossa consci\u00eancia sobre algumas situa\u00e7\u00f5es em que estamos vivendo, gerando mais plenitude e ajudando-nos a transformar por dentro, e reverberar a cura no nosso sistema familiar&#8221;, explica Jeanne.<\/p>\n<p>FACILITADORAS<\/p>\n<p><strong>Jeanne Duarte<\/strong><br \/>\n&#8211; Instrutora Oficial de ThetaHealing\u00ae<br \/>\n&#8211; Consteladora Familiar<br \/>\n&#8211; Terapeuta Floral<br \/>\n&#8211; Terapeuta habilitada para aplicar Reiki e Barras de Access<br \/>\n&#8211; Praticante e Instrutora de medita\u00e7\u00e3o<br \/>\n&#8211; Facilitadora de C\u00edrculos de Sagrado Femino<\/p>\n<p><strong>Marina Duarte<\/strong><br \/>\n&#8211; Instrutora Oficial de ThetaHealing\u00ae<br \/>\n&#8211; Consteladora Familiar<br \/>\n&#8211; Terapeuta habilitada para aplicar Reiki, Barras de Access, MTVSS e Dilui\u00e7\u00e3o das Intensidades Emocionais.<br \/>\n&#8211; Autodidata em Aromaterapia<br \/>\n&#8211; Terapeuta Corporal de Yoga Massagem Ayurv\u00e9dica<br \/>\n&#8211; Professora de Yoga Integral pela ANYI<br \/>\n&#8211; Graduada em Dan\u00e7a pela Faculdade Angel Vianna<\/p>\n<p><strong>Viv\u00eancia\u00a0&#8216;Constela\u00e7\u00e3o Familiar e Relacionamentos&#8217;<\/strong><br \/>\n<strong>Dia: <\/strong>12\/02\/2022 (s\u00e1bado)<br \/>\n<strong>Hora:<\/strong> 15h \u00e0s 16h15<br \/>\n<strong>Local:<\/strong> Zoom<br \/>\n<strong>Valor:<\/strong> Gratuito<br \/>\n<strong>Inscri\u00e7\u00f5es, atrav\u00e9s deste link:<\/strong> <a href=\"https:\/\/chat.whatsapp.com\/FijbS17rgCh4QjSod3UTkr\" target=\"_blank\" rel=\"noopener\">https:\/\/chat.whatsapp.com\/FijbS17rgCh4QjSod3UTkr<\/a><\/p>\n<p><strong>MAIS INFORMA\u00c7\u00d5ES<\/strong><br \/>\n<strong>WhatsApp:<\/strong>\u00a0(81) 993344135 (Jeanne Duarte)<br \/>\n<strong>Instagram:<\/strong>\u00a0<a href=\"https:\/\/www.instagram.com\/jeanneduarteflorescer\/\" target=\"_blank\" rel=\"noopener\">@jeanneduarteflorescer<\/a><\/p>\n","protected":false},"excerpt":{"rendered":"<p>O Grupo Florescer, conduzido pelas terapeutas Jeanne Duarte e Marina Duarte, realiza, neste s\u00e1bado (12\/02), uma viv\u00eancia gratuita on-line com o tema &#8216;Constela\u00e7\u00e3o Familiar e Relacionamentos&#8217;. O encontro ser\u00e1 das 15h \u00e0s 16h15, via Zoom. Para participar, basta entrar no grupo de WhatsApp do Florescer. As (os) integrantes recebem os links dos encontros atrav\u00e9s do [&hellip;]<\/p>\n","protected":false},"author":1,"featured_media":40978,"comment_status":"open","ping_status":"open","sticky":false,"template":"","format":"standard","meta":{"om_disable_all_campaigns":false,"_monsterinsights_skip_tracking":false,"_monsterinsights_sitenote_active":false,"_monsterinsights_sitenote_note":"","_monsterinsights_sitenote_category":0,"footnotes":""},"categories":[8,214],"tags":[302,137,304,971],"acf":[],"publishpress_future_action":{"enabled":false,"date":"1969-12-31 21:00:00","action":"","terms":[],"taxonomy":"","browser_timezone_offset":0},"_links":{"self":[{"href":"https:\/\/portalfloresnoar.com\/floresnoar\/wp-json\/wp\/v2\/posts\/40976"}],"collection":[{"href":"https:\/\/portalfloresnoar.com\/floresnoar\/wp-json\/wp\/v2\/posts"}],"about":[{"href":"https:\/\/portalfloresnoar.com\/floresnoar\/wp-json\/wp\/v2\/types\/post"}],"author":[{"embeddable":true,"href":"https:\/\/portalfloresnoar.com\/floresnoar\/wp-json\/wp\/v2\/users\/1"}],"replies":[{"embeddable":true,"href":"https:\/\/portalfloresnoar.com\/floresnoar\/wp-json\/wp\/v2\/comments?post=40976"}],"version-history":[{"count":0,"href":"https:\/\/portalfloresnoar.com\/floresnoar\/wp-json\/wp\/v2\/posts\/40976\/revisions"}],"wp:featuredmedia":[{"embeddable":true,"href":"https:\/\/portalfloresnoar.com\/floresnoar\/wp-json\/wp\/v2\/media\/40978"}],"wp:attachment":[{"href":"https:\/\/portalfloresnoar.com\/floresnoar\/wp-json\/wp\/v2\/media?parent=40976"}],"wp:term":[{"taxonomy":"category","embeddable":true,"href":"https:\/\/portalfloresnoar.com\/floresnoar\/wp-json\/wp\/v2\/categories?post=40976"},{"taxonomy":"post_tag","embeddable":true,"href":"https:\/\/portalfloresnoar.com\/floresnoar\/wp-json\/wp\/v2\/tags?post=40976"}],"curies":[{"name":"wp","href":"https:\/\/api.w.org\/{rel}","templated":true}]}}