

{"id":40966,"date":"2022-09-01T12:45:34","date_gmt":"2022-09-01T15:45:34","guid":{"rendered":"http:\/\/portalfloresnoar.com\/floresnoar\/?p=40966"},"modified":"2022-10-26T20:26:05","modified_gmt":"2022-10-26T23:26:05","slug":"agenda-terapias-integrativas-no-recife-com-a-terapeuta-filipa-alvarenga","status":"publish","type":"post","link":"https:\/\/portalfloresnoar.com\/floresnoar\/agenda-terapias-integrativas-no-recife-com-a-terapeuta-filipa-alvarenga\/","title":{"rendered":"[AGENDA] Terapias Integrativas no Recife com a terapeuta Filipa Alvarenga"},"content":{"rendered":"<p><img decoding=\"async\" loading=\"lazy\" class=\"wp-image-40968 aligncenter\" src=\"http:\/\/portalfloresnoar.com\/floresnoar\/wp-content\/uploads\/2022\/02\/terapeuta-filipa-alvarenga.png\" alt=\"\" width=\"520\" height=\"526\" srcset=\"https:\/\/portalfloresnoar.com\/floresnoar\/wp-content\/uploads\/2022\/02\/terapeuta-filipa-alvarenga.png 538w, https:\/\/portalfloresnoar.com\/floresnoar\/wp-content\/uploads\/2022\/02\/terapeuta-filipa-alvarenga-297x300.png 297w, https:\/\/portalfloresnoar.com\/floresnoar\/wp-content\/uploads\/2022\/02\/terapeuta-filipa-alvarenga-100x100.png 100w\" sizes=\"(max-width: 520px) 100vw, 520px\" \/><\/p>\n<p>A terapeuta integrativa Filipa Alvarenga oferece atendimentos com diversas t\u00e9cnicas terap\u00eauticas integrativas para adultos, adolescentes e crian\u00e7as. As sess\u00f5es podem ser presenciais, no Recife, on-line, e tamb\u00e9m de forma h\u00edbrida.<\/p>\n<p>&#8220;Comprometida com a cura, o bem-estar, o autoconhecimento e o desenvolvimento humano, o caminho hol\u00edstico foi me levando ao aprofundamento de v\u00e1rias t\u00e9cnicas que se entrela\u00e7am na acupuntura do nosso Ser multidimensional&#8221;, conta Filipa, ressaltando que, de acordo com cada pessoa e situa\u00e7\u00e3o, o acompanhamento terap\u00eautico pode conciliar v\u00e1rias das t\u00e9cnicas que ela utiliza, ou focar-se mais em uma.<\/p>\n<p>CONFIRA ABAIXO AS T\u00c9CNICAS TERAP\u00caUTICAS OFERECIDAS:<\/p>\n<p>* Arteterapia<br \/>\n* Psicoterapia Reencarnacionista<br \/>\n* Psicoterapia Transpessoal<br \/>\n* Canaliza\u00e7\u00e3o de Registros Ak\u00e1shicos\/Leitura da Alma<br \/>\n* Regress\u00e3o terap\u00eautica presencial e a dist\u00e2ncia<br \/>\n* Cura energ\u00e9tica &#8211; Reiki, Terapia Qu\u00e2ntica Pleiadiana em Frequ\u00eancias de Luz<br \/>\n* Constela\u00e7\u00e3o Familiar<br \/>\n* Abordagem terap\u00eautica focada na crian\u00e7a interior<br \/>\n* Relaxamento e medita\u00e7\u00f5es<\/p>\n<p><em>Interessadas (os) em realizar uma avalia\u00e7\u00e3o gratuita on-line para conhecer a terapeuta e esclarecer d\u00favidas, podem agendar um encontro com Filipa atrav\u00e9s dos seguintes contatos:<\/em><\/p>\n<p><strong>Fone\/ WhatsApp:<\/strong> (81) 996437030<br \/>\n<strong>Instagram:<\/strong> <a href=\"https:\/\/www.instagram.com\/alvarengafilipa\/\" target=\"_blank\" rel=\"noopener\">@alvarengafilipa<\/a><\/p>\n<p><strong>Local dos atendimentos presenciais:<\/strong>\u00a0Espa\u00e7o Luz \u2013 Empresarial San Marino, Av. Domingos Ferreira, 2301, Boa Viagem, Recife\/PE.<\/p>\n","protected":false},"excerpt":{"rendered":"<p>A terapeuta integrativa Filipa Alvarenga oferece atendimentos com diversas t\u00e9cnicas terap\u00eauticas integrativas para adultos, adolescentes e crian\u00e7as. As sess\u00f5es podem ser presenciais, no Recife, on-line, e tamb\u00e9m de forma h\u00edbrida. &#8220;Comprometida com a cura, o bem-estar, o autoconhecimento e o desenvolvimento humano, o caminho hol\u00edstico foi me levando ao aprofundamento de v\u00e1rias t\u00e9cnicas que se [&hellip;]<\/p>\n","protected":false},"author":1,"featured_media":40969,"comment_status":"open","ping_status":"open","sticky":false,"template":"","format":"standard","meta":{"om_disable_all_campaigns":false,"_monsterinsights_skip_tracking":false,"_monsterinsights_sitenote_active":false,"_monsterinsights_sitenote_note":"","_monsterinsights_sitenote_category":0,"footnotes":""},"categories":[8,214],"tags":[34,302,385,158,707,399,37,356,1101],"acf":[],"publishpress_future_action":{"enabled":false,"date":"1969-12-31 21:00:00","action":"","terms":[],"taxonomy":"","browser_timezone_offset":0},"_links":{"self":[{"href":"https:\/\/portalfloresnoar.com\/floresnoar\/wp-json\/wp\/v2\/posts\/40966"}],"collection":[{"href":"https:\/\/portalfloresnoar.com\/floresnoar\/wp-json\/wp\/v2\/posts"}],"about":[{"href":"https:\/\/portalfloresnoar.com\/floresnoar\/wp-json\/wp\/v2\/types\/post"}],"author":[{"embeddable":true,"href":"https:\/\/portalfloresnoar.com\/floresnoar\/wp-json\/wp\/v2\/users\/1"}],"replies":[{"embeddable":true,"href":"https:\/\/portalfloresnoar.com\/floresnoar\/wp-json\/wp\/v2\/comments?post=40966"}],"version-history":[{"count":0,"href":"https:\/\/portalfloresnoar.com\/floresnoar\/wp-json\/wp\/v2\/posts\/40966\/revisions"}],"wp:featuredmedia":[{"embeddable":true,"href":"https:\/\/portalfloresnoar.com\/floresnoar\/wp-json\/wp\/v2\/media\/40969"}],"wp:attachment":[{"href":"https:\/\/portalfloresnoar.com\/floresnoar\/wp-json\/wp\/v2\/media?parent=40966"}],"wp:term":[{"taxonomy":"category","embeddable":true,"href":"https:\/\/portalfloresnoar.com\/floresnoar\/wp-json\/wp\/v2\/categories?post=40966"},{"taxonomy":"post_tag","embeddable":true,"href":"https:\/\/portalfloresnoar.com\/floresnoar\/wp-json\/wp\/v2\/tags?post=40966"}],"curies":[{"name":"wp","href":"https:\/\/api.w.org\/{rel}","templated":true}]}}