

{"id":40899,"date":"2023-02-02T05:16:39","date_gmt":"2023-02-02T08:16:39","guid":{"rendered":"http:\/\/portalfloresnoar.com\/floresnoar\/?p=40899"},"modified":"2023-02-02T10:38:13","modified_gmt":"2023-02-02T13:38:13","slug":"galeria-odoya-por-lua","status":"publish","type":"post","link":"https:\/\/portalfloresnoar.com\/floresnoar\/galeria-odoya-por-lua\/","title":{"rendered":"[GALERIA] &#8216;Odoy\u00e1&#8217;, por Lua"},"content":{"rendered":"<figure id=\"attachment_40900\" aria-describedby=\"caption-attachment-40900\" style=\"width: 495px\" class=\"wp-caption aligncenter\"><img decoding=\"async\" loading=\"lazy\" class=\"wp-image-40900 size-large\" src=\"http:\/\/portalfloresnoar.com\/floresnoar\/wp-content\/uploads\/2022\/02\/Iemanja-por-Lua-Rabelo-495x700.jpeg\" alt=\"\" width=\"495\" height=\"700\" srcset=\"https:\/\/portalfloresnoar.com\/floresnoar\/wp-content\/uploads\/2022\/02\/Iemanja-por-Lua-Rabelo-495x700.jpeg 495w, https:\/\/portalfloresnoar.com\/floresnoar\/wp-content\/uploads\/2022\/02\/Iemanja-por-Lua-Rabelo-212x300.jpeg 212w, https:\/\/portalfloresnoar.com\/floresnoar\/wp-content\/uploads\/2022\/02\/Iemanja-por-Lua-Rabelo-768x1086.jpeg 768w, https:\/\/portalfloresnoar.com\/floresnoar\/wp-content\/uploads\/2022\/02\/Iemanja-por-Lua-Rabelo.jpeg 1131w\" sizes=\"(max-width: 495px) 100vw, 495px\" \/><figcaption id=\"caption-attachment-40900\" class=\"wp-caption-text\">Ilustra\u00e7\u00e3o: Lua (@luarluei)<\/figcaption><\/figure>\n<p>&#8220;Quanto nome tem a Rainha do Mar?<br \/>\nQuanto nome tem a Rainha do Mar?<\/p>\n<p>Dandalunda, Jana\u00edna,<br \/>\nMarab\u00f4, Princesa de Aioc\u00e1,<br \/>\nIna\u00ea, Sereia, Mucun\u00e3,<br \/>\nMaria, Dona Iemanj\u00e1.<\/p>\n<p>Onde ela vive?<br \/>\nOnde ela mora?<\/p>\n<p>Nas \u00e1guas,<br \/>\nNa loca de pedra,<br \/>\nNum pal\u00e1cio encantado,<br \/>\nNo fundo do mar.<\/p>\n<p>O que ela gosta?<br \/>\nO que ela adora?<\/p>\n<p>Perfume,<br \/>\nFlor, espelho e pente<br \/>\nToda sorte de presente<br \/>\nPra ela se enfeitar.<\/p>\n<p>Como se sa\u00fada a Rainha do Mar?<br \/>\nComo se sa\u00fada a Rainha do Mar?<\/p>\n<p>Alod\u00ea, Odofiaba,<br \/>\nMinha-m\u00e3e, M\u00e3e-d\u2019\u00e1gua,<br \/>\nOdoy\u00e1!<\/p>\n<p>Qual \u00e9 seu dia,<br \/>\nNossa Senhora?<\/p>\n<p>\u00c9 dia dois de fevereiro<br \/>\nQuando na beira da praia<br \/>\nEu vou me aben\u00e7oar.<\/p>\n<p>O que ela canta?<br \/>\nPor que ela chora?<\/p>\n<p>S\u00f3 canta cantiga bonita<br \/>\nChora quando fica aflita<br \/>\nSe voc\u00ea chorar.<\/p>\n<p>Quem \u00e9 que j\u00e1 viu a Rainha do Mar?<br \/>\nQuem \u00e9 que j\u00e1 viu a Rainha do Mar?<\/p>\n<p>Pescador e marinheiro,<br \/>\nQuem escuta a Sereia cantar.<br \/>\n\u00c9 com o povo que \u00e9 praieiro<br \/>\nQue Dona Iemanj\u00e1 quer se casar.&#8221;<\/p>\n<p>[Composi\u00e7\u00e3o: Paulo Cesar Francisco Pinheiro \/ Pedro Amorim]<\/p>\n","protected":false},"excerpt":{"rendered":"<p>&#8220;Quanto nome tem a Rainha do Mar? Quanto nome tem a Rainha do Mar? Dandalunda, Jana\u00edna, Marab\u00f4, Princesa de Aioc\u00e1, Ina\u00ea, Sereia, Mucun\u00e3, Maria, Dona Iemanj\u00e1. Onde ela vive? Onde ela mora? Nas \u00e1guas, Na loca de pedra, Num pal\u00e1cio encantado, No fundo do mar. O que ela gosta? O que ela adora? Perfume, Flor, [&hellip;]<\/p>\n","protected":false},"author":1,"featured_media":40901,"comment_status":"open","ping_status":"open","sticky":false,"template":"","format":"standard","meta":{"om_disable_all_campaigns":false,"_monsterinsights_skip_tracking":false,"_monsterinsights_sitenote_active":false,"_monsterinsights_sitenote_note":"","_monsterinsights_sitenote_category":0,"footnotes":""},"categories":[12],"tags":[44,364,350,882,65,1094,174,150],"acf":[],"publishpress_future_action":{"enabled":false,"date":"1969-12-31 21:00:00","action":"","terms":[],"taxonomy":"","browser_timezone_offset":0},"_links":{"self":[{"href":"https:\/\/portalfloresnoar.com\/floresnoar\/wp-json\/wp\/v2\/posts\/40899"}],"collection":[{"href":"https:\/\/portalfloresnoar.com\/floresnoar\/wp-json\/wp\/v2\/posts"}],"about":[{"href":"https:\/\/portalfloresnoar.com\/floresnoar\/wp-json\/wp\/v2\/types\/post"}],"author":[{"embeddable":true,"href":"https:\/\/portalfloresnoar.com\/floresnoar\/wp-json\/wp\/v2\/users\/1"}],"replies":[{"embeddable":true,"href":"https:\/\/portalfloresnoar.com\/floresnoar\/wp-json\/wp\/v2\/comments?post=40899"}],"version-history":[{"count":0,"href":"https:\/\/portalfloresnoar.com\/floresnoar\/wp-json\/wp\/v2\/posts\/40899\/revisions"}],"wp:featuredmedia":[{"embeddable":true,"href":"https:\/\/portalfloresnoar.com\/floresnoar\/wp-json\/wp\/v2\/media\/40901"}],"wp:attachment":[{"href":"https:\/\/portalfloresnoar.com\/floresnoar\/wp-json\/wp\/v2\/media?parent=40899"}],"wp:term":[{"taxonomy":"category","embeddable":true,"href":"https:\/\/portalfloresnoar.com\/floresnoar\/wp-json\/wp\/v2\/categories?post=40899"},{"taxonomy":"post_tag","embeddable":true,"href":"https:\/\/portalfloresnoar.com\/floresnoar\/wp-json\/wp\/v2\/tags?post=40899"}],"curies":[{"name":"wp","href":"https:\/\/api.w.org\/{rel}","templated":true}]}}