

{"id":40895,"date":"2021-09-23T06:24:02","date_gmt":"2021-09-23T09:24:02","guid":{"rendered":"http:\/\/portalfloresnoar.com\/floresnoar\/?p=40895"},"modified":"2022-03-05T15:14:17","modified_gmt":"2022-03-05T18:14:17","slug":"agenda-curso-on-line-de-tarot-cartas-da-corte-tem-inicio-no-dia-0503","status":"publish","type":"post","link":"https:\/\/portalfloresnoar.com\/floresnoar\/agenda-curso-on-line-de-tarot-cartas-da-corte-tem-inicio-no-dia-0503\/","title":{"rendered":"[AGENDA] Curso on-line de Tarot &#8216;Cartas da C\u00f4rte&#8217;, tem in\u00edcio no dia 05\/03"},"content":{"rendered":"<p><img decoding=\"async\" loading=\"lazy\" class=\"aligncenter wp-image-40896\" src=\"http:\/\/portalfloresnoar.com\/floresnoar\/wp-content\/uploads\/2022\/02\/cartas-da-corte-tarot-700x693.jpeg\" alt=\"\" width=\"486\" height=\"482\" srcset=\"https:\/\/portalfloresnoar.com\/floresnoar\/wp-content\/uploads\/2022\/02\/cartas-da-corte-tarot-700x693.jpeg 700w, https:\/\/portalfloresnoar.com\/floresnoar\/wp-content\/uploads\/2022\/02\/cartas-da-corte-tarot-150x150.jpeg 150w, https:\/\/portalfloresnoar.com\/floresnoar\/wp-content\/uploads\/2022\/02\/cartas-da-corte-tarot-300x297.jpeg 300w, https:\/\/portalfloresnoar.com\/floresnoar\/wp-content\/uploads\/2022\/02\/cartas-da-corte-tarot-768x761.jpeg 768w, https:\/\/portalfloresnoar.com\/floresnoar\/wp-content\/uploads\/2022\/02\/cartas-da-corte-tarot-100x100.jpeg 100w, https:\/\/portalfloresnoar.com\/floresnoar\/wp-content\/uploads\/2022\/02\/cartas-da-corte-tarot.jpeg 1280w\" sizes=\"(max-width: 486px) 100vw, 486px\" \/><\/p>\n<p>A Carcar\u00e1 Escola de Tarot realiza nos s\u00e1bados de mar\u00e7o\/2022, das 15h \u00e0s 17h, o Curso on-line de Tarot &#8216;Cartas da C\u00f4rte&#8217;, com a tar\u00f3loga Sabrina Carvalho. A primeira aula ser\u00e1 no dia 5\/3.<\/p>\n<p>As aulas s\u00e3o voltadas para estudiosos do Tarot, assim como para quem deseja conhecer melhor este instrumento. &#8220;Vamos estudar as energias potenciais dos Valetes, Cavaleiros, Reis e Rainhas, os protagonistas do curso. \u00c9 uma \u00f3tima oportunidade de se aprofundar nas misteriosas Cartas da C\u00f4rte&#8221;, explica Sabrina.<\/p>\n<p>SERVI\u00c7O<br \/>\n<strong>Curso on-line de Tarot &#8216;Cartas da C\u00f4rte&#8217;<\/strong><br \/>\n<strong>Dias:<\/strong> 05, 12, 19 e 26 de mar\u00e7o de 2022 (s\u00e1bados)<br \/>\n<strong>Hora:<\/strong> 15h \u00e0s 17h<br \/>\n<strong>Valor:<\/strong> 260,00<br \/>\n<strong>Local:<\/strong> Google Meet (aulas ao vivo)<\/p>\n<p><em><strong>Obs.:<\/strong> Quem n\u00e3o puder estar presente em alguma das aulas, poder\u00e1 acessar posteriormente, pois as aulas ser\u00e3o gravadas e disponibilizadas aos participantes.<\/em><\/p>\n<p>INSCRI\u00c7\u00d5ES E MAIS INFORMA\u00c7\u00d5ES<br \/>\n<strong>Fone\/Zap:<\/strong> (81) 99965 4458<br \/>\n<strong>Instagram:<\/strong> <a href=\"https:\/\/www.instagram.com\/carcaratarot\/\" target=\"_blank\" rel=\"noopener\">@carcaratarot<\/a><\/p>\n","protected":false},"excerpt":{"rendered":"<p>A Carcar\u00e1 Escola de Tarot realiza nos s\u00e1bados de mar\u00e7o\/2022, das 15h \u00e0s 17h, o Curso on-line de Tarot &#8216;Cartas da C\u00f4rte&#8217;, com a tar\u00f3loga Sabrina Carvalho. A primeira aula ser\u00e1 no dia 5\/3. As aulas s\u00e3o voltadas para estudiosos do Tarot, assim como para quem deseja conhecer melhor este instrumento. &#8220;Vamos estudar as energias [&hellip;]<\/p>\n","protected":false},"author":1,"featured_media":40916,"comment_status":"open","ping_status":"open","sticky":false,"template":"","format":"standard","meta":{"om_disable_all_campaigns":false,"_monsterinsights_skip_tracking":false,"_monsterinsights_sitenote_active":false,"_monsterinsights_sitenote_note":"","_monsterinsights_sitenote_category":0,"footnotes":""},"categories":[8,214],"tags":[167,1054,296,86],"acf":[],"publishpress_future_action":{"enabled":false,"date":"1969-12-31 21:00:00","action":"","terms":[],"taxonomy":"","browser_timezone_offset":0},"_links":{"self":[{"href":"https:\/\/portalfloresnoar.com\/floresnoar\/wp-json\/wp\/v2\/posts\/40895"}],"collection":[{"href":"https:\/\/portalfloresnoar.com\/floresnoar\/wp-json\/wp\/v2\/posts"}],"about":[{"href":"https:\/\/portalfloresnoar.com\/floresnoar\/wp-json\/wp\/v2\/types\/post"}],"author":[{"embeddable":true,"href":"https:\/\/portalfloresnoar.com\/floresnoar\/wp-json\/wp\/v2\/users\/1"}],"replies":[{"embeddable":true,"href":"https:\/\/portalfloresnoar.com\/floresnoar\/wp-json\/wp\/v2\/comments?post=40895"}],"version-history":[{"count":0,"href":"https:\/\/portalfloresnoar.com\/floresnoar\/wp-json\/wp\/v2\/posts\/40895\/revisions"}],"wp:featuredmedia":[{"embeddable":true,"href":"https:\/\/portalfloresnoar.com\/floresnoar\/wp-json\/wp\/v2\/media\/40916"}],"wp:attachment":[{"href":"https:\/\/portalfloresnoar.com\/floresnoar\/wp-json\/wp\/v2\/media?parent=40895"}],"wp:term":[{"taxonomy":"category","embeddable":true,"href":"https:\/\/portalfloresnoar.com\/floresnoar\/wp-json\/wp\/v2\/categories?post=40895"},{"taxonomy":"post_tag","embeddable":true,"href":"https:\/\/portalfloresnoar.com\/floresnoar\/wp-json\/wp\/v2\/tags?post=40895"}],"curies":[{"name":"wp","href":"https:\/\/api.w.org\/{rel}","templated":true}]}}