

{"id":40863,"date":"2022-01-31T12:06:54","date_gmt":"2022-01-31T15:06:54","guid":{"rendered":"http:\/\/portalfloresnoar.com\/floresnoar\/?p=40863"},"modified":"2022-01-31T12:06:54","modified_gmt":"2022-01-31T15:06:54","slug":"chamo-estrela-mas-eis-que-chega-a-roda-viva-e-carrega-o-destino-pra-la-a-mudanca-dos-nodos-lunares-para-o-eixo-touro-escorpiao","status":"publish","type":"post","link":"https:\/\/portalfloresnoar.com\/floresnoar\/chamo-estrela-mas-eis-que-chega-a-roda-viva-e-carrega-o-destino-pra-la-a-mudanca-dos-nodos-lunares-para-o-eixo-touro-escorpiao\/","title":{"rendered":"[CHAMO ESTRELA] \u201cMas eis que chega a roda viva e carrega o destino pra l\u00e1\u201d &#8211; a mudan\u00e7a dos Nodos Lunares para o eixo Touro-Escorpi\u00e3o"},"content":{"rendered":"<p><img decoding=\"async\" loading=\"lazy\" class=\"aligncenter  wp-image-40865\" src=\"http:\/\/portalfloresnoar.com\/floresnoar\/wp-content\/uploads\/2022\/01\/nodos-touro-escorpiao-700x394.jpeg\" alt=\"\" width=\"502\" height=\"283\" srcset=\"https:\/\/portalfloresnoar.com\/floresnoar\/wp-content\/uploads\/2022\/01\/nodos-touro-escorpiao-700x394.jpeg 700w, https:\/\/portalfloresnoar.com\/floresnoar\/wp-content\/uploads\/2022\/01\/nodos-touro-escorpiao-300x169.jpeg 300w, https:\/\/portalfloresnoar.com\/floresnoar\/wp-content\/uploads\/2022\/01\/nodos-touro-escorpiao-768x433.jpeg 768w, https:\/\/portalfloresnoar.com\/floresnoar\/wp-content\/uploads\/2022\/01\/nodos-touro-escorpiao.jpeg 1280w\" sizes=\"(max-width: 502px) 100vw, 502px\" \/><\/p>\n<p>|\u00a0<em>Por Ana Ghandra*<\/em>\u00a0|<\/p>\n<p>Os Nodos Lunares s\u00e3o pontos imagin\u00e1rios, que marcam o alinhamento entre o planeta Terra e as lumin\u00e1rias (Sol e Lua), por isso eles sinalizam os Eclipses \u2013 eventos astron\u00f4micos onde estes alinhamentos se tornam exatos ou pr\u00f3ximos o suficiente para &#8216;apagar ou sombrear&#8217; por algumas horas, e em algumas partes do planeta, a luz que a Terra recebe do Sol\u00a0 (Eclipse Solar); ou a luz que \u00e9 refletida pela Lua (Eclipse Lunar).<\/p>\n<p>Aos Eclipses, desde a Antiguidade, eram-se atribu\u00eddos poderes m\u00edsticos, capazes de transformar destinos de uma na\u00e7\u00e3o ou sociedade &#8211; imagina o que era para os povos da antiguidade, este momento em que o Sol ou a Lua simplesmente eram &#8216;apagados&#8217; no horizonte. Com certeza, era um acontecimento digno de aten\u00e7\u00e3o e perplexidade, cercado de apreens\u00e3o e incertezas.<\/p>\n<p>Por isso, a interpreta\u00e7\u00e3o dada naqueles tempos a estes eventos eram sempre de cunho catastr\u00f3fico ou maligno, uma vez que o Sol e a Lua eram de suma import\u00e2ncia (no n\u00edvel material e simb\u00f3lico) e seu &#8216;desaparecimento&#8217; obviamente implicaria em desgra\u00e7as e destrui\u00e7\u00e3o. Tamb\u00e9m eram feitas analogias do Sol com o Rei, Czar ou algu\u00e9m de poder na comunidade (que dependendo do Eclipse poderia marcar seu fim ou \u2018sombreamento\u2019), enquanto a Lua seria uma mulher importante, que poderia ser eclipsada.<\/p>\n<p>At\u00e9 hoje, n\u00f3s astr\u00f3logos observamos e avaliamos com aten\u00e7\u00e3o aos Eclipses, porque se considera um momento catalisador de mudan\u00e7as, de revela\u00e7\u00f5es; pessoas chegam de forma inesperada, pessoas partem de maneira irrevers\u00edvel, h\u00e1 quase sempre uma cis\u00e3o com o antigo, de cortes abruptos que nos impelem a uma transforma\u00e7\u00e3o, acima de nossas vontades, quer queira ou quer n\u00e3o.<\/p>\n<p>Na tradi\u00e7\u00e3o V\u00e9dica, os nodos s\u00e3o vistos como partes de um Drag\u00e3o. O Nodo Norte (Rahu) seria a cabe\u00e7a deste Drag\u00e3o, sem o restante do corpo, apenas uma boca voraz, que possui fome infinita e pensa exclusivamente em satisfazer seus desejos. J\u00e1 o Nodo Sul (Ketu) seria a parte de baixo deste Drag\u00e3o, ou seja, apenas sua parte debaixo, sem a cabe\u00e7a, que representaria a racionaliza\u00e7\u00e3o e estrat\u00e9gia. Por isso, diz-se que Ketu possui liga\u00e7\u00f5es com o mundo espiritual, por n\u00e3o ser materialista (como Rahu tende a ser). Por\u00e9m Ketu tende ao isolamento de alguma forma, por ser mais alheio ao mundo dos sentidos, com maiores tend\u00eancias escapistas.<\/p>\n<p>Neste ano de 2022, mais precisamente em janeiro, tivemos a mudan\u00e7a no eixo dos Nodos Lunares, para os signos de Touro e Escorpi\u00e3o.<\/p>\n<p>Anteriormente, desde maio\/2020, tivemos os Eclipses ocorrendo no eixo G\u00eameos e Sagit\u00e1rio, marcando a \u00eanfase nos temas destes signos e mudan\u00e7as nessas \u00e1reas \u2013 que nos falam sobre conhecimento, estudos, viagens, valores, modelos de verdade, cren\u00e7as, \u00e9tica, informa\u00e7\u00e3o, com\u00e9rcio. \u00c9 ineg\u00e1vel o quanto mudamos durante este per\u00edodo da pandemia, por exemplo, na nossa forma de adquirir conhecimento, os estudos, as quest\u00f5es das viagens, p\u00f3s-verdade etc.<\/p>\n<p>Agora, teremos uma nova etapa onde o foco ser\u00e1 mais nas quest\u00f5es materiais, alimentares, financeiras, e tudo relativo a estas \u00e1reas tendem a crescer (simbolizadas pelo signo de Touro no Nodo Norte) e tamb\u00e9m nas quest\u00f5es de poder, intimidade, sexualidade, morte, abusos, comportamentos t\u00f3xicos e campos profundos da exist\u00eancia humana, que precisar\u00e3o ser liberados e curados de alguma forma (representado por Escorpi\u00e3o no Nodo Sul).<\/p>\n<p>Os eclipses deste ano de 2022 \u2013 o primeiro Solar (dia 30 de abril, em Touro) e o segundo Lunar (dia 15 de maio, em Escorpi\u00e3o) nos trar\u00e3o mais elementos do que ser\u00e1 esta jornada t\u00e3o intensa e essencial em nossas vidas, como a representada por Touro e Escorpi\u00e3o.<\/p>\n<p>Lembrando que Urano (planeta do despertar, do inesperado, das mudan\u00e7as e reformas) ser\u00e1 potencialmente ativado pelo Nodo Norte por conjun\u00e7\u00e3o (Urano tamb\u00e9m est\u00e1 em Touro, desde 2018) e isso marca um chacoalhar em nossos apegos e valores mais arraigados, nos pressionando a sair de nossa zona de conforto e mudar justamente na \u00e1rea onde estamos estagnados, teimosos e inflex\u00edveis.<\/p>\n<p>Em um n\u00edvel coletivo, o Nodo Norte em Touro intensificar\u00e1 o aumento de pre\u00e7os dos alimentos, quest\u00f5es da agricultura (produ\u00e7\u00e3o de alimentos, agrot\u00f3xicos etc) e finan\u00e7as &#8211; simbolizados por Touro, e tamb\u00e9m a necessidade de mudan\u00e7as (Urano) em nossos valores (Touro) como sociedade.<\/p>\n<p>O Nodo Sul em Escorpi\u00e3o traz um potencial para campos de cura (psicologia, psiquiatria, medicina, terapias) e avan\u00e7os consider\u00e1veis nessas \u00e1reas, uma vez que o tr\u00edgono (aspecto de fluidez) que J\u00fapiter conjunto a Netuno em Peixes far\u00e1 ao Nodo Sul possibilita uma compreens\u00e3o (J\u00fapiter) de campos intang\u00edveis (Peixes) da exist\u00eancia humana, para uma posterior cura e libera\u00e7\u00e3o (Nodo Sul em Escorpi\u00e3o). H\u00e1 tamb\u00e9m uma tend\u00eancia para que sejam revelados segredos do poder e tudo que estava \u2018debaixo do tapete\u2019 pode vir \u00e0 tona, de uma forma chocante e irrevers\u00edvel.<\/p>\n<p>Vamos nessa nova dan\u00e7a; a roda viva continua a girar e nessa ciranda estaremos olhando para os campos pr\u00e1ticos e materiais (Touro), por\u00e9m percebendo que para cada esfera da mat\u00e9ria temos, em seu complemento, vetores poderosos e encobertos (Escorpi\u00e3o) que clamam por cura e liberta\u00e7\u00e3o (Nodo Sul).<\/p>\n<p><em><img decoding=\"async\" loading=\"lazy\" class=\"wp-image-40804 alignleft\" src=\"http:\/\/portalfloresnoar.com\/floresnoar\/wp-content\/uploads\/2022\/01\/astrologa-ana-ghandra-525x700.jpeg\" alt=\"\" width=\"190\" height=\"254\" srcset=\"https:\/\/portalfloresnoar.com\/floresnoar\/wp-content\/uploads\/2022\/01\/astrologa-ana-ghandra-525x700.jpeg 525w, https:\/\/portalfloresnoar.com\/floresnoar\/wp-content\/uploads\/2022\/01\/astrologa-ana-ghandra-225x300.jpeg 225w, https:\/\/portalfloresnoar.com\/floresnoar\/wp-content\/uploads\/2022\/01\/astrologa-ana-ghandra-768x1024.jpeg 768w, https:\/\/portalfloresnoar.com\/floresnoar\/wp-content\/uploads\/2022\/01\/astrologa-ana-ghandra.jpeg 1200w\" sizes=\"(max-width: 190px) 100vw, 190px\" \/><\/em><\/p>\n<p>&nbsp;<\/p>\n<p><em>* Ana Ghandra \u00e9 mineira, radicada na Chapada Diamantina. H\u00e1 20 anos estuda Astrologia e pratica a interpreta\u00e7\u00e3o de mapas. Nos \u00faltimos anos tem dedicado sua pesquisa \u00e0 fomenta\u00e7\u00e3o de pontes entre a Astrologia, a contemporaneidade, a espiritualidade e a pol\u00edtica.<\/em><\/p>\n<p><strong><em>* CONTATOS<\/em><\/strong><br \/>\n<em><strong>E-mail:<\/strong>\u00a0anaghandra@gmail.com<\/em><br \/>\n<em><strong>Instagram:<\/strong>\u00a0<a href=\"https:\/\/www.instagram.com\/anaghandra\/\" target=\"_blank\" rel=\"noopener\">@anaghandra<\/a><\/em><\/p>\n","protected":false},"excerpt":{"rendered":"<p>|\u00a0Por Ana Ghandra*\u00a0| Os Nodos Lunares s\u00e3o pontos imagin\u00e1rios, que marcam o alinhamento entre o planeta Terra e as lumin\u00e1rias (Sol e Lua), por isso eles sinalizam os Eclipses \u2013 eventos astron\u00f4micos onde estes alinhamentos se tornam exatos ou pr\u00f3ximos o suficiente para &#8216;apagar ou sombrear&#8217; por algumas horas, e em algumas partes do planeta, [&hellip;]<\/p>\n","protected":false},"author":1,"featured_media":40865,"comment_status":"open","ping_status":"open","sticky":false,"template":"","format":"standard","meta":{"om_disable_all_campaigns":false,"_monsterinsights_skip_tracking":false,"_monsterinsights_sitenote_active":false,"_monsterinsights_sitenote_note":"","_monsterinsights_sitenote_category":0,"footnotes":""},"categories":[1086,220],"tags":[18,1091],"acf":[],"publishpress_future_action":{"enabled":false,"date":"1969-12-31 21:00:00","action":"","terms":[],"taxonomy":"","browser_timezone_offset":0},"_links":{"self":[{"href":"https:\/\/portalfloresnoar.com\/floresnoar\/wp-json\/wp\/v2\/posts\/40863"}],"collection":[{"href":"https:\/\/portalfloresnoar.com\/floresnoar\/wp-json\/wp\/v2\/posts"}],"about":[{"href":"https:\/\/portalfloresnoar.com\/floresnoar\/wp-json\/wp\/v2\/types\/post"}],"author":[{"embeddable":true,"href":"https:\/\/portalfloresnoar.com\/floresnoar\/wp-json\/wp\/v2\/users\/1"}],"replies":[{"embeddable":true,"href":"https:\/\/portalfloresnoar.com\/floresnoar\/wp-json\/wp\/v2\/comments?post=40863"}],"version-history":[{"count":0,"href":"https:\/\/portalfloresnoar.com\/floresnoar\/wp-json\/wp\/v2\/posts\/40863\/revisions"}],"wp:featuredmedia":[{"embeddable":true,"href":"https:\/\/portalfloresnoar.com\/floresnoar\/wp-json\/wp\/v2\/media\/40865"}],"wp:attachment":[{"href":"https:\/\/portalfloresnoar.com\/floresnoar\/wp-json\/wp\/v2\/media?parent=40863"}],"wp:term":[{"taxonomy":"category","embeddable":true,"href":"https:\/\/portalfloresnoar.com\/floresnoar\/wp-json\/wp\/v2\/categories?post=40863"},{"taxonomy":"post_tag","embeddable":true,"href":"https:\/\/portalfloresnoar.com\/floresnoar\/wp-json\/wp\/v2\/tags?post=40863"}],"curies":[{"name":"wp","href":"https:\/\/api.w.org\/{rel}","templated":true}]}}