

{"id":40830,"date":"2022-01-02T06:21:56","date_gmt":"2022-01-02T09:21:56","guid":{"rendered":"http:\/\/portalfloresnoar.com\/floresnoar\/?p=40830"},"modified":"2022-02-25T21:07:41","modified_gmt":"2022-02-26T00:07:41","slug":"agenda-pe-espaco-beija-flor-realiza-jornada-holistica-no-carnaval","status":"publish","type":"post","link":"https:\/\/portalfloresnoar.com\/floresnoar\/agenda-pe-espaco-beija-flor-realiza-jornada-holistica-no-carnaval\/","title":{"rendered":"[AGENDA PE] Espa\u00e7o Beija-Flor realiza Jornada Hol\u00edstica no Carnaval"},"content":{"rendered":"<figure id=\"attachment_40831\" aria-describedby=\"caption-attachment-40831\" style=\"width: 476px\" class=\"wp-caption aligncenter\"><img decoding=\"async\" loading=\"lazy\" class=\"wp-image-40831\" src=\"http:\/\/portalfloresnoar.com\/floresnoar\/wp-content\/uploads\/2022\/01\/espaco-beija-flor-cha-grande-700x370.jpg\" alt=\"\" width=\"476\" height=\"251\" srcset=\"https:\/\/portalfloresnoar.com\/floresnoar\/wp-content\/uploads\/2022\/01\/espaco-beija-flor-cha-grande.jpg 700w, https:\/\/portalfloresnoar.com\/floresnoar\/wp-content\/uploads\/2022\/01\/espaco-beija-flor-cha-grande-300x159.jpg 300w\" sizes=\"(max-width: 476px) 100vw, 476px\" \/><figcaption id=\"caption-attachment-40831\" class=\"wp-caption-text\">O Espa\u00e7o Beija-Flor fica localizado na zona rural de Ch\u00e3 Grande\/PE, a 80 Km do Recife.<\/figcaption><\/figure>\n<p>O Espa\u00e7o Beija-Flor, em Ch\u00e3 Grande\/PE, realiza durante o feriado de Carnaval, de 26 a 28 de fevereiro de 2022, a Jornada Hol\u00edstica Beija-Flor.<\/p>\n<p>A imers\u00e3o inclui viv\u00eancias na Natureza e atividades terap\u00eauticas.\u00a0&#8220;O encontro ser\u00e1 em um espac\u0327o na Natureza, onde o canto dos p\u00e1ssaros, o verde das matas e o perfume das flores facilitam a conex\u00e3o consigo mesma e com Gaia&#8221;, ressalta a terapeuta Maria Goretti de S\u00e1.<\/p>\n<p>FACILITADORAS<br \/>\n<strong>Eliete Maria Bezerra<\/strong> &#8211; Acupunturista, terapeuta Hol\u00edstica habilitada em terapias de: Seven Reiki, Limpeza Energ\u00e9tica com cristais e limpeza et\u00e9rica, florais etericos e floral de Bach, medita\u00e7\u00f5es com ritos de passagem, mesa Radiestesia, Jogo de Maha Lilah.<\/p>\n<p><strong>Maria Goretti de S\u00e1<\/strong> &#8211; Psic\u00f3loga e terapeuta Hol\u00edstica.<\/p>\n<p><strong>PROGRAMA\u00c7\u00c3O<\/strong><\/p>\n<p><strong>Dia 26\/02 (S\u00e1bado)<\/strong><br \/>\n<em>Manh\u00e3:<\/em><br \/>\nViv\u00eancia de (re)conex\u00e3o com Gaia e a Ancestralidade.<br \/>\nObjetivo: fazer contato com nossa energia original, desfazer bloqueios energ\u00e9ticos.<\/p>\n<p><em>Tarde:<\/em><br \/>\n1.Viv\u00eancia anti-estresse (Ecol\u00f3gica Profunda).<br \/>\nObjetivo: sensibilizar, integrar e agir em prol da vida.<br \/>\n2. In\u00edcio da confec\u00e7\u00e3o do Bast\u00e3o da Fala.<br \/>\nObjetivo: sensibilizar para escuta e auto- escuta.<\/p>\n<p><strong>27\/02 (Domingo)<\/strong><br \/>\n<em>Manh\u00e3:<\/em><br \/>\n1. Despertar para o Tempo Natural (mantra kin e Prece das 7 dire\u00e7\u00f5es)<br \/>\n2. Finaliza\u00e7\u00e3o da cria\u00e7\u00e3o do Bast\u00e3o da Fala.<\/p>\n<p><em>Tarde:<\/em><br \/>\nRoda de conversa terap\u00eautica com conex\u00e3o com seu Eu Superior.<br \/>\nObjetivo: sentir o estado de felicidade atrav\u00e9s da mudan\u00e7a de sintonia.<\/p>\n<p><em>Noite:<\/em><br \/>\nRitual de identifica\u00e7\u00e3o do Animal de Poder, com fogueira e tambor.<\/p>\n<p><strong>Dia 28\/02 (Segunda-feira)<\/strong><br \/>\n<em>Manh\u00e3:<\/em><br \/>\nJogo Maha Lilah<br \/>\nObjetivo: Autoconhecimento.<\/p>\n<p><em>Tarde:<\/em><br \/>\nViv\u00eancia da Ecologia Profunda (Conselho de Todos os Seres).<\/p>\n<p>&nbsp;<\/p>\n<p><strong>LOCAL:<\/strong> Espa\u00e7o Beija-Flor &#8211; Ch\u00e3 Grande\/PE, Brasil.<\/p>\n<p><strong>CONTRIBUI\u00c7\u00c3O:<\/strong><br \/>\nPor pessoa: R$ 710,00 (\u00e0 vista), ou 2 parcelas de R$ 400,00<br \/>\n<em>Obs.: O valor inclui 3 refei\u00e7\u00f5es di\u00e1rias, hospedagem e wi-fi.<\/em><\/p>\n<p><strong>HOR\u00c1RIO DE CHEGADA (check-in):<\/strong> Sexta-feira (25\/2), a partir das 17h, e\u00a0S\u00e1bado (26\/2) das 7h \u00e0s 8:30h<\/p>\n<p><strong>HOR\u00c1RIO DA SA\u00cdDA (check-out):<\/strong> Segunda-feira (28\/02), \u00e0s 18h.<\/p>\n<p><strong>O QUE LEVAR:<\/strong><br \/>\nToalha de banho, repelente, roupa de cama e travesseiro (se poss\u00edvel). Quem tiver instrumentos musicais, tamb\u00e9m ser\u00e3o bem-vindos.<br \/>\n<em><strong>IMPORTANTE:<\/strong> Ser\u00e1 exigido o uso de m\u00e1scara e a apresenta\u00e7\u00e3o da carteira de vacina\u00e7\u00e3o, comprovando a imuniza\u00e7\u00e3o contra a Covid-19.<\/em><\/p>\n<p><em>Vagas limitadas!<\/em><\/p>\n<p>INSCRI\u00c7\u00d5ES E MAIS INFORMA\u00c7\u00d5ES:<br \/>\n<strong>Telefone\/WhatsApp:<\/strong> (81) 997063804 (Goretti)<br \/>\n<strong>E-mail:<\/strong> gorettipense@gmail.com<\/p>\n","protected":false},"excerpt":{"rendered":"<p>O Espa\u00e7o Beija-Flor, em Ch\u00e3 Grande\/PE, realiza durante o feriado de Carnaval, de 26 a 28 de fevereiro de 2022, a Jornada Hol\u00edstica Beija-Flor. A imers\u00e3o inclui viv\u00eancias na Natureza e atividades terap\u00eauticas.\u00a0&#8220;O encontro ser\u00e1 em um espac\u0327o na Natureza, onde o canto dos p\u00e1ssaros, o verde das matas e o perfume das flores facilitam [&hellip;]<\/p>\n","protected":false},"author":1,"featured_media":40831,"comment_status":"open","ping_status":"open","sticky":false,"template":"","format":"standard","meta":{"om_disable_all_campaigns":false,"_monsterinsights_skip_tracking":false,"_monsterinsights_sitenote_active":false,"_monsterinsights_sitenote_note":"","_monsterinsights_sitenote_category":0,"footnotes":""},"categories":[8,214],"tags":[108,850,396],"acf":[],"publishpress_future_action":{"enabled":false,"date":"1969-12-31 21:00:00","action":"","terms":[],"taxonomy":"","browser_timezone_offset":0},"_links":{"self":[{"href":"https:\/\/portalfloresnoar.com\/floresnoar\/wp-json\/wp\/v2\/posts\/40830"}],"collection":[{"href":"https:\/\/portalfloresnoar.com\/floresnoar\/wp-json\/wp\/v2\/posts"}],"about":[{"href":"https:\/\/portalfloresnoar.com\/floresnoar\/wp-json\/wp\/v2\/types\/post"}],"author":[{"embeddable":true,"href":"https:\/\/portalfloresnoar.com\/floresnoar\/wp-json\/wp\/v2\/users\/1"}],"replies":[{"embeddable":true,"href":"https:\/\/portalfloresnoar.com\/floresnoar\/wp-json\/wp\/v2\/comments?post=40830"}],"version-history":[{"count":0,"href":"https:\/\/portalfloresnoar.com\/floresnoar\/wp-json\/wp\/v2\/posts\/40830\/revisions"}],"wp:featuredmedia":[{"embeddable":true,"href":"https:\/\/portalfloresnoar.com\/floresnoar\/wp-json\/wp\/v2\/media\/40831"}],"wp:attachment":[{"href":"https:\/\/portalfloresnoar.com\/floresnoar\/wp-json\/wp\/v2\/media?parent=40830"}],"wp:term":[{"taxonomy":"category","embeddable":true,"href":"https:\/\/portalfloresnoar.com\/floresnoar\/wp-json\/wp\/v2\/categories?post=40830"},{"taxonomy":"post_tag","embeddable":true,"href":"https:\/\/portalfloresnoar.com\/floresnoar\/wp-json\/wp\/v2\/tags?post=40830"}],"curies":[{"name":"wp","href":"https:\/\/api.w.org\/{rel}","templated":true}]}}