

{"id":40827,"date":"2022-02-01T16:57:50","date_gmt":"2022-02-01T19:57:50","guid":{"rendered":"http:\/\/portalfloresnoar.com\/floresnoar\/?p=40827"},"modified":"2022-03-04T09:13:28","modified_gmt":"2022-03-04T12:13:28","slug":"noticias-nucleo-de-aprofundamento-antroposofico-fortalece-a-antroposofia-no-norte-e-nordeste","status":"publish","type":"post","link":"https:\/\/portalfloresnoar.com\/floresnoar\/noticias-nucleo-de-aprofundamento-antroposofico-fortalece-a-antroposofia-no-norte-e-nordeste\/","title":{"rendered":"[NOT\u00cdCIAS] N\u00facleo de Aprofundamento Antropos\u00f3fico fortalece a Antroposofia no Norte e Nordeste"},"content":{"rendered":"<p><img decoding=\"async\" loading=\"lazy\" class=\"aligncenter wp-image-40844 \" src=\"http:\/\/portalfloresnoar.com\/floresnoar\/wp-content\/uploads\/2022\/01\/nucleo-de-aprofundamento-antroposofico-597x700.png\" alt=\"\" width=\"384\" height=\"450\" srcset=\"https:\/\/portalfloresnoar.com\/floresnoar\/wp-content\/uploads\/2022\/01\/nucleo-de-aprofundamento-antroposofico-597x700.png 597w, https:\/\/portalfloresnoar.com\/floresnoar\/wp-content\/uploads\/2022\/01\/nucleo-de-aprofundamento-antroposofico-256x300.png 256w, https:\/\/portalfloresnoar.com\/floresnoar\/wp-content\/uploads\/2022\/01\/nucleo-de-aprofundamento-antroposofico-768x900.png 768w, https:\/\/portalfloresnoar.com\/floresnoar\/wp-content\/uploads\/2022\/01\/nucleo-de-aprofundamento-antroposofico.png 1080w\" sizes=\"(max-width: 384px) 100vw, 384px\" \/><\/p>\n<p style=\"text-align: right;\"><em>\u201cSalutar s\u00f3 \u00e9 quando no espelho da alma humana se forma a comunidade inteira, e na comunidade vive a for\u00e7a da alma individual. Eis o princ\u00edpio da \u00e9tica social.&#8221;<\/em><br \/>\n<em>(Rudolf Steiner)<\/em><\/p>\n<p>Com o objetivo de promover o aprofundamento dos conhecimentos sobre os temas da Antroposofia, em 8 de novembro de 2018, na sede do <a href=\"https:\/\/www.instagram.com\/jardimalecrimrecife\/\" target=\"_blank\" rel=\"noopener\">Jardim Alecrim Recife<\/a>, nasceu o N\u00facleo de Aprofundamento Antropos\u00f3fico (NAA), criado por Janise Paiva e Suely Portela.<\/p>\n<p>&#8220;A nossa miss\u00e3o \u00e9 oferecer ao mundo conte\u00fados e pr\u00e1ticas que gerem novos paradigmas, atrav\u00e9s da Vis\u00e3o Antropos\u00f3fica e Ci\u00eancias afins&#8221;, afirmam as fundadoras do NAA.<\/p>\n<p>&#8220;As Regi\u00f5es Norte\/Nordeste t\u00eam avidez de estudo e aprofundamento no que tange ao autoconhecimento, auto-educa\u00e7\u00e3o e autodesenvolvimento, sendo regi\u00f5es que v\u00eam recebendo a Antroposofia de bra\u00e7os abertos&#8221;, declaram Janise e Suely.<\/p>\n<p>Segundo elas, da Antroposofia, ci\u00eancia espiritual fundada pelo fil\u00f3sofo austr\u00edaco Rudolf Steiner, adv\u00e9m a Medicina Antropos\u00f3fica, a Pedagogia Waldorf, a Arquitetura Org\u00e2nica, a Agricultura Biodin\u00e2mica, e terapias como a Euritmia, Terapia Art\u00edstica, Aconselhamento Biogr\u00e1fico, Quirofon\u00e9tica, Massagem R\u00edtmica, entre outras. &#8220;Nossa atua\u00e7\u00e3o vem sendo no sentido de fomentar ainda mais as forma\u00e7\u00f5es na \u00e1rea da Antroposofia, assim como das ci\u00eancias e filosofias que dialogam ela.&#8221;<\/p>\n<p>Durante os 3 anos do N\u00facleo de Aprofundamento Antropos\u00f3fico muitas a\u00e7\u00f5es j\u00e1 foram realizadas, como cursos, ciclos de palestras, grupos de estudos e a Semana da Psicologia Antropos\u00f3fica, mobilizando pessoas de v\u00e1rios Estados brasileiros e tamb\u00e9m de Portugal e Fran\u00e7a.<\/p>\n<p>&#8220;Esses tr\u00eas anos de experi\u00eancia na realiza\u00e7\u00e3o de iniciativas de aprofundamento na Ci\u00eancia Espiritual de Rudolf Steiner, nos fez perceber que \u00e9 importante apresentar a Antroposofia para o mundo, tocar no cora\u00e7\u00e3o daqueles que desejam, questionam, buscam conceitos, reflex\u00f5es que ir\u00e1 agregar e nutrir as suas almas.&#8221;<\/p>\n<p>Recentemente o NAA lan\u00e7ou o seu <a href=\"http:\/\/www.nucleoapantroposofico.com.br\" target=\"_blank\" rel=\"noopener\">site<\/a>, onde divulga artigos relacionados aos temas antropos\u00f3ficos, assim como a programa\u00e7\u00e3o das pr\u00f3ximas a\u00e7\u00f5es a serem realizadas.<\/p>\n<p>CONHE\u00c7A AS CRIADORAS DO N\u00daCLEO DE APROFUNDAMENTO ANTROPOS\u00d3FICO:<\/p>\n<p><strong><img decoding=\"async\" loading=\"lazy\" class=\" wp-image-40845 alignleft\" src=\"http:\/\/portalfloresnoar.com\/floresnoar\/wp-content\/uploads\/2022\/01\/Janise-Paiva-1-262x300.jpeg\" alt=\"\" width=\"228\" height=\"261\" srcset=\"https:\/\/portalfloresnoar.com\/floresnoar\/wp-content\/uploads\/2022\/01\/Janise-Paiva-1-262x300.jpeg 262w, https:\/\/portalfloresnoar.com\/floresnoar\/wp-content\/uploads\/2022\/01\/Janise-Paiva-1-611x700.jpeg 611w, https:\/\/portalfloresnoar.com\/floresnoar\/wp-content\/uploads\/2022\/01\/Janise-Paiva-1.jpeg 712w\" sizes=\"(max-width: 228px) 100vw, 228px\" \/>Janise Paiva<\/strong> &#8211; Fonoaudi\u00f3loga, com vis\u00e3o ampliada pela Antroposofia, com forma\u00e7\u00e3o e pr\u00e1tica de 26 anos em Reorganiza\u00e7\u00e3o Neurofuncional ou M\u00e9todo Padovan. Professora Waldorf, Co-fundadora do Ensino Fundamental da Escola Waldorf Recife e da Escola Waldorf Aquarela, idealizadora e fundadora do Jardim Alecrim Recife. Ex-coordenadora da primeira turma do Curso do Semin\u00e1rio de Forma\u00e7\u00e3o para Professores Waldorf. Atualmente aconselhadora em Educa\u00e7\u00e3o para fam\u00edlias, Constela\u00e7\u00f5es Sist\u00eamica, arteterapeuta na vis\u00e3o Junguiana, reikiana, palestrante e tutora de Escolas Waldorf. Estudo e vivencia a Antroposofia desde 1994, ci\u00eancia que norteou a educa\u00e7\u00e3o de suas duas filhas.<\/p>\n<p><strong><img decoding=\"async\" loading=\"lazy\" class=\" wp-image-40846 alignleft\" src=\"http:\/\/portalfloresnoar.com\/floresnoar\/wp-content\/uploads\/2022\/01\/Suely-Portela-3-242x300.jpeg\" alt=\"\" width=\"226\" height=\"280\" srcset=\"https:\/\/portalfloresnoar.com\/floresnoar\/wp-content\/uploads\/2022\/01\/Suely-Portela-3-242x300.jpeg 242w, https:\/\/portalfloresnoar.com\/floresnoar\/wp-content\/uploads\/2022\/01\/Suely-Portela-3-565x700.jpeg 565w, https:\/\/portalfloresnoar.com\/floresnoar\/wp-content\/uploads\/2022\/01\/Suely-Portela-3.jpeg 720w\" sizes=\"(max-width: 226px) 100vw, 226px\" \/><\/strong><\/p>\n<p>&nbsp;<\/p>\n<p><strong>Suely Portela <\/strong>&#8211;\u00a0m\u00e3e Waldorf, fundadora da Escola Waldorf Aquarela, em\u00a0Aldeia dos Camar\u00e1s (Camaragibe\/PE). Psic\u00f3loga desde 1993, atuando em organiza\u00e7\u00f5es e consult\u00f3rio, com forma\u00e7\u00e3o em Psicologia Anal\u00edtica. Conclu\u00fa em 2016 o Curso de Sa\u00fade Antropos\u00f3fica. A partir da\u00ed iniciou os estudos na Psicologia com vis\u00e3o ampliada pela Antroposofia. Tem forma\u00e7\u00e3o em Constela\u00e7\u00e3o Familiar Sist\u00eamica, Reiki e Coach.<\/p>\n<p>&nbsp;<\/p>\n<p>CONTATOS DO N\u00daCLEO DE APROFUNDAMENTO ANTROPOS\u00d3FICO:<br \/>\n<strong>WhatsApp:<\/strong>\u00a0(81) 99908-5069<br \/>\n<strong>E-mail:<\/strong>\u00a0nucleoantroposofico@gmail.com<br \/>\n<strong>Instagram:<\/strong>\u00a0<a href=\"https:\/\/www.instagram.com\/nucleoapantroposofico\/\" target=\"_blank\" rel=\"noopener\">@nucleoantroposofico<\/a><br \/>\n<strong>YouTube:\u00a0<\/strong><a href=\"https:\/\/www.youtube.com\/channel\/UCscWmkd0bpKkFWX8cSxlbOg\/videos\" target=\"_blank\" rel=\"noopener\">https:\/\/www.youtube.com\/channel\/UCscWmkd0bpKkFWX8cSxlbOg\/videos<\/a><br \/>\n<strong>Site:<\/strong> <a href=\"https:\/\/nucleoapantroposofico.com.br\/\" target=\"_blank\" rel=\"noopener\">www.nucleoapantroposofico.com.br<\/a><\/p>\n","protected":false},"excerpt":{"rendered":"<p>\u201cSalutar s\u00f3 \u00e9 quando no espelho da alma humana se forma a comunidade inteira, e na comunidade vive a for\u00e7a da alma individual. Eis o princ\u00edpio da \u00e9tica social.&#8221; (Rudolf Steiner) Com o objetivo de promover o aprofundamento dos conhecimentos sobre os temas da Antroposofia, em 8 de novembro de 2018, na sede do Jardim [&hellip;]<\/p>\n","protected":false},"author":1,"featured_media":40847,"comment_status":"open","ping_status":"open","sticky":false,"template":"","format":"standard","meta":{"om_disable_all_campaigns":false,"_monsterinsights_skip_tracking":false,"_monsterinsights_sitenote_active":false,"_monsterinsights_sitenote_note":"","_monsterinsights_sitenote_category":0,"footnotes":""},"categories":[8,9],"tags":[23,1090,83,33,115,624],"acf":[],"publishpress_future_action":{"enabled":false,"date":"1969-12-31 21:00:00","action":"","terms":[],"taxonomy":"","browser_timezone_offset":0},"_links":{"self":[{"href":"https:\/\/portalfloresnoar.com\/floresnoar\/wp-json\/wp\/v2\/posts\/40827"}],"collection":[{"href":"https:\/\/portalfloresnoar.com\/floresnoar\/wp-json\/wp\/v2\/posts"}],"about":[{"href":"https:\/\/portalfloresnoar.com\/floresnoar\/wp-json\/wp\/v2\/types\/post"}],"author":[{"embeddable":true,"href":"https:\/\/portalfloresnoar.com\/floresnoar\/wp-json\/wp\/v2\/users\/1"}],"replies":[{"embeddable":true,"href":"https:\/\/portalfloresnoar.com\/floresnoar\/wp-json\/wp\/v2\/comments?post=40827"}],"version-history":[{"count":0,"href":"https:\/\/portalfloresnoar.com\/floresnoar\/wp-json\/wp\/v2\/posts\/40827\/revisions"}],"wp:featuredmedia":[{"embeddable":true,"href":"https:\/\/portalfloresnoar.com\/floresnoar\/wp-json\/wp\/v2\/media\/40847"}],"wp:attachment":[{"href":"https:\/\/portalfloresnoar.com\/floresnoar\/wp-json\/wp\/v2\/media?parent=40827"}],"wp:term":[{"taxonomy":"category","embeddable":true,"href":"https:\/\/portalfloresnoar.com\/floresnoar\/wp-json\/wp\/v2\/categories?post=40827"},{"taxonomy":"post_tag","embeddable":true,"href":"https:\/\/portalfloresnoar.com\/floresnoar\/wp-json\/wp\/v2\/tags?post=40827"}],"curies":[{"name":"wp","href":"https:\/\/api.w.org\/{rel}","templated":true}]}}