

{"id":40771,"date":"2022-01-12T11:25:22","date_gmt":"2022-01-12T14:25:22","guid":{"rendered":"http:\/\/portalfloresnoar.com\/floresnoar\/?p=40771"},"modified":"2022-01-12T11:38:02","modified_gmt":"2022-01-12T14:38:02","slug":"carcara-tarot-arcano-de-2022-o-louco-a-loucura","status":"publish","type":"post","link":"https:\/\/portalfloresnoar.com\/floresnoar\/carcara-tarot-arcano-de-2022-o-louco-a-loucura\/","title":{"rendered":"[CARCAR\u00c1 TAROT] Arcano de 2022 \u2013 O Louco \/ A Loucura"},"content":{"rendered":"<figure id=\"attachment_40774\" aria-describedby=\"caption-attachment-40774\" style=\"width: 400px\" class=\"wp-caption aligncenter\"><img decoding=\"async\" loading=\"lazy\" class=\"wp-image-40774 size-large\" title=\"Cordel do Tarot\" src=\"http:\/\/portalfloresnoar.com\/floresnoar\/wp-content\/uploads\/2022\/01\/O-Louco_Cordel-do-Tarot_Ilustra\u00e7\u00e3o-por-Lua-400x700.png\" alt=\"\" width=\"400\" height=\"700\" srcset=\"https:\/\/portalfloresnoar.com\/floresnoar\/wp-content\/uploads\/2022\/01\/O-Louco_Cordel-do-Tarot_Ilustra\u00e7\u00e3o-por-Lua-400x700.png 400w, https:\/\/portalfloresnoar.com\/floresnoar\/wp-content\/uploads\/2022\/01\/O-Louco_Cordel-do-Tarot_Ilustra\u00e7\u00e3o-por-Lua-172x300.png 172w, https:\/\/portalfloresnoar.com\/floresnoar\/wp-content\/uploads\/2022\/01\/O-Louco_Cordel-do-Tarot_Ilustra\u00e7\u00e3o-por-Lua.png 700w\" sizes=\"(max-width: 400px) 100vw, 400px\" \/><figcaption id=\"caption-attachment-40774\" class=\"wp-caption-text\">Arcano &#8216;O Louco&#8217; do Cordel do Tarot (@cordeldotarot). Ilustra\u00e7\u00e3o: Lua<\/figcaption><\/figure>\n<p style=\"text-align: right;\"><em>&#8220;(&#8230;) segue leve e firme pela estrada<\/em><br \/>\n<em> \u00c9 o curinga do jogo, tem coragem<\/em><br \/>\n<em> viajante do cosmos, \u00e9 selvagem<\/em><br \/>\n<em> precipita mudan\u00e7as, vai, confia<\/em><br \/>\n<em> olha o c\u00e9u, pisa a terra, reinicia<\/em><br \/>\n<em> ruma livre, sem medo da viagem.&#8221;<\/em><br \/>\n<em> (trecho do poema &#8216;O Louco&#8217; , de Lu Rabelo, no\u00a0<strong><a href=\"https:\/\/linktr.ee\/cordeldotarot\" target=\"_blank\" rel=\"noopener\">Cordel do Tarot<\/a>\u00a0<\/strong>)<\/em><\/p>\n<p>|<em> Por Sabrina Carvalho<\/em>* |<\/p>\n<p>Mais uma vez, aqui estamos, no intento de trazer os ausp\u00edcios dos arcanos atrav\u00e9s do tempo. A cada ano, al\u00e9m das viv\u00eancias individuais, sentimos uma esp\u00e9cie de energia que nos une, e cada ramo do conhecimento esot\u00e9rico tr\u00e1s elementos para an\u00e1lise e proje\u00e7\u00f5es. No nosso caso, trazemos o Tarot como pano de fundo simb\u00f3lico para tentar explicar essas tais energias em comum que nos une.<\/p>\n<p>H\u00e1 cerca de 3 anos venho analisando o arcano do ano de maneira distinta das an\u00e1lises que grande parte das pessoas trazem, como por exemplo 2022 sendo do arcano 6 &#8211; Os Enamorados ( resultado 2+0+2+2). Embora eu concorde que a completude do entendimento do feminino e masculino sagrados dentro de n\u00f3s se fazem muito necess\u00e1rios para os seres humanos, e que nesse ano que ingressamos as nossas escolhas ser\u00e3o fundamentais para o futuro do nosso planeta ( temas dos ausp\u00edcios do Arcano &#8216;Os Enamorados&#8217;), teremos como energias fundamentais os arcanos 20 ( O Julgamento) e 22 ( O Louco, tamb\u00e9m conhecido como Arcano 0).<\/p>\n<p>Quando analisamos no sentido simb\u00f3lico o arcano O Louco do Tarot, tamb\u00e9m nos deparamos com umas das cartas que mais cont\u00e9m um conte\u00fado po\u00e9tico, l\u00edrico ou at\u00e9 mesmo l\u00fadico. Eu disse l\u00fadico, n\u00e3o disse l\u00facido. A lucidez \u00e9 paisagem rara no caminho d&#8217;O Louco. Por\u00e9m, esse arcano nos convida a experienciar a paisagem interior das nossas verdades e mergulhar numa jornada de busca pelo eu em sua inteireza. Seria loucura pensar nesse eu completo, que percebe nas faces mais delirantes a sua pr\u00f3pria face? Seria loucura mergulhar no abismo secreto do autoconhecimento e reconhecer os pr\u00f3prios del\u00edrios? E o que isso teria a ver com nossa vida pr\u00e1tica? Como podemos trazer a simbologia da liberdade e do recome\u00e7o d&#8217;O Louco para entender o momento importante de oportunidades de ingressarmos em novos rumos?<\/p>\n<p>Primeiro devo destacar o fato de que este arcano se trata do personagem principal do Tarot. Entendendo o Tarot como uma jornada de autoconhecimento, cada l\u00e2mina dessa jornada, ou seja, cada carta, \u00e9 experienciada pelo Louco como um processo de aprendizado simb\u00f3lico necess\u00e1rio para o entendimento de si nessa jornada. Em outras palavras, O Louco vivencia cada arcano e aprende com ele, capacitando-o assim a seguir em frente e experimentar o pr\u00f3ximo. Cada arcano \u00e9 grau alcan\u00e7ado por nosso personagem principal, mostrando uma capacidade de adaptabilidade e aprendizagem. A cada arcano, o Louco adquire novas habilidades at\u00e9 chegar no Arcano 21. Sim, acabamos de passar pelo arcano 21 em 2021, o que acarretou na finaliza\u00e7\u00e3o de alguns ciclos, para nos abrirmos ao novo em 2022.<\/p>\n<p>Temos vivido momentos muito desafiadores que nos colocam, muita vezes, como esse arcano que n\u00e3o v\u00ea a olhos nus os desenhos do futuro. As incertezas sobre o agora e o porvir, em tempos pand\u00eamicos, tem acentuado a necessidade de enxergarmos com olhos d&#8217;O Louco o aqui e o agora e, embora tenhamos perdido a b\u00fassola, nossa intui\u00e7\u00e3o sabe onde nos levar.<\/p>\n<p>Esse arcano inquieto, que n\u00e3o deixa nossa energia parada, exige de n\u00f3s esse movimento de busca por sobreviv\u00eancia e respiros. Astucioso, \u00e9 como se estiv\u00e9ssemos em plena aula copiando o conte\u00fado do quadro e ele o apagasse, nos obrigando a trabalhar com a mem\u00f3ria e a imagina\u00e7\u00e3o. Ele p\u00f5e o giz em nossas m\u00e3os e diz: escreve agora teu percurso. \u201cDe novo recome\u00e7ar, outra vez acreditar. Compor, escrever, cantar, p\u00f4r m\u00fasica no ar\u201d, j\u00e1 diria o louco S\u00e9rgio Sampaio.<\/p>\n<p>Mas n\u00e3o podemos ser irrespons\u00e1veis, nem nos deixar levar pela ingenuidade (caracter\u00edsticas sombrias desse arcano). \u00c9 quando entra a pot\u00eancia do nosso autoconhecimento: saber agir entendendo nossos movimentos, em suas destrezas e suas limita\u00e7\u00f5es. Portanto, precisamos estar atentas(os) aos nossos atos, nossas palavras, nossas inten\u00e7\u00f5es&#8230; Saber que, por mais que a vida seja uma experi\u00eancia individual, aqui estamos em sociedade.<\/p>\n<p>Sabe o que O Louco est\u00e1 sussurrando aqui no meu ouvido?<\/p>\n<p>Poder ouvir o cora\u00e7\u00e3o.<br \/>\nCoragem para desbravar novos caminhos, e olhos para perceb\u00ea-los.<br \/>\nLeveza para ter os bra\u00e7os livres para abra\u00e7ar novas ideias.<br \/>\nDiscernimento para entender as intui\u00e7\u00f5es e instintos.<br \/>\nOusadia para se reinventar.<br \/>\nCuriosidade para se buscar.<\/p>\n<p><img decoding=\"async\" loading=\"lazy\" class=\"wp-image-31988 alignleft\" src=\"http:\/\/portalfloresnoar.com\/floresnoar\/wp-content\/uploads\/2018\/01\/tarologa-Sabrina-Carvalho.jpg\" alt=\"\" width=\"191\" height=\"251\" srcset=\"https:\/\/portalfloresnoar.com\/floresnoar\/wp-content\/uploads\/2018\/01\/tarologa-Sabrina-Carvalho.jpg 298w, https:\/\/portalfloresnoar.com\/floresnoar\/wp-content\/uploads\/2018\/01\/tarologa-Sabrina-Carvalho-229x300.jpg 229w\" sizes=\"(max-width: 191px) 100vw, 191px\" \/><\/p>\n<p>&nbsp;<\/p>\n<p><em>* Sabrina Carvalho \u00e9 tar\u00f3loga, criadora da\u00a0<a href=\"https:\/\/www.instagram.com\/carcaratarot\/\" target=\"_blank\" rel=\"noopener\">Carcar\u00e1 \u2013 Escola de Tarot<\/a>, pesquisadora e\u00a0<a href=\"https:\/\/portalfloresnoar.com\/floresnoar\/categoria\/colunas\/sabraccadabra\/\" target=\"_blank\" rel=\"noopener\">escritora\/colunista do Portal Flores no Ar<\/a>. Realiza leituras com foco em autoconhecimento, autoempoderamento e transforma\u00e7\u00e3o. Tamb\u00e9m ministra aulas de inicia\u00e7\u00e3o aos Arcanos Maiores e Menores.<\/em><\/p>\n<p>CONTATOS<br \/>\n<strong>Fone\/ WhatsApp:<\/strong>\u00a0(81) 99965 4458<br \/>\n<strong>Instagram:<\/strong> <a href=\"https:\/\/www.instagram.com\/sabraccarvalho\/\" target=\"_blank\" rel=\"noopener\">@sabraccarvalho<\/a> | \u00a0<a href=\"https:\/\/www.instagram.com\/carcaratarot\/\" target=\"_blank\" rel=\"noopener\">@carcaratarot<\/a><\/p>\n","protected":false},"excerpt":{"rendered":"<p>&#8220;(&#8230;) segue leve e firme pela estrada \u00c9 o curinga do jogo, tem coragem viajante do cosmos, \u00e9 selvagem precipita mudan\u00e7as, vai, confia olha o c\u00e9u, pisa a terra, reinicia ruma livre, sem medo da viagem.&#8221; (trecho do poema &#8216;O Louco&#8217; , de Lu Rabelo, no\u00a0Cordel do Tarot\u00a0) | Por Sabrina Carvalho* | Mais uma [&hellip;]<\/p>\n","protected":false},"author":1,"featured_media":40773,"comment_status":"open","ping_status":"open","sticky":false,"template":"","format":"standard","meta":{"om_disable_all_campaigns":false,"_monsterinsights_skip_tracking":false,"_monsterinsights_sitenote_active":false,"_monsterinsights_sitenote_note":"","_monsterinsights_sitenote_category":0,"footnotes":""},"categories":[1035,220],"tags":[388,499,136,390,296,86],"acf":[],"publishpress_future_action":{"enabled":false,"date":"1969-12-31 21:00:00","action":"","terms":[],"taxonomy":"","browser_timezone_offset":0},"_links":{"self":[{"href":"https:\/\/portalfloresnoar.com\/floresnoar\/wp-json\/wp\/v2\/posts\/40771"}],"collection":[{"href":"https:\/\/portalfloresnoar.com\/floresnoar\/wp-json\/wp\/v2\/posts"}],"about":[{"href":"https:\/\/portalfloresnoar.com\/floresnoar\/wp-json\/wp\/v2\/types\/post"}],"author":[{"embeddable":true,"href":"https:\/\/portalfloresnoar.com\/floresnoar\/wp-json\/wp\/v2\/users\/1"}],"replies":[{"embeddable":true,"href":"https:\/\/portalfloresnoar.com\/floresnoar\/wp-json\/wp\/v2\/comments?post=40771"}],"version-history":[{"count":0,"href":"https:\/\/portalfloresnoar.com\/floresnoar\/wp-json\/wp\/v2\/posts\/40771\/revisions"}],"wp:featuredmedia":[{"embeddable":true,"href":"https:\/\/portalfloresnoar.com\/floresnoar\/wp-json\/wp\/v2\/media\/40773"}],"wp:attachment":[{"href":"https:\/\/portalfloresnoar.com\/floresnoar\/wp-json\/wp\/v2\/media?parent=40771"}],"wp:term":[{"taxonomy":"category","embeddable":true,"href":"https:\/\/portalfloresnoar.com\/floresnoar\/wp-json\/wp\/v2\/categories?post=40771"},{"taxonomy":"post_tag","embeddable":true,"href":"https:\/\/portalfloresnoar.com\/floresnoar\/wp-json\/wp\/v2\/tags?post=40771"}],"curies":[{"name":"wp","href":"https:\/\/api.w.org\/{rel}","templated":true}]}}