

{"id":40757,"date":"2021-04-04T06:30:01","date_gmt":"2021-04-04T09:30:01","guid":{"rendered":"http:\/\/portalfloresnoar.com\/floresnoar\/?p=40757"},"modified":"2022-08-12T14:06:33","modified_gmt":"2022-08-12T17:06:33","slug":"agenda-pe-morgana-maria-oferece-atendimentos-com-arteterapia-florais-da-amazonia-e-reiki-on-line-e-presencial-em-garanhuns","status":"publish","type":"post","link":"https:\/\/portalfloresnoar.com\/floresnoar\/agenda-pe-morgana-maria-oferece-atendimentos-com-arteterapia-florais-da-amazonia-e-reiki-on-line-e-presencial-em-garanhuns\/","title":{"rendered":"[AGENDA PE] Morgana Maria oferece atendimentos com Arteterapia, Florais da Amaz\u00f4nia e Reiki, on-line e presencial (em Garanhuns)"},"content":{"rendered":"<p><img decoding=\"async\" loading=\"lazy\" class=\"size-medium wp-image-39835 alignleft\" src=\"http:\/\/portalfloresnoar.com\/floresnoar\/wp-content\/uploads\/2021\/06\/terapeuta-morgana-2-225x300.jpg\" alt=\"\" width=\"225\" height=\"300\" srcset=\"https:\/\/portalfloresnoar.com\/floresnoar\/wp-content\/uploads\/2021\/06\/terapeuta-morgana-2-225x300.jpg 225w, https:\/\/portalfloresnoar.com\/floresnoar\/wp-content\/uploads\/2021\/06\/terapeuta-morgana-2-768x1024.jpg 768w, https:\/\/portalfloresnoar.com\/floresnoar\/wp-content\/uploads\/2021\/06\/terapeuta-morgana-2-525x700.jpg 525w\" sizes=\"(max-width: 225px) 100vw, 225px\" \/><\/p>\n<p>A terapeuta Integrativa Morgana Maria est\u00e1 oferecendo, em Garanhuns\/PE, e tamb\u00e9m de modo on-line, atendimentos com Arteterapia, Florais da Amaz\u00f4nia e Reiki Usui e Tibetano.\u00a0A sess\u00e3o dura em m\u00e9dia uma hora e \u00e9 voltada para jovens, adultas (os) e idosas (os).<\/p>\n<p>A terapeuta ressalta\u00a0que para se obter \u00eaxito em um processo terap\u00eautico \u00e9 necess\u00e1rio antes de tudo ter disponibilidade, entrega, compromisso e paci\u00eancia consigo mesmo\/a. &#8220;Somos seres complexos e carregamos uma hist\u00f3ria, n\u00e3o apenas nossa, mas de todo um sistema familiar, portanto leva-se tempo para nos reconhecermos e curarmos nossas dores e feridas, uma vez que estas n\u00e3o s\u00e3o apenas nossas, mas de todo um complexo e imenso sistema. \u00c9 necess\u00e1rio ser amoroso e gentil consigo mesma\/o durante o percurso para que a terapia siga o fluxo que tenha que seguir, e que seja sempre com amor&#8221;, aconselha Morgana.<\/p>\n<p><em>Abaixo, Morgana Maria conta sobre cada uma das terapias oferecidas:\u00a0<\/em><\/p>\n<p><strong>Florais da Amaz\u00f4nia<\/strong><br \/>\nA terapia com os Florais da Amaz\u00f4nia nos permite entrar em contato com o campo sutil da Floresta, e quando este encontro acontece, um caminho de transforma\u00e7\u00e3o se inicia. Nesta caminhada terap\u00eautica, ao entrarmos em contato com o campo de consci\u00eancia das flores, aprenderemos como acessar e resgatar nossa sa\u00fade integral, ativando frequ\u00eancias mais elevadas de nosso campo, que por algum motivo estavam bloqueadas e estagnadas, possibilitando profundos processos de transforma\u00e7\u00e3o e de autoconhecimento.<\/p>\n<p>A principal atua\u00e7\u00e3o dos Florais est\u00e1 na supera\u00e7\u00e3o de desequil\u00edbrios emocionais, mentais, traumas e psicossomatiza\u00e7\u00f5es. \u00c9 a abertura de um caminho de autodescoberta e de muita beleza se nos colocamos dispon\u00edveis e acess\u00edveis ao trabalho das flores. Um presente da Floresta M\u00e3e \u00e0s filhas e filhos da Terra. Os Florais da Amaz\u00f4nia n\u00e3o possuem princ\u00edpio ativo bioqu\u00edmico, portanto, n\u00e3o t\u00eam efeitos colaterais.<\/p>\n<p><strong>Reiki<\/strong><br \/>\n\u00c9 uma Terapia Natural, Integrativa e Complementar de Sa\u00fade que promove sa\u00fade e bem-estar para todos os seres.<br \/>\nO Reiki \u00e9 aplicado sobre o corpo com um suave toque das m\u00e3os. Por sua atua\u00e7\u00e3o abrangente e revitalizante, tanto recupera como mant\u00e9m a sa\u00fade de quem o recebe. N\u00e3o h\u00e1 contraindica\u00e7\u00f5es e tem sido muito eficiente em tratamentos complementares de diversos tipos de patologias.<\/p>\n<p>Os benef\u00edcios do Reiki variam de uma pessoa a outra, e dentre alguns podemos citar: relaxamento, bem-estar, al\u00edvio de dores f\u00edsicas e emocionais; auxilia em tratamentos para ansiedade, depress\u00e3o, ins\u00f4nia, entre outros. Por ser um m\u00e9todo que trata o ser de forma integral, o Reiki tamb\u00e9m proporciona um caminho de autoconhecimento, trazendo mais clareza e acolhimento diante de momentos de dificuldade, estimulando atitudes mais construtivas e equilibradas \u00e0 sua rotina, promovendo, assim, crescimento, desenvolvimento pessoal e amplia\u00e7\u00e3o da consci\u00eancia.<\/p>\n<p><strong>Arteterapia<\/strong><br \/>\nA Arteterapia \u00e9 um m\u00e9todo criativo no qual utilizamos as linguagens art\u00edsticas como recurso terap\u00eautico com o prop\u00f3sito de nos tornarmos conscientes de quem somos, e, assim, possamos encontrar solu\u00e7\u00f5es criativas e integradas para lidarmos melhor com o sofrimento e nossas limita\u00e7\u00f5es.<\/p>\n<p>Por meio do processo criativo podemos reconciliar conflitos emocionais, seguindo por um caminho de autoconhecimento, crescimento e desenvolvimento pessoal. As imagens que criamos em um ateli\u00ea arteterap\u00eautico n\u00e3o s\u00e3o focadas na t\u00e9cnica, e sim na express\u00e3o livre. A imagem livremente criada traz uma forte energia ps\u00edquica, com conte\u00fados de dimens\u00f5es arquet\u00edpicas e simb\u00f3licas residentes em nosso inconsciente, tornando-se uma ponte entre o interior e o exterior ( inconsciente\/consciente ) da\/do cliente, formalizando um di\u00e1logo criativo e curativo consigo mesmo\/a.<\/p>\n<p>Muitas vezes n\u00e3o nos damos conta do que acontece conosco interiormente e ao nos depararmos com uma imagem que acabamos de criar, algo se revela. \u00c9 de fato uma mensagem que recebemos de n\u00f3s mesmos, de nossa psique sobre como estamos, quem somos e o que podemos ser.<\/p>\n<p>Al\u00e9m disso, proporciona melhora na comunica\u00e7\u00e3o e elabora\u00e7\u00e3o dos sentimentos, amplia a criatividade, desperta talentos, diminui estresse e ansiedade, eleva a autoestima e ainda contribui para a concentra\u00e7\u00e3o. A Arteterapia \u00e9 um convite ao mergulho em nosso interior para que possamos aos poucos integrar e reunir tudo aquilo que somos!<\/p>\n<p>SOBRE A TERAPEUTA<br \/>\n<strong>Morgana Maria<\/strong>\u00a0integra nos atendimentos e viv\u00eancias terap\u00eauticas seus saberes como arte-educadora, arteterapeuta, mestre em Reiki, terapeuta Floral e consteladora Sist\u00eamica. Estuda ervas, \u00f3leos essenciais e cria produtos fitoelaborados na <a href=\"http:\/\/portalfloresnoar.com\/guiafloresnoar\/flor-da-mata-alquimias\/\" target=\"_blank\" rel=\"noopener\">Flor da Mata Alquimias &#8211; produtos naturais e artesanais<\/a>.<\/p>\n<p><strong>Valor da sess\u00e3o on-line:<\/strong> R$ 80,00<br \/>\n<strong>Valor da sess\u00e3o presencial (em Garanhuns):<\/strong> R$ 120<br \/>\n<em><strong>Obs.:<\/strong> Valores sociais a combinar com a terapeuta.<\/em><\/p>\n<p><strong>AGENDAMENTOS E MAIS INFORMA\u00c7\u00d5ES<\/strong><br \/>\n(81) 998253988 (WhatsApp) \/ (87) 988438093<br \/>\n<a href=\"https:\/\/www.instagram.com\/morganamarianb\/\" target=\"_blank\" rel=\"noopener\">@morganamarianb<\/a> (Instagram)<\/p>\n","protected":false},"excerpt":{"rendered":"<p>A terapeuta Integrativa Morgana Maria est\u00e1 oferecendo, em Garanhuns\/PE, e tamb\u00e9m de modo on-line, atendimentos com Arteterapia, Florais da Amaz\u00f4nia e Reiki Usui e Tibetano.\u00a0A sess\u00e3o dura em m\u00e9dia uma hora e \u00e9 voltada para jovens, adultas (os) e idosas (os). A terapeuta ressalta\u00a0que para se obter \u00eaxito em um processo terap\u00eautico \u00e9 necess\u00e1rio antes [&hellip;]<\/p>\n","protected":false},"author":1,"featured_media":39831,"comment_status":"open","ping_status":"open","sticky":false,"template":"","format":"standard","meta":{"om_disable_all_campaigns":false,"_monsterinsights_skip_tracking":false,"_monsterinsights_sitenote_active":false,"_monsterinsights_sitenote_note":"","_monsterinsights_sitenote_category":0,"footnotes":""},"categories":[8,214],"tags":[34,325,279,569,37,435],"acf":[],"publishpress_future_action":{"enabled":false,"date":"1969-12-31 21:00:00","action":"","terms":[],"taxonomy":"","browser_timezone_offset":0},"_links":{"self":[{"href":"https:\/\/portalfloresnoar.com\/floresnoar\/wp-json\/wp\/v2\/posts\/40757"}],"collection":[{"href":"https:\/\/portalfloresnoar.com\/floresnoar\/wp-json\/wp\/v2\/posts"}],"about":[{"href":"https:\/\/portalfloresnoar.com\/floresnoar\/wp-json\/wp\/v2\/types\/post"}],"author":[{"embeddable":true,"href":"https:\/\/portalfloresnoar.com\/floresnoar\/wp-json\/wp\/v2\/users\/1"}],"replies":[{"embeddable":true,"href":"https:\/\/portalfloresnoar.com\/floresnoar\/wp-json\/wp\/v2\/comments?post=40757"}],"version-history":[{"count":0,"href":"https:\/\/portalfloresnoar.com\/floresnoar\/wp-json\/wp\/v2\/posts\/40757\/revisions"}],"wp:featuredmedia":[{"embeddable":true,"href":"https:\/\/portalfloresnoar.com\/floresnoar\/wp-json\/wp\/v2\/media\/39831"}],"wp:attachment":[{"href":"https:\/\/portalfloresnoar.com\/floresnoar\/wp-json\/wp\/v2\/media?parent=40757"}],"wp:term":[{"taxonomy":"category","embeddable":true,"href":"https:\/\/portalfloresnoar.com\/floresnoar\/wp-json\/wp\/v2\/categories?post=40757"},{"taxonomy":"post_tag","embeddable":true,"href":"https:\/\/portalfloresnoar.com\/floresnoar\/wp-json\/wp\/v2\/tags?post=40757"}],"curies":[{"name":"wp","href":"https:\/\/api.w.org\/{rel}","templated":true}]}}