

{"id":40739,"date":"2021-07-07T11:26:48","date_gmt":"2021-07-07T14:26:48","guid":{"rendered":"http:\/\/portalfloresnoar.com\/floresnoar\/?p=40739"},"modified":"2022-01-11T10:53:54","modified_gmt":"2022-01-11T13:53:54","slug":"agenda-encontro-on-line-gratuito-da-mentoria-terapeuta-empreendedor-dia-1001","status":"publish","type":"post","link":"https:\/\/portalfloresnoar.com\/floresnoar\/agenda-encontro-on-line-gratuito-da-mentoria-terapeuta-empreendedor-dia-1001\/","title":{"rendered":"[AGENDA] Encontro on-line gratuito da &#8216;Mentoria Terapeuta Empreendedor&#8217;, dia 10\/01"},"content":{"rendered":"<p><img decoding=\"async\" loading=\"lazy\" class=\"aligncenter wp-image-40741\" src=\"http:\/\/portalfloresnoar.com\/floresnoar\/wp-content\/uploads\/2022\/01\/mentoria-online-terapeuta-empreendedor-700x700.jpeg\" alt=\"\" width=\"568\" height=\"568\" srcset=\"https:\/\/portalfloresnoar.com\/floresnoar\/wp-content\/uploads\/2022\/01\/mentoria-online-terapeuta-empreendedor-700x700.jpeg 700w, https:\/\/portalfloresnoar.com\/floresnoar\/wp-content\/uploads\/2022\/01\/mentoria-online-terapeuta-empreendedor-150x150.jpeg 150w, https:\/\/portalfloresnoar.com\/floresnoar\/wp-content\/uploads\/2022\/01\/mentoria-online-terapeuta-empreendedor-300x300.jpeg 300w, https:\/\/portalfloresnoar.com\/floresnoar\/wp-content\/uploads\/2022\/01\/mentoria-online-terapeuta-empreendedor-768x768.jpeg 768w, https:\/\/portalfloresnoar.com\/floresnoar\/wp-content\/uploads\/2022\/01\/mentoria-online-terapeuta-empreendedor-100x100.jpeg 100w, https:\/\/portalfloresnoar.com\/floresnoar\/wp-content\/uploads\/2022\/01\/mentoria-online-terapeuta-empreendedor.jpeg 1080w\" sizes=\"(max-width: 568px) 100vw, 568px\" \/><\/p>\n<p>A psic\u00f3loga, terapeuta integrativa e mentora em Empreendedorismo Sist\u00eamico, Qualidade de Vida e Bem-Estar L\u00eada Nascimento realiza no dia 10 de janeiro de 2022, \u00e0s 20h, um encontro on-line gratuito, via Zoom, para apresentar a &#8216;Mentoria Terapeuta Empreendedor&#8217;.<\/p>\n<p>Neste come\u00e7o de ano ser\u00e3o abertas tr\u00eas novas turmas da Forma\u00e7\u00e3o e Mentoria Sist\u00eamica \u2018Terapeuta Empreendedor\u2019, voltada exclusivamente para terapeutas e profissionais de sa\u00fade.<\/p>\n<p>O \u2018Terapeuta Empreendedor\u2019 \u00e9 uma jornada sist\u00eamica, onde vivenciaremos quatro m\u00f3dulos (Ser, Perceber, Fazer, Expandir), com o prop\u00f3sito de estruturar e prosperar seu neg\u00f3cio de sa\u00fade (terapias)\u201d, explica L\u00eada.<\/p>\n<p>A Mentoria Terapeuta Empreendedor \u00e9 realizada de forma on-line e off-line. Os encontros on-line s\u00e3o em grupo, ao vivo, conduzidos pela mentora. J\u00e1 a parte off-line envolve as atividades exclusivas a serem realizadas pelo mentorando entre um encontro e outro, no hor\u00e1rio que lhe for conveniente.<\/p>\n<p>Durante todo o programa ser\u00e1 utilizado o m\u00e9todo OPPA (Oportunidade, Prop\u00f3sito, Planejamento e A\u00e7\u00e3o), desenvolvido por L\u00eada Nascimento, com o objetivo de levar o participante da teoria \u00e0 pr\u00e1tica, do real ao ideal, favorecendo a aplica\u00e7\u00e3o dos resultados em sua vida.<\/p>\n<p><em><strong>Datas e hor\u00e1rios das novas turmas da Mentoria Terapeuta Empreendedor:<\/strong><\/em><\/p>\n<p><strong>Turma 7:<\/strong> 26\/01\/2022 &#8211; das 19h \u00e0s 22h<br \/>\n<strong>Turma 8:<\/strong> 31\/01\/2022 &#8211; das 15h \u00e0s 18h<br \/>\n<strong>Turma 9:<\/strong> 09\/02\/2022 &#8211; das 9h \u00e0s 12h<\/p>\n<p><strong>Quem quiser conhecer mais a proposta e tirar d\u00favidas, pode entrar no grupo de WhatsApp:<\/strong>\u00a0<a href=\"https:\/\/chat.whatsapp.com\/H3h8spBUlxNA4O7gGUra1q\" target=\"_blank\" rel=\"noopener\">https:\/\/chat.whatsapp.com\/H3h8spBUlxNA4O7gGUra1q<\/a><\/p>\n<p><strong>Para fazer a pr\u00e9-inscri\u00e7\u00e3o na\u00a0Mentoria Terapeuta Empreendedor, acesse o link:\u00a0<\/strong> <a href=\"https:\/\/forms.gle\/6mD6HyAWe7uGVCvh7\" target=\"_blank\" rel=\"noopener\">https:\/\/forms.gle\/6mD6HyAWe7uGVCvh7<\/a><\/p>\n<p>SERVI\u00c7O<br \/>\n<strong>Encontro gratuito da Mentoria Terapeuta Empreendedor<\/strong><br \/>\n<strong>Data:<\/strong> 10\/01\/22<br \/>\n<strong>Hora:<\/strong> 20h<br \/>\n<strong>Local:<\/strong> On-line, ao vivo, via Zoom<\/p>\n<p><strong>Inscri\u00e7\u00f5es para o encontro gratuito, neste link:<\/strong>\u00a0<a href=\"https:\/\/docs.google.com\/forms\/d\/e\/1FAIpQLSeW9apmD8ySr7xqIP0mvReeg6Io87pUPa8CusQgEG0hKQRgTA\/viewform\" target=\"_blank\" rel=\"noopener\">https:\/\/docs.google.com\/forms\/d\/e\/1FAIpQLSeW9apmD8ySr7xqIP0mvReeg6Io87pUPa8CusQgEG0hKQRgTA\/viewform<\/a><\/p>\n<p>MAIS INFORMA\u00c7\u00d5ES<br \/>\n<strong>WhatsApp:<\/strong> (61) 9.8296-3668 | (81) 9.8703-9554<br \/>\n<strong>Instagram:<\/strong> <a href=\"https:\/\/www.instagram.com\/girassolinstituto.terapeutico\/\" target=\"_blank\" rel=\"noopener\">@girassolinstituto.terapeutico<\/a><\/p>\n","protected":false},"excerpt":{"rendered":"<p>A psic\u00f3loga, terapeuta integrativa e mentora em Empreendedorismo Sist\u00eamico, Qualidade de Vida e Bem-Estar L\u00eada Nascimento realiza no dia 10 de janeiro de 2022, \u00e0s 20h, um encontro on-line gratuito, via Zoom, para apresentar a &#8216;Mentoria Terapeuta Empreendedor&#8217;. Neste come\u00e7o de ano ser\u00e3o abertas tr\u00eas novas turmas da Forma\u00e7\u00e3o e Mentoria Sist\u00eamica \u2018Terapeuta Empreendedor\u2019, voltada [&hellip;]<\/p>\n","protected":false},"author":1,"featured_media":40742,"comment_status":"open","ping_status":"open","sticky":false,"template":"","format":"standard","meta":{"om_disable_all_campaigns":false,"_monsterinsights_skip_tracking":false,"_monsterinsights_sitenote_active":false,"_monsterinsights_sitenote_note":"","_monsterinsights_sitenote_category":0,"footnotes":""},"categories":[8,214],"tags":[463,1069,281],"acf":[],"publishpress_future_action":{"enabled":false,"date":"1969-12-31 21:00:00","action":"","terms":[],"taxonomy":"","browser_timezone_offset":0},"_links":{"self":[{"href":"https:\/\/portalfloresnoar.com\/floresnoar\/wp-json\/wp\/v2\/posts\/40739"}],"collection":[{"href":"https:\/\/portalfloresnoar.com\/floresnoar\/wp-json\/wp\/v2\/posts"}],"about":[{"href":"https:\/\/portalfloresnoar.com\/floresnoar\/wp-json\/wp\/v2\/types\/post"}],"author":[{"embeddable":true,"href":"https:\/\/portalfloresnoar.com\/floresnoar\/wp-json\/wp\/v2\/users\/1"}],"replies":[{"embeddable":true,"href":"https:\/\/portalfloresnoar.com\/floresnoar\/wp-json\/wp\/v2\/comments?post=40739"}],"version-history":[{"count":0,"href":"https:\/\/portalfloresnoar.com\/floresnoar\/wp-json\/wp\/v2\/posts\/40739\/revisions"}],"wp:featuredmedia":[{"embeddable":true,"href":"https:\/\/portalfloresnoar.com\/floresnoar\/wp-json\/wp\/v2\/media\/40742"}],"wp:attachment":[{"href":"https:\/\/portalfloresnoar.com\/floresnoar\/wp-json\/wp\/v2\/media?parent=40739"}],"wp:term":[{"taxonomy":"category","embeddable":true,"href":"https:\/\/portalfloresnoar.com\/floresnoar\/wp-json\/wp\/v2\/categories?post=40739"},{"taxonomy":"post_tag","embeddable":true,"href":"https:\/\/portalfloresnoar.com\/floresnoar\/wp-json\/wp\/v2\/tags?post=40739"}],"curies":[{"name":"wp","href":"https:\/\/api.w.org\/{rel}","templated":true}]}}