

{"id":40649,"date":"2021-09-07T08:33:25","date_gmt":"2021-09-07T11:33:25","guid":{"rendered":"http:\/\/portalfloresnoar.com\/floresnoar\/?p=40649"},"modified":"2022-01-17T11:14:33","modified_gmt":"2022-01-17T14:14:33","slug":"agenda-empreendedorismo-pessoal-e-tema-foco-do-programa-re-conecta-que-acontece-em-janeiro","status":"publish","type":"post","link":"https:\/\/portalfloresnoar.com\/floresnoar\/agenda-empreendedorismo-pessoal-e-tema-foco-do-programa-re-conecta-que-acontece-em-janeiro\/","title":{"rendered":"[AGENDA] Empreendedorismo Pessoal \u00e9 tema foco do &#8216;Programa Re Conecta&#8217; que acontece em janeiro"},"content":{"rendered":"<p><img decoding=\"async\" loading=\"lazy\" class=\"wp-image-40650 aligncenter\" src=\"http:\/\/portalfloresnoar.com\/floresnoar\/wp-content\/uploads\/2021\/12\/programa-reconecta-700x700.jpeg\" alt=\"\" width=\"552\" height=\"552\" srcset=\"https:\/\/portalfloresnoar.com\/floresnoar\/wp-content\/uploads\/2021\/12\/programa-reconecta-700x700.jpeg 700w, https:\/\/portalfloresnoar.com\/floresnoar\/wp-content\/uploads\/2021\/12\/programa-reconecta-150x150.jpeg 150w, https:\/\/portalfloresnoar.com\/floresnoar\/wp-content\/uploads\/2021\/12\/programa-reconecta-300x300.jpeg 300w, https:\/\/portalfloresnoar.com\/floresnoar\/wp-content\/uploads\/2021\/12\/programa-reconecta-768x768.jpeg 768w, https:\/\/portalfloresnoar.com\/floresnoar\/wp-content\/uploads\/2021\/12\/programa-reconecta-100x100.jpeg 100w, https:\/\/portalfloresnoar.com\/floresnoar\/wp-content\/uploads\/2021\/12\/programa-reconecta.jpeg 1080w\" sizes=\"(max-width: 552px) 100vw, 552px\" \/><\/p>\n<p>O Girassol Instituto de Pr\u00e1ticas Integrativas realiza, nos dias 15 e 16 de janeiro de 2022, o &#8216;Re Conecta&#8217;, programa de Desenvolvimento Pessoal Sist\u00eamico, facilitado pela psic\u00f3loga e mestra em Comportamento L\u00eada Nascimento. O\u00a0encontro acontecer\u00e1 de forma h\u00edbrida. Dessa forma, os participantes podem optar por participar presencialmente, em Bras\u00edlia\/DF, ou on-line, via plataforma de videoconfer\u00eancia.<\/p>\n<p>O objetivo do programa \u00e9 despertar a conex\u00e3o com o empreendedorismo pessoal, facilitando a transforma\u00e7\u00e3o dos padr\u00f5es e cren\u00e7as em for\u00e7as e oportunidades.<\/p>\n<p>Segundo a psic\u00f3loga, durante o programa o participante \u00e9 convidado a mergulhar nas suas origens, de onde veio e para onde deseja ir, considerando principalmente os seus pilares de for\u00e7a f\u00edsica\/material, emocional\/intelectual e espiritual\/expans\u00e3o da consci\u00eancia. \u201cAbordaremos tamb\u00e9m reflex\u00f5es, mudan\u00e7as de padr\u00f5es e reconhecimento de sua caminhada, de forma sist\u00eamica e integrativa. Ser\u00e1 uma viagem ao passado, uma rever\u00eancia ao presente e uma expans\u00e3o ao futuro\u201d.<\/p>\n<p>\u201cS\u00f3 a pr\u00f3pria pessoa sabe o caminho que dever\u00e1 seguir para encontrar e realizar seus sonhos. E \u00e9 por isso que o programa utiliza o m\u00e9todo OPPA (Oportunidade, Prop\u00f3sito, Planejamento e A\u00e7\u00e3o), que foi desenvolvido especialmente para identifica\u00e7\u00e3o das ferramentas que facilita a cria\u00e7\u00e3o dos pr\u00f3prios passos, possibilitando a concretiza\u00e7\u00e3o das ideias, de maneira leve, profunda e transformadora\u201d, explica L\u00eada.<\/p>\n<p>\u201cO meu prop\u00f3sito maior em tocar as pessoas com o tema do Empreendedorismo Pessoal \u00e9 por acreditar que somos seres sist\u00eamicos e temos um prop\u00f3sito de vida e na vida, e quando conseguimos nos conectar com ele, a vida flui naturalmente e encontramos a felicidade\u201d, declara.<\/p>\n<p><b>DATA<\/b><br \/>\n15 e 16\/01\/22<\/p>\n<p><strong>LOCAL<\/strong><br \/>\n&#8211; On-line, via plataforma de videoconfer\u00eancia<br \/>\n&#8211; Presencialmente -SGAN 914, M\u00f3dulo F, casa 13, Condom\u00ednio Aldeias SOS &#8211; Asa Norte, Bras\u00edlia<\/p>\n<p>INVESTIMENTO<\/p>\n<p><strong>Modalidade Presencial<\/strong><\/p>\n<p>PRIMEIRO LOTE \u2013\u00a0inscri\u00e7\u00f5es at\u00e9 25\/12\/21 (Desconto de 50% aplicado no valor total)<br \/>\n\u00c0 vista R$ 640,00, ou 12 parcelas de R$ 64,00, ou 06 parcelas de R$ 106,67<\/p>\n<p>SEGUNDO LOTE \u2013\u00a0inscri\u00e7\u00f5es at\u00e9 30\/12\/2021 (Desconto de 30% aplicado no valor total)<br \/>\n\u00c0 vista R$ 657,00, ou 12 parcelas de R$ 73,00, ou 06 parcelas de R$ 121,67<\/p>\n<p>TERCEIRO LOTE \u2013\u00a0inscri\u00e7\u00f5es at\u00e9 05\/01\/2022 (Desconto de 10% aplicado no valor total)<br \/>\n\u00c0 vista R$ 738,00, ou 12 parcelas de R$ 82,00, ou 06 parcelas de R$ 136,67<\/p>\n<p><em>Obs.: desconto especial para clientes e parceiros.<\/em><\/p>\n<p><strong>Modalidade On-line<\/strong><\/p>\n<p>PRIMEIRO LOTE \u2013\u00a0inscri\u00e7\u00f5es at\u00e9 25\/12\/21 (Desconto de 50% aplicado no valor total)<br \/>\n\u00c0 vista R$ 320,00, ou 12 parcelas de R$ 32,00, ou 06 parcelas de R$ 56,67<\/p>\n<p>SEGUNDO LOTE \u2013\u00a0inscri\u00e7\u00f5es at\u00e9 30\/12\/2021 (Desconto de 30% aplicado no valor total)<br \/>\n\u00c0 vista R$ 328,50, ou 12 parcelas de R$ 43,00, ou 06 parcelas de R$ 71,67<\/p>\n<p>TERCEIRO LOTE \u2013\u00a0inscri\u00e7\u00f5es at\u00e9 05\/01\/2022 (Desconto de 10% aplicado no valor total)<br \/>\n\u00c0 vista R$ 369,00, ou 12 parcelas de R$ 42,00, ou 06 parcelas de R$ 68,67<\/p>\n<p><em>Obs.: desconto especial para clientes e parceiros.<\/em><\/p>\n<p><strong>INSCRI\u00c7\u00d5ES E OUTRAS INFORMA\u00c7\u00d5ES:<\/strong> <a href=\"https:\/\/forms.gle\/nEicBxNnFzcXEnQB9\" target=\"_blank\" rel=\"noopener\">https:\/\/forms.gle\/nEicBxNnFzcXEnQB9<\/a><\/p>\n<p><strong>CONTATOS<\/strong><br \/>\n(61) 9.8296-3668<br \/>\n(81) 9.8703-9554<br \/>\nInstagram: <a href=\"https:\/\/www.instagram.com\/girassolinstituto.terapeutico\/\" target=\"_blank\" rel=\"noopener\">@girassolinstituto.terapeutico<\/a><\/p>\n","protected":false},"excerpt":{"rendered":"<p>O Girassol Instituto de Pr\u00e1ticas Integrativas realiza, nos dias 15 e 16 de janeiro de 2022, o &#8216;Re Conecta&#8217;, programa de Desenvolvimento Pessoal Sist\u00eamico, facilitado pela psic\u00f3loga e mestra em Comportamento L\u00eada Nascimento. O\u00a0encontro acontecer\u00e1 de forma h\u00edbrida. Dessa forma, os participantes podem optar por participar presencialmente, em Bras\u00edlia\/DF, ou on-line, via plataforma de videoconfer\u00eancia. [&hellip;]<\/p>\n","protected":false},"author":1,"featured_media":40651,"comment_status":"open","ping_status":"open","sticky":false,"template":"","format":"standard","meta":{"om_disable_all_campaigns":false,"_monsterinsights_skip_tracking":false,"_monsterinsights_sitenote_active":false,"_monsterinsights_sitenote_note":"","_monsterinsights_sitenote_category":0,"footnotes":""},"categories":[8,337],"tags":[463,1069],"acf":[],"publishpress_future_action":{"enabled":false,"date":"1969-12-31 21:00:00","action":"","terms":[],"taxonomy":"","browser_timezone_offset":0},"_links":{"self":[{"href":"https:\/\/portalfloresnoar.com\/floresnoar\/wp-json\/wp\/v2\/posts\/40649"}],"collection":[{"href":"https:\/\/portalfloresnoar.com\/floresnoar\/wp-json\/wp\/v2\/posts"}],"about":[{"href":"https:\/\/portalfloresnoar.com\/floresnoar\/wp-json\/wp\/v2\/types\/post"}],"author":[{"embeddable":true,"href":"https:\/\/portalfloresnoar.com\/floresnoar\/wp-json\/wp\/v2\/users\/1"}],"replies":[{"embeddable":true,"href":"https:\/\/portalfloresnoar.com\/floresnoar\/wp-json\/wp\/v2\/comments?post=40649"}],"version-history":[{"count":0,"href":"https:\/\/portalfloresnoar.com\/floresnoar\/wp-json\/wp\/v2\/posts\/40649\/revisions"}],"wp:featuredmedia":[{"embeddable":true,"href":"https:\/\/portalfloresnoar.com\/floresnoar\/wp-json\/wp\/v2\/media\/40651"}],"wp:attachment":[{"href":"https:\/\/portalfloresnoar.com\/floresnoar\/wp-json\/wp\/v2\/media?parent=40649"}],"wp:term":[{"taxonomy":"category","embeddable":true,"href":"https:\/\/portalfloresnoar.com\/floresnoar\/wp-json\/wp\/v2\/categories?post=40649"},{"taxonomy":"post_tag","embeddable":true,"href":"https:\/\/portalfloresnoar.com\/floresnoar\/wp-json\/wp\/v2\/tags?post=40649"}],"curies":[{"name":"wp","href":"https:\/\/api.w.org\/{rel}","templated":true}]}}