

{"id":40617,"date":"2021-06-01T17:55:53","date_gmt":"2021-06-01T20:55:53","guid":{"rendered":"http:\/\/portalfloresnoar.com\/floresnoar\/?p=40617"},"modified":"2021-12-13T17:44:08","modified_gmt":"2021-12-13T20:44:08","slug":"agenda-pe-workshop-sindrome-do-final-do-ano-dia-0712-no-recife","status":"publish","type":"post","link":"https:\/\/portalfloresnoar.com\/floresnoar\/agenda-pe-workshop-sindrome-do-final-do-ano-dia-0712-no-recife\/","title":{"rendered":"[AGENDA PE] Workshop &#8216;S\u00edndrome do Final do Ano&#8217;, dia 07\/12, no Recife"},"content":{"rendered":"<p><img decoding=\"async\" loading=\"lazy\" class=\"aligncenter wp-image-40618\" src=\"http:\/\/portalfloresnoar.com\/floresnoar\/wp-content\/uploads\/2021\/12\/sindrome-do-final-de-ano-700x682.jpg\" alt=\"\" width=\"617\" height=\"601\" srcset=\"https:\/\/portalfloresnoar.com\/floresnoar\/wp-content\/uploads\/2021\/12\/sindrome-do-final-de-ano-700x682.jpg 700w, https:\/\/portalfloresnoar.com\/floresnoar\/wp-content\/uploads\/2021\/12\/sindrome-do-final-de-ano-300x292.jpg 300w, https:\/\/portalfloresnoar.com\/floresnoar\/wp-content\/uploads\/2021\/12\/sindrome-do-final-de-ano-768x748.jpg 768w, https:\/\/portalfloresnoar.com\/floresnoar\/wp-content\/uploads\/2021\/12\/sindrome-do-final-de-ano.jpg 1080w\" sizes=\"(max-width: 617px) 100vw, 617px\" \/><\/p>\n<p>De acordo com os profissionais de sa\u00fade, quando chega a \u00e9poca do Natal e Ano Novo \u00e9 observado um fen\u00f4meno<br \/>\nrelacionado ao aumento dos casos de ansiedade e depress\u00e3o. Para abordar o assunto, a m\u00e9dica Fl\u00e1via Goldmann e a psic\u00f3loga Nat\u00e1lia Tavares realizar\u00e3o, no dia 7 de dezembro de 2021 (ter\u00e7a-feira), \u00e0s 19h15, o &#8216;Workshop S\u00edndrome de Final de Ano &#8211; N\u00e3o deixe a ansiedade e a depress\u00e3o baterem a sua porta&#8217;.<\/p>\n<p>O Worshop tem como objetivo sensibilizar os participantes para a busca do empoderamento<br \/>\nemocional, enfocando as mudan\u00e7as comportamentais que os auxiliem a lidar com a S\u00edndrome de<br \/>\nFinal de Ano, bem como sinalizar a import\u00e2ncia de um tratamento adequado. O encontro \u00e9 voltado<br \/>\na todas as pessoas que se sentirem tocadas com a tem\u00e1tica.<\/p>\n<p>Conhecida tamb\u00e9m por &#8216;Dezembrite&#8217;, a Sindrome do Final de Ano\u00a0se caracteriza por um conjunto de<br \/>\nsintomas f\u00edsicos e psicol\u00f3gicos que acometem a pessoa no m\u00eas de dezembro, e que quando s\u00e3o<br \/>\nintensos e persistentes necessitam de aten\u00e7\u00e3o e tratamento adequado.\u00a0Os sintomas mais presentes s\u00e3o: depress\u00e3o, ansiedade, p\u00e2nico, ins\u00f4nia, falta de energia e de tempo,<em> burnout<\/em>, fadiga da decis\u00e3o.<\/p>\n<p>&#8220;Diante desse cen\u00e1rio e na perspectiva do final de um per\u00edodo de isolamento, onde vivenciamos muitas ang\u00fastias e medos devido \u00e0 pandemia, a S\u00edndrome de Final de Ano tem uma conota\u00e7\u00e3o muito relevante para a sa\u00fade mental. Muitos planos foram suspensos, e pode ser ainda mais angustiante fazer o tradicional balan\u00e7o do ano neste momento.<span style=\"letter-spacing: 0em;\">\u00a0E se para quem n\u00e3o tem quadros ansiosos<\/span> ou depressivos a \u00e9poca \u00e9 dif\u00edcil, para as pessoas que enfrentam transtornos como depress\u00e3o e ansiedade a situa\u00e7\u00e3o se agrava ainda mais&#8221;, enfatizam as facilitadoras do workshop, ressaltando que neste per\u00edodo de balan\u00e7o, as\u00a0autocobran\u00e7as s\u00e3o in\u00fameras. &#8220;S\u00e3o infinitas quest\u00f5es e sentimentos que v\u00eam \u00e0 tona\u00a0e, diante desses pensamentos, a autorreflex\u00e3o se torna uma importante ferramenta contra a tirania dos &#8216;teres&#8217; e &#8216;deveres&#8217; a que nos obrigamos sem nem sabermos porqu\u00ea.&#8221;<\/p>\n<p>PROGRAMA\u00c7\u00c3O<\/p>\n<p><img decoding=\"async\" loading=\"lazy\" class=\"aligncenter wp-image-40619\" src=\"http:\/\/portalfloresnoar.com\/floresnoar\/wp-content\/uploads\/2021\/12\/programacao.png\" alt=\"\" width=\"593\" height=\"190\" srcset=\"https:\/\/portalfloresnoar.com\/floresnoar\/wp-content\/uploads\/2021\/12\/programacao.png 635w, https:\/\/portalfloresnoar.com\/floresnoar\/wp-content\/uploads\/2021\/12\/programacao-300x96.png 300w\" sizes=\"(max-width: 593px) 100vw, 593px\" \/><\/p>\n<p>SOBRE AS FACILITADORAS<\/p>\n<p><strong>Fl\u00e1via Goldmann<\/strong> &#8211; M\u00e9dica, com Resid\u00eancia M\u00e9dica Geriatria Reuchliniano Giengen an der Brenz Hospital acad\u00eamico da Universidade de Ulm (Alemanha 2003-2007); Resid\u00eancia M\u00e9dica de Medicina Interna Krankenhaus Lindau am Bodensee\/Agaplesio Klinik, Akademisches Lehrkrankenhaus da<br \/>\nUniversidade dev Munique, Alemanha (2007-2011); preceptora de Resid\u00eancia M\u00e9dica de Geriatria<br \/>\ndo Real Hospital Portugu\u00eas de Benefic\u00eancia em Pernambuco (2011-2019), Resid\u00eancia M\u00e9dica<br \/>\nMedicina Interna e Medicina Psicossom\u00e1tica (2017-2018); Mutterhaus Klinik Nord Hospital<br \/>\nAcademico da Universidade de Mainz. Atua no Hospital Eduardo Campos da Pessoa Idosa, \u00e9 presidente da Associa\u00e7\u00e3o Brasileira de Alzheimer &#8211; Regional Pernambuco, p\u00f3s-graduanda em Terapia Cognitivo Comportamental (2020), e diretora do grupo Sa\u00fade in Verdi, setores de Psicossom\u00e1tica e Medicina da Floresta na Mata Atl\u00e2ntica em Pernambuco.<\/p>\n<p><strong>Nat\u00e1lia Tavares<\/strong> &#8211; Psic\u00f3loga Cl\u00ednica, Hospitalar e Organizacional, especializanda em<br \/>\nTerapia Cognitivo Comportamental, estudiosa da Psicofilosofia Huna &#8211; Crian\u00e7a Interior, realiza<br \/>\nPr\u00e1ticas Meditativas, ministra cursos e palestras em Desenvolvimento Humano. Atua no<br \/>\nMinist\u00e9rio P\u00fablico de Pernambuco, Gerente da Divis\u00e3o Ministerial de Apoio e Acompanhamento<br \/>\ndo Departamento de Sa\u00fade. \u00c9 coordenadora da Psicossom\u00e1tica do grupo Sa\u00fade in Verdi, da Terapia da Floresta e atua tamb\u00e9m em consult\u00f3rio particular, com foco no atendimento de adultos e pessoas idosas. \u00c9 psic\u00f3loga volunt\u00e1ria do Comit\u00ea Cient\u00edfico da Associa\u00e7\u00e3o Brasileira de Alzheimer \u2013 Regional Pernambuco-ABRAz.<\/p>\n<p>SERVI\u00c7O<br \/>\n<strong>&#8216;Workshop S\u00edndrome de Final de Ano &#8211; N\u00e3o deixe a ansiedade e a depress\u00e3o baterem a sua porta&#8217;<\/strong><br \/>\n<strong>Data:<\/strong> 07\/12\/2021 (ter\u00e7a-feira)<br \/>\n<strong>Hora:<\/strong> 19h15<br \/>\n<strong>Local:<\/strong> Audit\u00f3rio do Hospital Maria Lucinda &#8211; Av. Parnamirim, 95, Paranmirim, Recife\/PE<br \/>\n<strong>Investimento:<\/strong> R$ 60,00 (pagamento atrav\u00e9s do PIX: 06265490435 (CPF)<\/p>\n<p><strong>INSCRI\u00c7\u00d5ES E MAIS INFORMA\u00c7\u00d5ES<\/strong><br \/>\n<strong>WhatsApp:<\/strong> (81) 99999.0357 \/ (81) 98877.0371<br \/>\n<strong>E-mail:<\/strong> saudeinverdi@gmail.com<\/p>\n","protected":false},"excerpt":{"rendered":"<p>De acordo com os profissionais de sa\u00fade, quando chega a \u00e9poca do Natal e Ano Novo \u00e9 observado um fen\u00f4meno relacionado ao aumento dos casos de ansiedade e depress\u00e3o. Para abordar o assunto, a m\u00e9dica Fl\u00e1via Goldmann e a psic\u00f3loga Nat\u00e1lia Tavares realizar\u00e3o, no dia 7 de dezembro de 2021 (ter\u00e7a-feira), \u00e0s 19h15, o &#8216;Workshop [&hellip;]<\/p>\n","protected":false},"author":1,"featured_media":40621,"comment_status":"open","ping_status":"open","sticky":false,"template":"","format":"standard","meta":{"om_disable_all_campaigns":false,"_monsterinsights_skip_tracking":false,"_monsterinsights_sitenote_active":false,"_monsterinsights_sitenote_note":"","_monsterinsights_sitenote_category":0,"footnotes":""},"categories":[8,214],"tags":[715,612,1077,1020,515],"acf":[],"publishpress_future_action":{"enabled":false,"date":"1969-12-31 21:00:00","action":"","terms":[],"taxonomy":"","browser_timezone_offset":0},"_links":{"self":[{"href":"https:\/\/portalfloresnoar.com\/floresnoar\/wp-json\/wp\/v2\/posts\/40617"}],"collection":[{"href":"https:\/\/portalfloresnoar.com\/floresnoar\/wp-json\/wp\/v2\/posts"}],"about":[{"href":"https:\/\/portalfloresnoar.com\/floresnoar\/wp-json\/wp\/v2\/types\/post"}],"author":[{"embeddable":true,"href":"https:\/\/portalfloresnoar.com\/floresnoar\/wp-json\/wp\/v2\/users\/1"}],"replies":[{"embeddable":true,"href":"https:\/\/portalfloresnoar.com\/floresnoar\/wp-json\/wp\/v2\/comments?post=40617"}],"version-history":[{"count":0,"href":"https:\/\/portalfloresnoar.com\/floresnoar\/wp-json\/wp\/v2\/posts\/40617\/revisions"}],"wp:featuredmedia":[{"embeddable":true,"href":"https:\/\/portalfloresnoar.com\/floresnoar\/wp-json\/wp\/v2\/media\/40621"}],"wp:attachment":[{"href":"https:\/\/portalfloresnoar.com\/floresnoar\/wp-json\/wp\/v2\/media?parent=40617"}],"wp:term":[{"taxonomy":"category","embeddable":true,"href":"https:\/\/portalfloresnoar.com\/floresnoar\/wp-json\/wp\/v2\/categories?post=40617"},{"taxonomy":"post_tag","embeddable":true,"href":"https:\/\/portalfloresnoar.com\/floresnoar\/wp-json\/wp\/v2\/tags?post=40617"}],"curies":[{"name":"wp","href":"https:\/\/api.w.org\/{rel}","templated":true}]}}