

{"id":40595,"date":"2021-07-02T12:00:36","date_gmt":"2021-07-02T15:00:36","guid":{"rendered":"http:\/\/portalfloresnoar.com\/floresnoar\/?p=40595"},"modified":"2021-12-27T20:32:31","modified_gmt":"2021-12-27T23:32:31","slug":"agenda-jeanne-duarte-oferece-atendimentos-terapeuticos-com-preco-promocional","status":"publish","type":"post","link":"https:\/\/portalfloresnoar.com\/floresnoar\/agenda-jeanne-duarte-oferece-atendimentos-terapeuticos-com-preco-promocional\/","title":{"rendered":"[AGENDA] Jeanne Duarte oferece Atendimentos Terap\u00eauticos com pre\u00e7o promocional"},"content":{"rendered":"<p><img decoding=\"async\" loading=\"lazy\" class=\"wp-image-40596 aligncenter\" src=\"http:\/\/portalfloresnoar.com\/floresnoar\/wp-content\/uploads\/2021\/11\/atendimentos-terapeuticos-recife-700x700.jpeg\" alt=\"\" width=\"575\" height=\"575\" srcset=\"https:\/\/portalfloresnoar.com\/floresnoar\/wp-content\/uploads\/2021\/11\/atendimentos-terapeuticos-recife-700x700.jpeg 700w, https:\/\/portalfloresnoar.com\/floresnoar\/wp-content\/uploads\/2021\/11\/atendimentos-terapeuticos-recife-150x150.jpeg 150w, https:\/\/portalfloresnoar.com\/floresnoar\/wp-content\/uploads\/2021\/11\/atendimentos-terapeuticos-recife-300x300.jpeg 300w, https:\/\/portalfloresnoar.com\/floresnoar\/wp-content\/uploads\/2021\/11\/atendimentos-terapeuticos-recife-768x768.jpeg 768w, https:\/\/portalfloresnoar.com\/floresnoar\/wp-content\/uploads\/2021\/11\/atendimentos-terapeuticos-recife-100x100.jpeg 100w, https:\/\/portalfloresnoar.com\/floresnoar\/wp-content\/uploads\/2021\/11\/atendimentos-terapeuticos-recife.jpeg 1080w\" sizes=\"(max-width: 575px) 100vw, 575px\" \/><\/p>\n<p>A terapeuta integrativa Jeanne Duarte oferece, neste m\u00eas de dezembro, um pacote de atendimentos terap\u00eauticos individuais, on-line, com pre\u00e7o promocional. Intitulado de &#8216;Alinhando o Ser para 2022&#8242;, as sess\u00f5es incluem ferramentas, como:\u00a0ThetaHealing\u00ae, Constela\u00e7\u00f5es Familiares e Florais de Bach.<\/p>\n<p>Jeanne explica que na primeira sess\u00e3o ser\u00e1 trabalhada a libera\u00e7\u00e3o de cren\u00e7as relacionadas a remorsos, rejei\u00e7\u00e3o e ressentimentos (por outros e por si). J\u00e1 no segundo encontro o foco ser\u00e1 na&#8217; Manifesta\u00e7\u00e3o da realidade para 2022&#8242;.<\/p>\n<p>&#8220;Vamos equilibrar nossas emo\u00e7\u00f5es e alinhar nosso Ser para entrar o 2022 mais em paz e com mais reconhecimento de nossas verdadeiras possibilidades de Ser e de Estar!&#8221;, destaca Jeanne.<\/p>\n<p>Ela explica que o seu atendimento tem a caracter\u00edstica de ser integrativo. \u201cCada t\u00e9cnica terap\u00eautica, no fluir do meu atendimento, traz tamb\u00e9m a energia de todas as outras juntas. Mesmo que eu use prioritariamente uma das t\u00e9cnicas terap\u00eauticas, ela traz junto tamb\u00e9m toda a minha forma\u00e7\u00e3o\u201d.<\/p>\n<p>SOBRE A TERAPEUTA<br \/>\n<img decoding=\"async\" loading=\"lazy\" class=\"wp-image-39046 alignleft\" src=\"http:\/\/portalfloresnoar.com\/floresnoar\/wp-content\/uploads\/2021\/01\/jeanne-duarte-thetahealing-300x266@2x.jpg\" sizes=\"(max-width: 165px) 100vw, 165px\" srcset=\"http:\/\/portalfloresnoar.com\/floresnoar\/wp-content\/uploads\/2021\/01\/jeanne-duarte-thetahealing-300x266.jpg 300w, http:\/\/portalfloresnoar.com\/floresnoar\/wp-content\/uploads\/2021\/01\/jeanne-duarte-thetahealing.jpg 544w\" alt=\"\" width=\"165\" height=\"146\" \/><strong>Jeanne Duarte<\/strong>\u00a0\u00e9 terapeuta integrativa, credenciada pela ABRATH \u2013 Associa\u00e7\u00e3o Brasileira de Terapeutas Hol\u00edsticos. \u00c9 instrutora de cursos de ThetaHealing\u00ae (credenciada pelo THINK- ThetaHealing Institute of Knowledge\u00ae \u2013 EUA) e instrutora convidada do Instituto ThetaHealing\u00ae Brasil (Portal Healing). \u00c9 facilitadora de C\u00edrculos de Mulheres do Feminino Sagrado, e oferece tamb\u00e9m atendimentos com Constela\u00e7\u00f5es Familiares (certificada pela Unipaz-Recife-PE) e Florais de Bach (certificada pela HealingHerbs Ltda England- Inglaterra).<\/p>\n<p>&nbsp;<\/p>\n<p>INVESTIMENTO (Pacote com duas sess\u00f5es terap\u00eauticas):<br \/>\nR$ 340,00 (cada sess\u00e3o tem uma hora de dura\u00e7\u00e3o)<\/p>\n<p><em>Obs.: O valor atual de um atendimento terap\u00eautico individual com Jeanne Duarte \u00e9 de R$ 200,00.<\/em><\/p>\n<p><strong>AGENDAMENTOS E MAIS INFORMA\u00c7\u00d5ES<\/strong><br \/>\n<strong>WhatsApp:<\/strong>\u00a0(81) 993344135 (Jeanne Duarte)<br \/>\n<strong>Instagram:<\/strong>\u00a0<a href=\"https:\/\/www.instagram.com\/jeanneduarteflorescer\/\" target=\"_blank\" rel=\"noopener\">@jeanneduarteflorescer<\/a><\/p>\n","protected":false},"excerpt":{"rendered":"<p>A terapeuta integrativa Jeanne Duarte oferece, neste m\u00eas de dezembro, um pacote de atendimentos terap\u00eauticos individuais, on-line, com pre\u00e7o promocional. Intitulado de &#8216;Alinhando o Ser para 2022&#8242;, as sess\u00f5es incluem ferramentas, como:\u00a0ThetaHealing\u00ae, Constela\u00e7\u00f5es Familiares e Florais de Bach. Jeanne explica que na primeira sess\u00e3o ser\u00e1 trabalhada a libera\u00e7\u00e3o de cren\u00e7as relacionadas a remorsos, rejei\u00e7\u00e3o e [&hellip;]<\/p>\n","protected":false},"author":1,"featured_media":40597,"comment_status":"open","ping_status":"open","sticky":false,"template":"","format":"standard","meta":{"om_disable_all_campaigns":false,"_monsterinsights_skip_tracking":false,"_monsterinsights_sitenote_active":false,"_monsterinsights_sitenote_note":"","_monsterinsights_sitenote_category":0,"footnotes":""},"categories":[8,214],"tags":[325,956,531,648,435,286],"acf":[],"publishpress_future_action":{"enabled":false,"date":"1969-12-31 21:00:00","action":"","terms":[],"taxonomy":"","browser_timezone_offset":0},"_links":{"self":[{"href":"https:\/\/portalfloresnoar.com\/floresnoar\/wp-json\/wp\/v2\/posts\/40595"}],"collection":[{"href":"https:\/\/portalfloresnoar.com\/floresnoar\/wp-json\/wp\/v2\/posts"}],"about":[{"href":"https:\/\/portalfloresnoar.com\/floresnoar\/wp-json\/wp\/v2\/types\/post"}],"author":[{"embeddable":true,"href":"https:\/\/portalfloresnoar.com\/floresnoar\/wp-json\/wp\/v2\/users\/1"}],"replies":[{"embeddable":true,"href":"https:\/\/portalfloresnoar.com\/floresnoar\/wp-json\/wp\/v2\/comments?post=40595"}],"version-history":[{"count":0,"href":"https:\/\/portalfloresnoar.com\/floresnoar\/wp-json\/wp\/v2\/posts\/40595\/revisions"}],"wp:featuredmedia":[{"embeddable":true,"href":"https:\/\/portalfloresnoar.com\/floresnoar\/wp-json\/wp\/v2\/media\/40597"}],"wp:attachment":[{"href":"https:\/\/portalfloresnoar.com\/floresnoar\/wp-json\/wp\/v2\/media?parent=40595"}],"wp:term":[{"taxonomy":"category","embeddable":true,"href":"https:\/\/portalfloresnoar.com\/floresnoar\/wp-json\/wp\/v2\/categories?post=40595"},{"taxonomy":"post_tag","embeddable":true,"href":"https:\/\/portalfloresnoar.com\/floresnoar\/wp-json\/wp\/v2\/tags?post=40595"}],"curies":[{"name":"wp","href":"https:\/\/api.w.org\/{rel}","templated":true}]}}