

{"id":40569,"date":"2021-06-02T20:34:04","date_gmt":"2021-06-02T23:34:04","guid":{"rendered":"http:\/\/portalfloresnoar.com\/floresnoar\/?p=40569"},"modified":"2021-11-30T10:45:08","modified_gmt":"2021-11-30T13:45:08","slug":"agenda-pe-i-roda-de-afetos-e-cuidados-ancestrais-neste-domingo-em-garanhuns-com-entrada-gratuita","status":"publish","type":"post","link":"https:\/\/portalfloresnoar.com\/floresnoar\/agenda-pe-i-roda-de-afetos-e-cuidados-ancestrais-neste-domingo-em-garanhuns-com-entrada-gratuita\/","title":{"rendered":"[AGENDA PE] &#8216;I Roda de Afetos e Cuidados Ancestrais&#8217;, neste domingo, em Garanhuns, com entrada gratuita"},"content":{"rendered":"<p>&nbsp;<\/p>\n<p><img decoding=\"async\" loading=\"lazy\" class=\" wp-image-40571 aligncenter\" src=\"http:\/\/portalfloresnoar.com\/floresnoar\/wp-content\/uploads\/2021\/11\/roda-de-afetos-e-cuidados-ancestrais-em-garanhuns.png\" alt=\"\" width=\"551\" height=\"557\" srcset=\"https:\/\/portalfloresnoar.com\/floresnoar\/wp-content\/uploads\/2021\/11\/roda-de-afetos-e-cuidados-ancestrais-em-garanhuns.png 596w, https:\/\/portalfloresnoar.com\/floresnoar\/wp-content\/uploads\/2021\/11\/roda-de-afetos-e-cuidados-ancestrais-em-garanhuns-298x300.png 298w, https:\/\/portalfloresnoar.com\/floresnoar\/wp-content\/uploads\/2021\/11\/roda-de-afetos-e-cuidados-ancestrais-em-garanhuns-100x100.png 100w\" sizes=\"(max-width: 551px) 100vw, 551px\" \/><\/p>\n<p>Em honra ao M\u00eas da Consci\u00eancia Negra, no pr\u00f3ximo domingo, dia 28 de novembro de 2021, ser\u00e1 realizada a I Roda de Afetos e Cuidados Ancestrais, no Parque Euclides Dourado, em Garanhuns\/PE. No encontro, que acontece das 9h \u00e0s 14h, ser\u00e3o facilitadas Rodas de Saberes com diversos temas que proporcionar\u00e3o afeto, cuidado, arte, ancestralidade, acolhimento, terapias e muito ax\u00e9. As atividades s\u00e3o gratuitas!<\/p>\n<p>&#8220;O nosso prop\u00f3sito \u00e9 fortificar e expandir o afrocuidado entre n\u00f3s e para n\u00f3s, pessoas pretas e quilombolas&#8221;, afirmam as produtoras do evento.<\/p>\n<p>Al\u00e9m das Rodas de Conversas e de Cuidados, a programa\u00e7\u00e3o conta, ainda, com viv\u00eancia arteterap\u00eautica, aula de yoga, medita\u00e7\u00e3o, e atendimentos individuais de Tarot, Reiki e Cartomancia.<\/p>\n<p><strong>PROGRAMA\u00c7\u00c3O<\/strong><br \/>\n9h &#8211; Abertura e entrega de senhas para viv\u00eancias e atendimentos individuais<\/p>\n<p>9h30 &#8211; Aula de Yoga: Pr\u00e1tica Muladhara com <a href=\"https:\/\/www.instagram.com\/yogaemcasa_\/\" target=\"_blank\" rel=\"noopener\">@yogaemcasa_<\/a><\/p>\n<p>10h30 &#8211; Roda de Conversa: Nosso sangue tem a mesma cor: Um olhar atento \u00e0 sa\u00fade mental da popula\u00e7\u00e3o negra com @psideboraneri<\/p>\n<p>11h30 &#8211; Viv\u00eancia Arteterap\u00eautica: Criando com Argila com <a href=\"https:\/\/www.instagram.com\/morganamarianb\/\" target=\"_blank\" rel=\"noopener\">@morganamarianb<\/a><\/p>\n<p>11h30 &#8211; Roda de Saberes Ancestrais: Honrando Nossas Ra\u00edzes atrav\u00e9s da Conex\u00e3o com \u00e0 Terra com <a href=\"https:\/\/www.instagram.com\/ser1humana\/\" target=\"_blank\" rel=\"noopener\">@ser1humana<\/a><\/p>\n<p>12h &#8211; Roda de Conversa: A pr\u00e1tica da doulagem como caminho de afeto, cuidado e rede de apoio entre mulheres no movimento de parir com dignidade com <a href=\"https:\/\/www.instagram.com\/matriarches_\/\" target=\"_blank\" rel=\"noopener\">@matriarches<\/a><\/p>\n<p>12h30 &#8211; Roda de Cuidado Ancestral com as Ervas com <a href=\"https:\/\/www.instagram.com\/analuz.afroterapeuta\/\" target=\"_blank\" rel=\"noopener\">@analuz.afroterapeuta<\/a><\/p>\n<p>13h30 &#8211; Medita\u00e7\u00e3o + Encerramento<\/p>\n<p><strong>Atendimentos Hol\u00edsticos Solid\u00e1rios<\/strong> &#8211; 9h \u00e0s 12h30<br \/>\n&#8211; Cartomancia com <a href=\"https:\/\/www.instagram.com\/islanne.bsouza\/\" target=\"_blank\" rel=\"noopener\">@islanne.bsouza<\/a><br \/>\n&#8211; Tar\u00f4 com <a href=\"https:\/\/www.instagram.com\/alefepassarin\/\" target=\"_blank\" rel=\"noopener\">@alefepassarin<\/a><br \/>\n&#8211; Sess\u00e3o de Reiki Usui Tibetano com <a href=\"https:\/\/www.instagram.com\/analuz.afroterapeuta\/\" target=\"_blank\" rel=\"noopener\">@analuz.afroterapeuta<\/a> e <a href=\"https:\/\/www.instagram.com\/morganamarianb\/\" target=\"_blank\" rel=\"noopener\">@morganamarianb<\/a><\/p>\n<p><em>Obs.1: Para o desfrute de cada viv\u00eancia ofertada de forma segura e acolhedora, ser\u00e3o entregues senhas para cada viv\u00eancia, pois algumas t\u00eam capacidade limitada.<\/em><br \/>\n<em> Obs.2: \u00c9 necess\u00e1rio o uso de m\u00e1scaras.<\/em><br \/>\n<em> Obs.3: Levem lanches para compartilhar!<\/em><\/p>\n<p><strong>MAIS INFORMA\u00c7\u00d5ES<\/strong><br \/>\n(87) 9187.5858 (WhatsApp)<br \/>\n<a href=\"https:\/\/www.instagram.com\/analuz.afroterapeuta\/\" target=\"_blank\" rel=\"noopener\">@analuz.afroterapeuta<\/a><\/p>\n","protected":false},"excerpt":{"rendered":"<p>&nbsp; Em honra ao M\u00eas da Consci\u00eancia Negra, no pr\u00f3ximo domingo, dia 28 de novembro de 2021, ser\u00e1 realizada a I Roda de Afetos e Cuidados Ancestrais, no Parque Euclides Dourado, em Garanhuns\/PE. No encontro, que acontece das 9h \u00e0s 14h, ser\u00e3o facilitadas Rodas de Saberes com diversos temas que proporcionar\u00e3o afeto, cuidado, arte, ancestralidade, [&hellip;]<\/p>\n","protected":false},"author":1,"featured_media":40572,"comment_status":"open","ping_status":"open","sticky":false,"template":"","format":"standard","meta":{"om_disable_all_campaigns":false,"_monsterinsights_skip_tracking":false,"_monsterinsights_sitenote_active":false,"_monsterinsights_sitenote_note":"","_monsterinsights_sitenote_category":0,"footnotes":""},"categories":[8,214],"tags":[670,456,383],"acf":[],"publishpress_future_action":{"enabled":false,"date":"1969-12-31 21:00:00","action":"","terms":[],"taxonomy":"","browser_timezone_offset":0},"_links":{"self":[{"href":"https:\/\/portalfloresnoar.com\/floresnoar\/wp-json\/wp\/v2\/posts\/40569"}],"collection":[{"href":"https:\/\/portalfloresnoar.com\/floresnoar\/wp-json\/wp\/v2\/posts"}],"about":[{"href":"https:\/\/portalfloresnoar.com\/floresnoar\/wp-json\/wp\/v2\/types\/post"}],"author":[{"embeddable":true,"href":"https:\/\/portalfloresnoar.com\/floresnoar\/wp-json\/wp\/v2\/users\/1"}],"replies":[{"embeddable":true,"href":"https:\/\/portalfloresnoar.com\/floresnoar\/wp-json\/wp\/v2\/comments?post=40569"}],"version-history":[{"count":0,"href":"https:\/\/portalfloresnoar.com\/floresnoar\/wp-json\/wp\/v2\/posts\/40569\/revisions"}],"wp:featuredmedia":[{"embeddable":true,"href":"https:\/\/portalfloresnoar.com\/floresnoar\/wp-json\/wp\/v2\/media\/40572"}],"wp:attachment":[{"href":"https:\/\/portalfloresnoar.com\/floresnoar\/wp-json\/wp\/v2\/media?parent=40569"}],"wp:term":[{"taxonomy":"category","embeddable":true,"href":"https:\/\/portalfloresnoar.com\/floresnoar\/wp-json\/wp\/v2\/categories?post=40569"},{"taxonomy":"post_tag","embeddable":true,"href":"https:\/\/portalfloresnoar.com\/floresnoar\/wp-json\/wp\/v2\/tags?post=40569"}],"curies":[{"name":"wp","href":"https:\/\/api.w.org\/{rel}","templated":true}]}}