

{"id":40563,"date":"2021-11-15T06:33:49","date_gmt":"2021-11-15T09:33:49","guid":{"rendered":"http:\/\/portalfloresnoar.com\/floresnoar\/?p=40563"},"modified":"2022-03-03T09:38:22","modified_gmt":"2022-03-03T12:38:22","slug":"agenda-retiro-de-carnaval-jejum-e-silencio-com-oberom-e-livia-falcao-em-cha-grandepe","status":"publish","type":"post","link":"https:\/\/portalfloresnoar.com\/floresnoar\/agenda-retiro-de-carnaval-jejum-e-silencio-com-oberom-e-livia-falcao-em-cha-grandepe\/","title":{"rendered":"[AGENDA PE] &#8216;Retiro de Carnaval &#8211; Jejum e Sil\u00eancio&#8217;, com Oberom e L\u00edvia Falc\u00e3o, em Ch\u00e3 Grande\/PE"},"content":{"rendered":"<p><img decoding=\"async\" loading=\"lazy\" class=\"wp-image-40564 aligncenter\" src=\"http:\/\/portalfloresnoar.com\/floresnoar\/wp-content\/uploads\/2021\/11\/retiro-de-carnaval-com-oberom-e-livia-falcao-700x700.jpeg\" alt=\"\" width=\"563\" height=\"564\" srcset=\"https:\/\/portalfloresnoar.com\/floresnoar\/wp-content\/uploads\/2021\/11\/retiro-de-carnaval-com-oberom-e-livia-falcao-700x700.jpeg 700w, https:\/\/portalfloresnoar.com\/floresnoar\/wp-content\/uploads\/2021\/11\/retiro-de-carnaval-com-oberom-e-livia-falcao-150x150.jpeg 150w, https:\/\/portalfloresnoar.com\/floresnoar\/wp-content\/uploads\/2021\/11\/retiro-de-carnaval-com-oberom-e-livia-falcao-300x300.jpeg 300w, https:\/\/portalfloresnoar.com\/floresnoar\/wp-content\/uploads\/2021\/11\/retiro-de-carnaval-com-oberom-e-livia-falcao-768x768.jpeg 768w, https:\/\/portalfloresnoar.com\/floresnoar\/wp-content\/uploads\/2021\/11\/retiro-de-carnaval-com-oberom-e-livia-falcao-100x100.jpeg 100w, https:\/\/portalfloresnoar.com\/floresnoar\/wp-content\/uploads\/2021\/11\/retiro-de-carnaval-com-oberom-e-livia-falcao.jpeg 1080w\" sizes=\"(max-width: 563px) 100vw, 563px\" \/><\/p>\n<p>Durante o Carnaval, de 26 de fevereiro a 01 de mar\u00e7o de 2022, ser\u00e1 realizado o &#8216;Brincar em Si&#8217;, um\u00a0Retiro de Jejum e Sil\u00eancio, com Oberom e L\u00edvia Falc\u00e3o. O encontro ser\u00e1 no formato de imers\u00e3o de 4 dias, com jejum l\u00edquido, medita\u00e7\u00e3o, sil\u00eancio, pr\u00e1ticas de yoga, biodan\u00e7a, brincadeiras, palestras e ora\u00e7\u00f5es.<\/p>\n<p>&#8220;Seguimos vivendo um momento intenso de transi\u00e7\u00e3o planet\u00e1ria, e sentimos a import\u00e2ncia da nutri\u00e7\u00e3o da presen\u00e7a, do sil\u00eancio, da purifica\u00e7\u00e3o, em cada um (a), como tamb\u00e9m de sentir-se em coletivo nesse agora. O &#8216;Brincar em Si&#8217; \u00e9 um retiro de autoconhecimento, de carnaval para a Alma. Para quem deseja investir no seu crescimento pessoal e autocuidado, essa \u00e9 uma grande oportunidade. O chamado \u00e9 para o despertar da consci\u00eancia em si, para que a caminhada terrestre, alinhada com o Plano Maior seja suavizada. Como a mudan\u00e7a real acontece a partir de n\u00f3s mesmos, sentimos que todo o trabalho que oferece inspira\u00e7\u00e3o e aprimoramento deve ser visto como prioridade&#8221;, declaram os facilitadores.<\/p>\n<p>O Retiro ser\u00e1 realizado no\u00a0Espa\u00e7o Tempo Xammaiar, em Ch\u00e3 Grande\/PE, que fica a 80 Km do Recife. \u00c9 um local privilegiado em Pernambuco que recebe eventos ligados \u00e0 cura do Ser, em meio \u00e0 Natureza, e que traz todas as condi\u00e7\u00f5es para a imers\u00e3o acontecer em toda sua profundidade. A hospedagem \u00e9 simples em quartos coletivos, com uso consciente da \u00e1gua no local.<\/p>\n<p>FACILITADORES<br \/>\n<strong>Oberom<\/strong> \u00e9 professor de Yoga, formado em Educa\u00e7\u00e3o F\u00edsica com p\u00f3s-gradua\u00e7\u00e3o em Nutri\u00e7\u00e3o Humana e Sa\u00fade e outra p\u00f3s-gradua\u00e7\u00e3o em Yoga pelo Instituto Lonavla atrav\u00e9s da FMU, com forma\u00e7\u00f5es no Brasil e um treinamento no PVA School of Yoga na \u00cdndia. Facilita o Retiro Prana no Portal Parvati (MG) e compartilha esse conhecimento atrav\u00e9s de Workshops nas Am\u00e9ricas, Europa e \u00c1sia. Tamb\u00e9m \u00e9 autor dos livros &#8216;Viajando na Luz&#8217;, &#8216;No Fluir da Felicidade&#8217; e &#8216;Vegan Yoga&#8217;, e diretor do document\u00e1rio &#8216;Muco&#8217;.<\/p>\n<p><strong>L\u00edvia Falc\u00e3o<\/strong> \u00e9 atriz de teatro cinema e televis\u00e3o, palha\u00e7a, diretora e preparadora de Elenco, e a arte foi seu primeiro caminho de autoconhecimento. H\u00e1 mais de dez anos, L\u00edvia tem atuado tamb\u00e9m como terapeuta hol\u00edstica e Mulher Medicina: terapeuta do Sistema dos Florais da Amaz\u00f4nia, facilitadora de Biodanza, da Terapia do Casulo, da Lei do Tempo (Cosmologia Maia), algumas das ferramentas que ela disponibiliza em atendimentos individuais e coletivos.<\/p>\n<p><strong>PROGRAMA\u00c7\u00c3O<\/strong><\/p>\n<p><strong>Dia 1 \u2013 26\/02<\/strong><br \/>\n9h &#8211; chegada e acomoda\u00e7\u00e3o<br \/>\n10h \u00e0s 12h30 &#8211; Roda de Abertura e apresenta\u00e7\u00f5es com L\u00edvia e Oberom<br \/>\n12h30 \u00e0s 14h &#8211; sucos, contempla\u00e7\u00e3o e repouso<br \/>\n14h \u00e0s 16h &#8211; palestra com Oberom<br \/>\n16h15 \u00e0s 18h &#8211; dan\u00e7ando os elementos com L\u00edvia<br \/>\n18h \u00e0s 19h30 \u2013 Ora\u00e7\u00e3o e hist\u00f3rias<br \/>\n19h30 &#8211; ch\u00e1 e recolhimento<\/p>\n<p><strong>Dia 2 \u2013 27\/02<\/strong><br \/>\n6h \u00e0s 8h &#8211; medita\u00e7\u00e3o e Yoga com Oberom<br \/>\n8h \u00e0s 10h &#8211; sucos, contempla\u00e7\u00e3o, repouso<br \/>\n10h \u00e0s 12h30 &#8211; dan\u00e7ando os elementos com L\u00edvia<br \/>\n12h30 \u00e0s 14h30 &#8211; sucos, contempla\u00e7\u00e3o e repouso<br \/>\n14h30 \u00e0s 16h30 &#8211; palestra com Oberom<br \/>\n18h \u00e0s 20h \u2013 Ora\u00e7\u00e3o, m\u00fasica e hist\u00f3rias<br \/>\n20h &#8211; ch\u00e1 e recolhimento<\/p>\n<p><strong>Dia 3 \u2013 28\/02<\/strong><br \/>\n6h \u00e0s 8h &#8211; medita\u00e7\u00e3o e Yoga com Oberom<br \/>\n8h \u00e0s 10h &#8211; sucos, contempla\u00e7\u00e3o, repouso<br \/>\n10h \u00e0s 12h30 &#8211; palestra com Oberom<br \/>\n12h30 \u00e0s 14h30 &#8211; sucos, contempla\u00e7\u00e3o e repouso<br \/>\n14h30 \u00e0s 17h &#8211; dan\u00e7ando os elementos com L\u00edvia<br \/>\n18h \u00e0s 20h30 \u2013 ora\u00e7\u00e3o, m\u00fasica e hist\u00f3rias na fogueira<br \/>\n20h30 &#8211; ch\u00e1 e recolhimento<\/p>\n<p><strong>Dia 4 \u2013 01\/03<\/strong><br \/>\n6h \u00e0s 8h &#8211; medita\u00e7\u00e3o e Yoga com Oberom<br \/>\n8h \u00e0s 10h &#8211; sucos, contempla\u00e7\u00e3o, repouso<br \/>\n10h \u00e0s 12h30 &#8211; palestra com Oberom<br \/>\n13h30 \u00e0s 15h \u2013 dan\u00e7ando os elementos com L\u00edvia e Roda de Encerramento<br \/>\n15h30 &#8211; Retorno<\/p>\n<p><strong>Preparando-se para o Retiro<\/strong><br \/>\nDurante os dias de imers\u00e3o, estaremos desenvolvendo um olhar interno com pr\u00e1ticas que facilitam uma quebra de nossos condicionamentos: sil\u00eancio e ingest\u00e3o de apenas sucos, \u00e1gua e ch\u00e1s, ou dieta l\u00edquida. Por isso, \u00e9 fundamental uma prepara\u00e7\u00e3o antes do retiro, que propicie um estado meditativo.<\/p>\n<p>Como estaremos por 4 dias promovendo uma desintoxica\u00e7\u00e3o em nosso corpo f\u00edsico, emocional e mental, sugerimos na semana que antecede o retiro, fazer uma alimenta\u00e7\u00e3o mais leve e natural, abster-se de carnes e derivados de prote\u00edna animal, caf\u00e9, a\u00e7\u00facar, trigo, temperos picantes, fumo, \u00e1lcool, e qualquer subst\u00e2ncia danosa ao organismo. Se poss\u00edvel, iniciar um jejum intermitente.<\/p>\n<p><strong>Durante o Retiro<\/strong><br \/>\nComo estaremos em contato direto com uma energia muito sutil, sugerimos abster-se do uso do celular e de eletr\u00f4nicos, para que esse mergulho possa acontecer de forma integral. Seguir corretamente as orienta\u00e7\u00f5es fornecidas pela equipe de facilita\u00e7\u00e3o do Retiro.<\/p>\n<p><strong>O que levar<\/strong><br \/>\n\u2728M\u00e1scaras<br \/>\n\u2728tapete de yoga<br \/>\n\u2728roupas leves e confort\u00e1veis<br \/>\n\u2728 roupa de banho<br \/>\n\u2728agasalhos e meias para as noites<br \/>\n\u2728garrafa de \u00e1gua<br \/>\n\u2728 repelente (de prefer\u00eancia natural)<\/p>\n<p>SERVI\u00c7O<br \/>\n<strong>&#8216;Brincar em Si&#8217; &#8211; Retiro de Jejum e Sil\u00eancio, com Oberom e L\u00edvia Falc\u00e3o<\/strong><br \/>\n<strong>In\u00edcio:<\/strong> 26\/02\/2022 (S\u00e1bado), \u00e0s 9h<br \/>\n<strong>Encerramento:<\/strong> 01\/03\/2022 (ter\u00e7a-feira), \u00e0s 15h30<\/p>\n<p><strong>Valores de Troca<\/strong><\/p>\n<ul>\n<li><strong>Lote Promocional 2<\/strong> &#8211; at\u00e9 31\/01\/22 &#8211; R$ 1.800,00 (\u00e0 vista ou em 2 parcelas de R$ 900,00,com pagamento em Jan \/ Fev )<\/li>\n<li><strong>Lote Final<\/strong> &#8211; de 01\/02 a 20\/02 &#8211; R$ 2.000,00 (\u00e0 vista ou em 2 parcelas de R$ 1.000,00, com pagamento em Jan \/ Fev )<\/li>\n<\/ul>\n<p><strong>Inscri\u00e7\u00f5es, atrav\u00e9s deste link:\u00a0<\/strong>\u00a0<a href=\"https:\/\/docs.google.com\/forms\/d\/e\/1FAIpQLSc0rZ-nT9-rPZTtEE8NOQoKIwS2lU4DOtrO5nkHnNZky7VSgw\/viewform\" target=\"_blank\" rel=\"noopener\">https:\/\/docs.google.com\/forms\/d\/e\/1FAIpQLSc0rZ-nT9-rPZTtEE8NOQoKIwS2lU4DOtrO5nkHnNZky7VSgw\/viewform<\/a><\/p>\n<p><strong>MAIS INFORMA\u00c7\u00d5ES<\/strong><br \/>\n<em>L\u00edvia Falc\u00e3o<\/em><br \/>\n<strong>WhatsApp:<\/strong> (81) 999863170<br \/>\n<strong>E-mail:\u00a0<\/strong>kundaliniyogape @gmail.com<\/p>\n","protected":false},"excerpt":{"rendered":"<p>Durante o Carnaval, de 26 de fevereiro a 01 de mar\u00e7o de 2022, ser\u00e1 realizado o &#8216;Brincar em Si&#8217;, um\u00a0Retiro de Jejum e Sil\u00eancio, com Oberom e L\u00edvia Falc\u00e3o. O encontro ser\u00e1 no formato de imers\u00e3o de 4 dias, com jejum l\u00edquido, medita\u00e7\u00e3o, sil\u00eancio, pr\u00e1ticas de yoga, biodan\u00e7a, brincadeiras, palestras e ora\u00e7\u00f5es. &#8220;Seguimos vivendo um [&hellip;]<\/p>\n","protected":false},"author":1,"featured_media":40565,"comment_status":"open","ping_status":"open","sticky":false,"template":"","format":"standard","meta":{"om_disable_all_campaigns":false,"_monsterinsights_skip_tracking":false,"_monsterinsights_sitenote_active":false,"_monsterinsights_sitenote_note":"","_monsterinsights_sitenote_category":0,"footnotes":""},"categories":[8,214],"tags":[108,523,949,43,662,396,162,21],"acf":[],"publishpress_future_action":{"enabled":false,"date":"1969-12-31 21:00:00","action":"","terms":[],"taxonomy":"","browser_timezone_offset":0},"_links":{"self":[{"href":"https:\/\/portalfloresnoar.com\/floresnoar\/wp-json\/wp\/v2\/posts\/40563"}],"collection":[{"href":"https:\/\/portalfloresnoar.com\/floresnoar\/wp-json\/wp\/v2\/posts"}],"about":[{"href":"https:\/\/portalfloresnoar.com\/floresnoar\/wp-json\/wp\/v2\/types\/post"}],"author":[{"embeddable":true,"href":"https:\/\/portalfloresnoar.com\/floresnoar\/wp-json\/wp\/v2\/users\/1"}],"replies":[{"embeddable":true,"href":"https:\/\/portalfloresnoar.com\/floresnoar\/wp-json\/wp\/v2\/comments?post=40563"}],"version-history":[{"count":0,"href":"https:\/\/portalfloresnoar.com\/floresnoar\/wp-json\/wp\/v2\/posts\/40563\/revisions"}],"wp:featuredmedia":[{"embeddable":true,"href":"https:\/\/portalfloresnoar.com\/floresnoar\/wp-json\/wp\/v2\/media\/40565"}],"wp:attachment":[{"href":"https:\/\/portalfloresnoar.com\/floresnoar\/wp-json\/wp\/v2\/media?parent=40563"}],"wp:term":[{"taxonomy":"category","embeddable":true,"href":"https:\/\/portalfloresnoar.com\/floresnoar\/wp-json\/wp\/v2\/categories?post=40563"},{"taxonomy":"post_tag","embeddable":true,"href":"https:\/\/portalfloresnoar.com\/floresnoar\/wp-json\/wp\/v2\/tags?post=40563"}],"curies":[{"name":"wp","href":"https:\/\/api.w.org\/{rel}","templated":true}]}}