

{"id":40553,"date":"2021-11-19T09:43:08","date_gmt":"2021-11-19T12:43:08","guid":{"rendered":"http:\/\/portalfloresnoar.com\/floresnoar\/?p=40553"},"modified":"2022-02-22T12:38:13","modified_gmt":"2022-02-22T15:38:13","slug":"canto-de-lu-o-quanto-de-apego-culpa-carencia-vergonha-ainda-me-assombram","status":"publish","type":"post","link":"https:\/\/portalfloresnoar.com\/floresnoar\/canto-de-lu-o-quanto-de-apego-culpa-carencia-vergonha-ainda-me-assombram\/","title":{"rendered":"[CANTO DE LU] &#8220;O quanto de apego, culpa, car\u00eancia, vergonha ainda me assombram?!&#8221;"},"content":{"rendered":"<p>&nbsp;<\/p>\n<figure id=\"attachment_40554\" aria-describedby=\"caption-attachment-40554\" style=\"width: 629px\" class=\"wp-caption aligncenter\"><img decoding=\"async\" loading=\"lazy\" class=\"wp-image-40554\" src=\"http:\/\/portalfloresnoar.com\/floresnoar\/wp-content\/uploads\/2021\/11\/foto_D\u00e9bora-Bittencourt-5-700x467.jpg\" alt=\"\" width=\"629\" height=\"419\" srcset=\"https:\/\/portalfloresnoar.com\/floresnoar\/wp-content\/uploads\/2021\/11\/foto_D\u00e9bora-Bittencourt-5-700x467.jpg 700w, https:\/\/portalfloresnoar.com\/floresnoar\/wp-content\/uploads\/2021\/11\/foto_D\u00e9bora-Bittencourt-5-300x200.jpg 300w, https:\/\/portalfloresnoar.com\/floresnoar\/wp-content\/uploads\/2021\/11\/foto_D\u00e9bora-Bittencourt-5-768x512.jpg 768w\" sizes=\"(max-width: 629px) 100vw, 629px\" \/><figcaption id=\"caption-attachment-40554\" class=\"wp-caption-text\">Foto: D\u00e9bora Bittencourt (Apresenta\u00e7\u00e3o da performance &#8216;Caminho de Comadres&#8217;, d&#8217;As Cumade, em S\u00e3o Jos\u00e9 do Egito\/PE.)<\/figcaption><\/figure>\n<p>| <em>Por Lu Rabelo<\/em>\u00a0* |<\/p>\n<p>Dia desses fui convidada pela artista <a href=\"https:\/\/www.instagram.com\/joanahflor\/\" target=\"_blank\" rel=\"noopener\">Joanah Flor<\/a> a participar de uma live do \u2018Vivas ao Vulvas\u2019, junto a outras mulheres, sobre o tema \u2018Sexualidade ap\u00f3s os 40 anos\u2019.<\/p>\n<p>Escrevi um texto na \u00e9poca e, hoje, com a energia do Eclipse Lunar no eixo Touro-Escorpi\u00e3o, justo nos signos onde tenho Marte e V\u00eanus, respectivamente, encontrei o texto e senti vontade de partilhar um peda\u00e7o.<\/p>\n<p>Contava sobre as sombras\/espelhos que vieram junto ao Fogo, ainda mais ati\u00e7ado ap\u00f3s os 40. Ent\u00e3o comecei a refletir sobre alguns dos bloqueios e amea\u00e7as que sofri. A\u00ed continuei:<\/p>\n<p>\u201cCren\u00e7as impostas por um sistema patriarcal.<br \/>\nO quanto de machismo ainda tem em mim?<br \/>\nQuanto tolhimento vivi?<br \/>\nE quando aos 6 anos, eu de calcinha na sala, painho me mandou botar uma roupa, e eu nunca esqueci.<br \/>\nE quando aos 13 anos eu e uma amiga nas entre-quadras de Bras\u00edlia fomos surpreendidas por um homem nu atr\u00e1s da gente e corremos desesperadas.<br \/>\nE quando, adoecida, sofri um ass\u00e9dio sexual de um conhecido dermatologista.<br \/>\nE quando um policial no centro do Recife, armado, me mandou levantar a camisa.<br \/>\nE quando o bispo Dom Augusto, eu ainda crian\u00e7a, mandou eu vestir uma blusa que cobrisse meus ombros. (Inclusive foi o mesmo bispo que me batizou em Caruaru, quando eu, aos tr\u00eas meses de idade, bati na vela que caiu em cima da b\u00edblia. )<br \/>\nE o que n\u00e3o lembro no consciente, mas vem em sonho, quando morro num estupro, ou quando um homem fardado bota o p\u00e9 na minha boca, eu deitada no ch\u00e3o; ou da vez que fui largada no Mar.<br \/>\nE quando, tamb\u00e9m em sonho, mando o desgovernante do Brasil olhar dentro dos meus olhos, e ele n\u00e3o olha.<br \/>\nQuanta m\u00e1goa ainda existe em mim, por M\u00e3e Dona, minha bisav\u00f3 materna abandonada pelo meu bisav\u00f4 que foi viver com uma menina mais jovem, depois de ter retornado de um surto psico-espiritual, que o manteve isolado por tempos?<br \/>\nE o que de fato se passou quando minha av\u00f3 paterna engravidou em 1930, num vilarejo do Sert\u00e3o do Paje\u00fa, e meu av\u00f4 foi pra S\u00e3o Paulo?<br \/>\nE tantas outras hist\u00f3rias&#8230;<br \/>\nO quanto de apego, culpa, car\u00eancia, vergonha ainda me assombram?!<br \/>\nMe amar, sentir prazer, tem sido uma constru\u00e7\u00e3o, ou melhor, uma desconstru\u00e7\u00e3o, uma reconstru\u00e7\u00e3o.&#8221;<\/p>\n<p><em>*\u00a0 Lu Rabelo\u00a0\u00e9\u00a0<a href=\"https:\/\/www.facebook.com\/cantadeiralu\" target=\"_blank\" rel=\"noopener\">cantadeira<\/a>, arteterapeuta, jornalista e editora do Portal Flores no Ar.<\/em><\/p>\n","protected":false},"excerpt":{"rendered":"<p>&nbsp; | Por Lu Rabelo\u00a0* | Dia desses fui convidada pela artista Joanah Flor a participar de uma live do \u2018Vivas ao Vulvas\u2019, junto a outras mulheres, sobre o tema \u2018Sexualidade ap\u00f3s os 40 anos\u2019. Escrevi um texto na \u00e9poca e, hoje, com a energia do Eclipse Lunar no eixo Touro-Escorpi\u00e3o, justo nos signos onde [&hellip;]<\/p>\n","protected":false},"author":1,"featured_media":40554,"comment_status":"open","ping_status":"open","sticky":false,"template":"","format":"standard","meta":{"om_disable_all_campaigns":false,"_monsterinsights_skip_tracking":false,"_monsterinsights_sitenote_active":false,"_monsterinsights_sitenote_note":"","_monsterinsights_sitenote_category":0,"footnotes":""},"categories":[227,220],"tags":[1071,19,1070,1072,236],"acf":[],"publishpress_future_action":{"enabled":false,"date":"1969-12-31 21:00:00","action":"","terms":[],"taxonomy":"","browser_timezone_offset":0},"_links":{"self":[{"href":"https:\/\/portalfloresnoar.com\/floresnoar\/wp-json\/wp\/v2\/posts\/40553"}],"collection":[{"href":"https:\/\/portalfloresnoar.com\/floresnoar\/wp-json\/wp\/v2\/posts"}],"about":[{"href":"https:\/\/portalfloresnoar.com\/floresnoar\/wp-json\/wp\/v2\/types\/post"}],"author":[{"embeddable":true,"href":"https:\/\/portalfloresnoar.com\/floresnoar\/wp-json\/wp\/v2\/users\/1"}],"replies":[{"embeddable":true,"href":"https:\/\/portalfloresnoar.com\/floresnoar\/wp-json\/wp\/v2\/comments?post=40553"}],"version-history":[{"count":0,"href":"https:\/\/portalfloresnoar.com\/floresnoar\/wp-json\/wp\/v2\/posts\/40553\/revisions"}],"wp:featuredmedia":[{"embeddable":true,"href":"https:\/\/portalfloresnoar.com\/floresnoar\/wp-json\/wp\/v2\/media\/40554"}],"wp:attachment":[{"href":"https:\/\/portalfloresnoar.com\/floresnoar\/wp-json\/wp\/v2\/media?parent=40553"}],"wp:term":[{"taxonomy":"category","embeddable":true,"href":"https:\/\/portalfloresnoar.com\/floresnoar\/wp-json\/wp\/v2\/categories?post=40553"},{"taxonomy":"post_tag","embeddable":true,"href":"https:\/\/portalfloresnoar.com\/floresnoar\/wp-json\/wp\/v2\/tags?post=40553"}],"curies":[{"name":"wp","href":"https:\/\/api.w.org\/{rel}","templated":true}]}}