

{"id":40548,"date":"2021-10-18T11:18:41","date_gmt":"2021-10-18T14:18:41","guid":{"rendered":"http:\/\/portalfloresnoar.com\/floresnoar\/?p=40548"},"modified":"2022-02-16T09:08:52","modified_gmt":"2022-02-16T12:08:52","slug":"agenda-mentora-e-terapeuta-leda-nascimento-oferece-atendimentos-on-line-e-presenciais","status":"publish","type":"post","link":"https:\/\/portalfloresnoar.com\/floresnoar\/agenda-mentora-e-terapeuta-leda-nascimento-oferece-atendimentos-on-line-e-presenciais\/","title":{"rendered":"[AGENDA] Mentora e terapeuta L\u00eada Nascimento oferece atendimentos on-line e presenciais"},"content":{"rendered":"<p><img decoding=\"async\" loading=\"lazy\" class=\"wp-image-40549 aligncenter\" src=\"http:\/\/portalfloresnoar.com\/floresnoar\/wp-content\/uploads\/2021\/11\/terapeuta-Leda-Nascimento-700x700.jpg\" alt=\"\" width=\"601\" height=\"601\" srcset=\"https:\/\/portalfloresnoar.com\/floresnoar\/wp-content\/uploads\/2021\/11\/terapeuta-Leda-Nascimento-700x700.jpg 700w, https:\/\/portalfloresnoar.com\/floresnoar\/wp-content\/uploads\/2021\/11\/terapeuta-Leda-Nascimento-150x150.jpg 150w, https:\/\/portalfloresnoar.com\/floresnoar\/wp-content\/uploads\/2021\/11\/terapeuta-Leda-Nascimento-300x300.jpg 300w, https:\/\/portalfloresnoar.com\/floresnoar\/wp-content\/uploads\/2021\/11\/terapeuta-Leda-Nascimento-768x768.jpg 768w, https:\/\/portalfloresnoar.com\/floresnoar\/wp-content\/uploads\/2021\/11\/terapeuta-Leda-Nascimento-100x100.jpg 100w, https:\/\/portalfloresnoar.com\/floresnoar\/wp-content\/uploads\/2021\/11\/terapeuta-Leda-Nascimento.jpg 1080w\" sizes=\"(max-width: 601px) 100vw, 601px\" \/><\/p>\n<p>A psic\u00f3loga, terapeuta integrativa e mentora em empreendedorismo sist\u00eamico, qualidade de vida e bem-estar L\u00eada Nascimento oferece atendimentos presenciais, em Olinda e Bras\u00edlia, assim como tamb\u00e9m de forma virtual. As terapias oferecidas s\u00e3o: Psicoterapia, Constela\u00e7\u00e3o Familiar, Barras de Access, Reiki e Floral.<\/p>\n<p>Com mais de 28 anos de experi\u00eancia, L\u00eada atua tamb\u00e9m como consultora Sist\u00eamica Organizacional nas \u00e1reas de Planejamento, Empreendedorismo, Marketing, Gest\u00e3o de Projetos e Gest\u00e3o de Pessoas e Neg\u00f3cios, com foco em espa\u00e7os terap\u00eauticos e de sa\u00fade em geral e empresas familiares.\u00a0 \u00c9\u00a0 idealizadora do m\u00e9todo OPPA (Oportunidade, Prop\u00f3sito, Planejamento e A\u00e7\u00e3o), do programa Re Conecta, entre outros programas e eventos.<\/p>\n<p>\u201cA minha grande caminhada pelas terapias sist\u00eamicas, integrativas, complementares se deu quando foi poss\u00edvel perceber que as pessoas e organiza\u00e7\u00f5es est\u00e3o na mesma busca do bem-estar e da expans\u00e3o da consci\u00eancia, unindo as for\u00e7as da energia de cada campo vital\u201d, declara L\u00eada.<\/p>\n<p>CURR\u00cdCULO<br \/>\n<strong>L\u00eada Nascimento<\/strong> \u00e9 psic\u00f3loga, mestra em Comportamento Organizacional e Gest\u00e3o de Pessoas (Universidade Miguel Torgata\/Portugal), terapeuta Sist\u00eamica Familiar [formada pelo CONSTELAR &#8211; Instituto de Pr\u00e1ticas Sist\u00eamicas do Brasil e HELLINGER \u2013 Institut Landshut (Alemanha)]. Consteladora Sist\u00eamica Familiar e Organizacional (Instituto Constelar), Core Energetics in Family Constellation Hellinger (Institut Landshut\/Lorenz Wiest), Semin\u00e1rio Bert e Sophie Hellinger (Instituto Hellinger Sciencia), Capacita\u00e7\u00e3o Internacional em Constela\u00e7\u00e3o Sist\u00eamica Individual ( Hellinger Institut Landshut\/Marlies Wiest). \u00c9\u00a0 teraperuta Floral (Sistema Florais de Saint Germain), mestra em Reiki Usui\/Tibetano e Xam\u00e2nico (Girassol Instituto de Pr\u00e1ticas Integrativas), PNL &#8211; Programa\u00e7\u00e3o Neurol\u00ednguistica (Oikos-Bras\u00edlia\/DF), tem Forma\u00e7\u00e3o em Gest\u00e3o de Projetos (TEVEP &#8211; Homosapiens Escola de Planejamento de Altos Estudos Belo Horizonte\/MG); Personal e Professional Coach (SBCoaching). \u00c9\u00a0educadora coorporativa, consultora Sist\u00eamica Organizacional, palestrante e educadora coorporativa. \u00c9 gestora fundadora da Solu\u00e7\u00e3o Sist\u00eamica Consultoria e Desenvolvimento e do Girassol Instituto de Pr\u00e1ticas Integrativas (Olinda\/PE e Bras\u00edlia\/DF).<\/p>\n<p>AGENDAMENTOS E MAIS INFORMA\u00c7\u00d5ES<br \/>\n<strong>WhatsApp:<\/strong> (81) 9.8703-9554<br \/>\n<strong>Instagram:<\/strong> <a href=\"https:\/\/www.instagram.com\/girassolinstituto.terapeutico\/\" target=\"_blank\" rel=\"noopener\">@girassolinstituto.terapeutico<\/a><\/p>\n","protected":false},"excerpt":{"rendered":"<p>A psic\u00f3loga, terapeuta integrativa e mentora em empreendedorismo sist\u00eamico, qualidade de vida e bem-estar L\u00eada Nascimento oferece atendimentos presenciais, em Olinda e Bras\u00edlia, assim como tamb\u00e9m de forma virtual. As terapias oferecidas s\u00e3o: Psicoterapia, Constela\u00e7\u00e3o Familiar, Barras de Access, Reiki e Floral. Com mais de 28 anos de experi\u00eancia, L\u00eada atua tamb\u00e9m como consultora Sist\u00eamica [&hellip;]<\/p>\n","protected":false},"author":1,"featured_media":40551,"comment_status":"open","ping_status":"open","sticky":false,"template":"","format":"standard","meta":{"om_disable_all_campaigns":false,"_monsterinsights_skip_tracking":false,"_monsterinsights_sitenote_active":false,"_monsterinsights_sitenote_note":"","_monsterinsights_sitenote_category":0,"footnotes":""},"categories":[8,214],"tags":[630,531,1037,463,1069,148,37,435],"acf":[],"publishpress_future_action":{"enabled":false,"date":"1969-12-31 21:00:00","action":"","terms":[],"taxonomy":"","browser_timezone_offset":0},"_links":{"self":[{"href":"https:\/\/portalfloresnoar.com\/floresnoar\/wp-json\/wp\/v2\/posts\/40548"}],"collection":[{"href":"https:\/\/portalfloresnoar.com\/floresnoar\/wp-json\/wp\/v2\/posts"}],"about":[{"href":"https:\/\/portalfloresnoar.com\/floresnoar\/wp-json\/wp\/v2\/types\/post"}],"author":[{"embeddable":true,"href":"https:\/\/portalfloresnoar.com\/floresnoar\/wp-json\/wp\/v2\/users\/1"}],"replies":[{"embeddable":true,"href":"https:\/\/portalfloresnoar.com\/floresnoar\/wp-json\/wp\/v2\/comments?post=40548"}],"version-history":[{"count":0,"href":"https:\/\/portalfloresnoar.com\/floresnoar\/wp-json\/wp\/v2\/posts\/40548\/revisions"}],"wp:featuredmedia":[{"embeddable":true,"href":"https:\/\/portalfloresnoar.com\/floresnoar\/wp-json\/wp\/v2\/media\/40551"}],"wp:attachment":[{"href":"https:\/\/portalfloresnoar.com\/floresnoar\/wp-json\/wp\/v2\/media?parent=40548"}],"wp:term":[{"taxonomy":"category","embeddable":true,"href":"https:\/\/portalfloresnoar.com\/floresnoar\/wp-json\/wp\/v2\/categories?post=40548"},{"taxonomy":"post_tag","embeddable":true,"href":"https:\/\/portalfloresnoar.com\/floresnoar\/wp-json\/wp\/v2\/tags?post=40548"}],"curies":[{"name":"wp","href":"https:\/\/api.w.org\/{rel}","templated":true}]}}