

{"id":40543,"date":"2021-06-25T12:04:18","date_gmt":"2021-06-25T15:04:18","guid":{"rendered":"http:\/\/portalfloresnoar.com\/floresnoar\/?p=40543"},"modified":"2021-12-14T16:07:46","modified_gmt":"2021-12-14T19:07:46","slug":"agenda-2o-congresso-brasileiro-das-praticas-antroposoficas-de-06-a-12-de-dezembro-on-line","status":"publish","type":"post","link":"https:\/\/portalfloresnoar.com\/floresnoar\/agenda-2o-congresso-brasileiro-das-praticas-antroposoficas-de-06-a-12-de-dezembro-on-line\/","title":{"rendered":"[AGENDA] 2\u00ba Congresso Brasileiro das Pr\u00e1ticas Antropos\u00f3ficas, de 06 a 12 de dezembro, on-line"},"content":{"rendered":"<p><img decoding=\"async\" loading=\"lazy\" class=\"wp-image-40586 aligncenter\" src=\"http:\/\/portalfloresnoar.com\/floresnoar\/wp-content\/uploads\/2021\/11\/congresso-antroposofia-700x700.png\" alt=\"\" width=\"481\" height=\"481\" srcset=\"https:\/\/portalfloresnoar.com\/floresnoar\/wp-content\/uploads\/2021\/11\/congresso-antroposofia-700x700.png 700w, https:\/\/portalfloresnoar.com\/floresnoar\/wp-content\/uploads\/2021\/11\/congresso-antroposofia-150x150.png 150w, https:\/\/portalfloresnoar.com\/floresnoar\/wp-content\/uploads\/2021\/11\/congresso-antroposofia-300x300.png 300w, https:\/\/portalfloresnoar.com\/floresnoar\/wp-content\/uploads\/2021\/11\/congresso-antroposofia-768x768.png 768w, https:\/\/portalfloresnoar.com\/floresnoar\/wp-content\/uploads\/2021\/11\/congresso-antroposofia-100x100.png 100w, https:\/\/portalfloresnoar.com\/floresnoar\/wp-content\/uploads\/2021\/11\/congresso-antroposofia.png 1200w\" sizes=\"(max-width: 481px) 100vw, 481px\" \/><\/p>\n<p>De 06 a 12 de dezembro de 2021 ser\u00e1 realizado o 2\u00ba Congresso Brasileiro das Pr\u00e1ticas Antropos\u00f3ficas. O encontro ser\u00e1 on-line e contar\u00e1 com pr\u00e1ticas, viv\u00eancias, medita\u00e7\u00f5es, palestras e pain\u00e9is cient\u00edficos. Grandes contribuintes das pr\u00e1ticas Antropos\u00f3ficas e da Ci\u00eancia Dedutiva estar\u00e3o presentes nesta edi\u00e7\u00e3o do congresso.<\/p>\n<p>O evento \u00e9 voltado para quem quer conhecer ou profundar os conhecimentos das pr\u00e1ticas antropos\u00f3ficas. O congresso \u00e9 sem fins lucrativos e parte da arrecada\u00e7\u00e3o ser\u00e1 doada a uma institui\u00e7\u00e3o Antropos\u00f3fica.<\/p>\n<p><img decoding=\"async\" loading=\"lazy\" class=\"wp-image-40544 aligncenter\" src=\"http:\/\/portalfloresnoar.com\/floresnoar\/wp-content\/uploads\/2021\/11\/palestrantes-confirmados-cbpa-700x459.jpg\" alt=\"\" width=\"649\" height=\"426\" srcset=\"https:\/\/portalfloresnoar.com\/floresnoar\/wp-content\/uploads\/2021\/11\/palestrantes-confirmados-cbpa-700x459.jpg 700w, https:\/\/portalfloresnoar.com\/floresnoar\/wp-content\/uploads\/2021\/11\/palestrantes-confirmados-cbpa-300x197.jpg 300w, https:\/\/portalfloresnoar.com\/floresnoar\/wp-content\/uploads\/2021\/11\/palestrantes-confirmados-cbpa-768x504.jpg 768w, https:\/\/portalfloresnoar.com\/floresnoar\/wp-content\/uploads\/2021\/11\/palestrantes-confirmados-cbpa.jpg 1000w\" sizes=\"(max-width: 649px) 100vw, 649px\" \/><\/p>\n<p><strong>A programa\u00e7\u00e3o completa pode ser conferida neste link:<\/strong><a href=\"http:\/\/www.praticasantroposoficas.com\/index.php\/2-cbpa\" target=\"_blank\" rel=\"noopener\">\u00a0http:\/\/www.praticasantroposoficas.com\/index.php\/2-cbpa<\/a><\/p>\n<p>INVESTIMENTO:<\/p>\n<p><strong>Apoiador:<\/strong> R$ 199,00.\u00a0Link para inscri\u00e7\u00e3o: <a href=\"https:\/\/p.eduzz.com\/1042980?a=816299\" target=\"_blank\" rel=\"noopener\">https:\/\/p.eduzz.com\/1042980?a=816299<\/a><\/p>\n<p><strong>Ideal:<\/strong> R$ 289,00,\u00a0 Link para inscri\u00e7\u00e3o: <a href=\"https:\/\/p.eduzz.com\/1042967?a=816299\" target=\"_blank\" rel=\"noopener\">https:\/\/p.eduzz.com\/1042967?a=816299<\/a> (Nesta modalidade de inscri\u00e7\u00e3o est\u00e1 incluso o acesso \u00e0s palestras do I Congresso, realizado em 2020.)<\/p>\n<p><strong>Generoso:<\/strong> R$ 379,00. Link para inscri\u00e7\u00e3o: <a href=\"https:\/\/p.eduzz.com\/1042912?a=816299\" target=\"_blank\" rel=\"noopener\">https:\/\/p.eduzz.com\/1042912?a=816299<\/a> (Nesta modalidade de inscri\u00e7\u00e3o est\u00e1 incluso o conte\u00fado completo do I Congresso, realizado em 2020.)<\/p>\n<p>MAIS INFORMA\u00c7\u00d5ES:<br \/>\n<strong>WhatsApp:<\/strong> <a href=\"https:\/\/api.whatsapp.com\/send?phone=5581983485880\" target=\"_blank\" rel=\"noopener\">(81) 98348-5880\u00a0<\/a><br \/>\n<a href=\"http:\/\/www.praticasantroposoficas.com\/index.php\/2-cbpa\" target=\"_blank\" rel=\"noopener\">http:\/\/www.praticasantroposoficas.com\/index.php\/2-cbpa<\/a><\/p>\n","protected":false},"excerpt":{"rendered":"<p>De 06 a 12 de dezembro de 2021 ser\u00e1 realizado o 2\u00ba Congresso Brasileiro das Pr\u00e1ticas Antropos\u00f3ficas. O encontro ser\u00e1 on-line e contar\u00e1 com pr\u00e1ticas, viv\u00eancias, medita\u00e7\u00f5es, palestras e pain\u00e9is cient\u00edficos. Grandes contribuintes das pr\u00e1ticas Antropos\u00f3ficas e da Ci\u00eancia Dedutiva estar\u00e3o presentes nesta edi\u00e7\u00e3o do congresso. O evento \u00e9 voltado para quem quer conhecer ou [&hellip;]<\/p>\n","protected":false},"author":1,"featured_media":40587,"comment_status":"open","ping_status":"open","sticky":false,"template":"","format":"standard","meta":{"om_disable_all_campaigns":false,"_monsterinsights_skip_tracking":false,"_monsterinsights_sitenote_active":false,"_monsterinsights_sitenote_note":"","_monsterinsights_sitenote_category":0,"footnotes":""},"categories":[8,214],"tags":[23,321,115,624],"acf":[],"publishpress_future_action":{"enabled":false,"date":"1969-12-31 21:00:00","action":"","terms":[],"taxonomy":"","browser_timezone_offset":0},"_links":{"self":[{"href":"https:\/\/portalfloresnoar.com\/floresnoar\/wp-json\/wp\/v2\/posts\/40543"}],"collection":[{"href":"https:\/\/portalfloresnoar.com\/floresnoar\/wp-json\/wp\/v2\/posts"}],"about":[{"href":"https:\/\/portalfloresnoar.com\/floresnoar\/wp-json\/wp\/v2\/types\/post"}],"author":[{"embeddable":true,"href":"https:\/\/portalfloresnoar.com\/floresnoar\/wp-json\/wp\/v2\/users\/1"}],"replies":[{"embeddable":true,"href":"https:\/\/portalfloresnoar.com\/floresnoar\/wp-json\/wp\/v2\/comments?post=40543"}],"version-history":[{"count":0,"href":"https:\/\/portalfloresnoar.com\/floresnoar\/wp-json\/wp\/v2\/posts\/40543\/revisions"}],"wp:featuredmedia":[{"embeddable":true,"href":"https:\/\/portalfloresnoar.com\/floresnoar\/wp-json\/wp\/v2\/media\/40587"}],"wp:attachment":[{"href":"https:\/\/portalfloresnoar.com\/floresnoar\/wp-json\/wp\/v2\/media?parent=40543"}],"wp:term":[{"taxonomy":"category","embeddable":true,"href":"https:\/\/portalfloresnoar.com\/floresnoar\/wp-json\/wp\/v2\/categories?post=40543"},{"taxonomy":"post_tag","embeddable":true,"href":"https:\/\/portalfloresnoar.com\/floresnoar\/wp-json\/wp\/v2\/tags?post=40543"}],"curies":[{"name":"wp","href":"https:\/\/api.w.org\/{rel}","templated":true}]}}