

{"id":40500,"date":"2020-11-08T14:54:41","date_gmt":"2020-11-08T17:54:41","guid":{"rendered":"http:\/\/portalfloresnoar.com\/floresnoar\/?p=40500"},"modified":"2022-02-02T21:31:11","modified_gmt":"2022-02-03T00:31:11","slug":"agenda-terapeuta-silvia-garcia-oferece-programa-de-banhos-de-flores-e-ervas-para-entrada-no-novo-ano","status":"publish","type":"post","link":"https:\/\/portalfloresnoar.com\/floresnoar\/agenda-terapeuta-silvia-garcia-oferece-programa-de-banhos-de-flores-e-ervas-para-entrada-no-novo-ano\/","title":{"rendered":"[AGENDA] Terapeuta S\u00edlvia Garcia oferece programa de Banhos de Flores e Ervas para entrada no novo ano"},"content":{"rendered":"<p><img decoding=\"async\" loading=\"lazy\" class=\"aligncenter wp-image-40503\" src=\"http:\/\/portalfloresnoar.com\/floresnoar\/wp-content\/uploads\/2021\/11\/banho-de-ervas-ano-novo-700x700.jpeg\" alt=\"\" width=\"518\" height=\"518\" srcset=\"https:\/\/portalfloresnoar.com\/floresnoar\/wp-content\/uploads\/2021\/11\/banho-de-ervas-ano-novo-700x700.jpeg 700w, https:\/\/portalfloresnoar.com\/floresnoar\/wp-content\/uploads\/2021\/11\/banho-de-ervas-ano-novo-150x150.jpeg 150w, https:\/\/portalfloresnoar.com\/floresnoar\/wp-content\/uploads\/2021\/11\/banho-de-ervas-ano-novo-300x300.jpeg 300w, https:\/\/portalfloresnoar.com\/floresnoar\/wp-content\/uploads\/2021\/11\/banho-de-ervas-ano-novo-768x768.jpeg 768w, https:\/\/portalfloresnoar.com\/floresnoar\/wp-content\/uploads\/2021\/11\/banho-de-ervas-ano-novo-100x100.jpeg 100w, https:\/\/portalfloresnoar.com\/floresnoar\/wp-content\/uploads\/2021\/11\/banho-de-ervas-ano-novo.jpeg 1080w\" sizes=\"(max-width: 518px) 100vw, 518px\" \/><\/p>\n<p>Que tal come\u00e7ar 2022 com as energias liberadas para um ano mais equilibrado fisicamente e emocionalmente? A terapeuta S\u00edlvia Garcia est\u00e1 oferecendo o programa &#8216;O Banho da Virada&#8217;, com o intuito de promover a renova\u00e7\u00e3o das energias, atrav\u00e9s de banhos de ervas e flores. As sess\u00f5es acontecem no Espa\u00e7o Terap\u00eautico S\u00edlvia Garcia, localizado no bairro das Gra\u00e7as, no Recife.<\/p>\n<p>&#8220;Com as flores e as ervas de cura e poder despertamos a nossa consci\u00eancia para realizarmos os nossos desejos com amor, otimismo e responsabilidade, come\u00e7ando o novo ano com muita positividade, tranquilidade e boas vibra\u00e7\u00f5es&#8221;, conta S\u00edlvia. O Programa consiste em 3 banhos com o prop\u00f3sito de:<br \/>\nPurificar, Equilibrar e Sintonizar.<\/p>\n<p><strong>Investimento (incluindo as tr\u00eas sess\u00f5es):<\/strong> R$ 450,00<br \/>\n<em>Obs.: Cada sess\u00e3o custa R$ 150,00<\/em><\/p>\n<p><strong>Local de atendimento:<\/strong>\u00a0Espa\u00e7o Terap\u00eautico S\u00edlvia Garcia &#8211; Rua do Cupim, 259, sala 203, Gra\u00e7as, Recife\/PE.<\/p>\n<p>AGENDAMENTOS E MAIS INFORMA\u00c7\u00d5ES<br \/>\n<strong>WhatsApp:<\/strong>\u00a0(81) 99900.8769<br \/>\n<strong>Instagram:<\/strong>\u00a0<a href=\"https:\/\/www.instagram.com\/silvia.vieira.garcia\/\" target=\"_blank\" rel=\"noopener\">@silvia.vieira.garcia<\/a><\/p>\n","protected":false},"excerpt":{"rendered":"<p>Que tal come\u00e7ar 2022 com as energias liberadas para um ano mais equilibrado fisicamente e emocionalmente? A terapeuta S\u00edlvia Garcia est\u00e1 oferecendo o programa &#8216;O Banho da Virada&#8217;, com o intuito de promover a renova\u00e7\u00e3o das energias, atrav\u00e9s de banhos de ervas e flores. As sess\u00f5es acontecem no Espa\u00e7o Terap\u00eautico S\u00edlvia Garcia, localizado no bairro [&hellip;]<\/p>\n","protected":false},"author":1,"featured_media":40502,"comment_status":"open","ping_status":"open","sticky":false,"template":"","format":"standard","meta":{"om_disable_all_campaigns":false,"_monsterinsights_skip_tracking":false,"_monsterinsights_sitenote_active":false,"_monsterinsights_sitenote_note":"","_monsterinsights_sitenote_category":0,"footnotes":""},"categories":[8,214],"tags":[388,962,75,326],"acf":[],"publishpress_future_action":{"enabled":false,"date":"1969-12-31 21:00:00","action":"","terms":[],"taxonomy":"","browser_timezone_offset":0},"_links":{"self":[{"href":"https:\/\/portalfloresnoar.com\/floresnoar\/wp-json\/wp\/v2\/posts\/40500"}],"collection":[{"href":"https:\/\/portalfloresnoar.com\/floresnoar\/wp-json\/wp\/v2\/posts"}],"about":[{"href":"https:\/\/portalfloresnoar.com\/floresnoar\/wp-json\/wp\/v2\/types\/post"}],"author":[{"embeddable":true,"href":"https:\/\/portalfloresnoar.com\/floresnoar\/wp-json\/wp\/v2\/users\/1"}],"replies":[{"embeddable":true,"href":"https:\/\/portalfloresnoar.com\/floresnoar\/wp-json\/wp\/v2\/comments?post=40500"}],"version-history":[{"count":0,"href":"https:\/\/portalfloresnoar.com\/floresnoar\/wp-json\/wp\/v2\/posts\/40500\/revisions"}],"wp:featuredmedia":[{"embeddable":true,"href":"https:\/\/portalfloresnoar.com\/floresnoar\/wp-json\/wp\/v2\/media\/40502"}],"wp:attachment":[{"href":"https:\/\/portalfloresnoar.com\/floresnoar\/wp-json\/wp\/v2\/media?parent=40500"}],"wp:term":[{"taxonomy":"category","embeddable":true,"href":"https:\/\/portalfloresnoar.com\/floresnoar\/wp-json\/wp\/v2\/categories?post=40500"},{"taxonomy":"post_tag","embeddable":true,"href":"https:\/\/portalfloresnoar.com\/floresnoar\/wp-json\/wp\/v2\/tags?post=40500"}],"curies":[{"name":"wp","href":"https:\/\/api.w.org\/{rel}","templated":true}]}}